{"id":262420,"date":"2025-07-21T03:00:10","date_gmt":"2025-07-21T03:00:10","guid":{"rendered":"https:\/\/www.europesays.com\/fr\/262420\/"},"modified":"2025-07-21T03:00:10","modified_gmt":"2025-07-21T03:00:10","slug":"en-nouvelle-caledonie-laccord-de-bougival-divise-le-monde-independantiste-mediapart","status":"publish","type":"post","link":"https:\/\/www.europesays.com\/fr\/262420\/","title":{"rendered":"En Nouvelle-Cal\u00e9donie, l\u2019accord de Bougival divise le monde ind\u00e9pendantiste &#8211; Mediapart"},"content":{"rendered":"<ol>\n<li><a href=\"https:\/\/news.google.com\/rss\/articles\/CBMivgFBVV95cUxPX2ZGemJRYzdwYTdnX3ZiNjROR0ZJSGl6MXdYZmlKT3FJVFg3Vklwa3g5bEVQQlRnanA2Ym9sNXJHTFNMODI0RnNvOXhhN0t0X3ZlQXJfNGVPdmhwUm5BR1VMS0xIa3UyWE5xZzFzRGdyb3ZyWGNDQlhBbzBkQ01mb21aa280NThGa1FNVUYwUld1MEtxajdmVnN0WVVVLXN5aElDRGJ6cEMxdG16ajB4ZlpwZ0tMLXZRMWpfb1p3?oc=5\" target=\"_blank\" rel=\"noopener\">En Nouvelle-Cal\u00e9donie, l\u2019accord de Bougival divise le monde ind\u00e9pendantiste<\/a>&nbsp;&nbsp;Mediapart<\/li>\n<li><a href=\"https:\/\/news.google.com\/rss\/articles\/CBMixgFBVV95cUxPUWtoTHg0UGhmT0JTdmk3YS1tZU5La242RE80WVU1Wldzb0k4aVNCa1IwMU9uc0tRSDJNSUxwakdHbHl1M3UtSktzSXdEWWgzQVpyUUNMREVvUHV0OE5qTjc5emE2YnZHM0xvcXhEUF9zc0lYRnk5MnA3a3RaR3A5Z0lfUjM2RF8xQ3k5aGdSN1JrZy1tbmhwSXpYbVphZl9BWlB0WWdUMFBnRUVSdFpRZkc0Wk1kSzJUQlEzUGhncFd4cjRuV1E?oc=5\" target=\"_blank\" rel=\"noopener\">Nouvelle-Cal\u00e9donie : le projet d\u2019accord bouscule le FLNKS<\/a>&nbsp;&nbsp;Le Monde.fr<\/li>\n<li><a href=\"https:\/\/news.google.com\/rss\/articles\/CBMitAFBVV95cUxOWjFUc3lnX2hrVnU5V1FvMWQ1SEdPRXJjTmRtTEdvQWtJTHBjRnlRZmppVENjeGZxeVlKZnZzU3NJV2NrU3pkd1N4SGpOYkNIeUI0S2RmRU9rcnB2ekpzamNqN2pVVFpXb0JaMm9lWWJ2elZicVAwTFlFWHRnbmVveUpEdlBlb1hPc3JIa20tcFBYOVhCSV9WVXJLa2VaUXJORXVIZ1ZKbU9UOVlub1NqVV9oRFk?oc=5\" target=\"_blank\" rel=\"noopener\">Nouvelle-Cal\u00e9donie : Moscou sourit et Bakou jubile<\/a>&nbsp;&nbsp;Courrier international<\/li>\n<li><a href=\"https:\/\/news.google.com\/rss\/articles\/CBMi4wFBVV95cUxNOTBPaFM3dkhEcUhoTzBEV0NwS2I2QVd2bTgwTFVaeU50Z2p4TUswaG1PeDRuYjFPSHpobGNmN0tUbXUyTjRneU8yVW5LVWtLQXg0enFGbGw2bXc1QkpPbDNJZUFKUHI3eE5qQXE2V2djT0NHbHF6Qm9aWEdmYVFlQ0lrSVFsLUdWTUJmbHgydUFGMVd3aTMwd3VlQ2plSjlUaERMQllTXzVXdFhyaEtoeV84NWpxa1Rnb2JlYnBHSnRJVldfTnRhTURENnlsa01rRmNtUnk0T202YWRSM2Z5MjBoOA?oc=5\" target=\"_blank\" rel=\"noopener\">Avec l\u2019accord de Bougival, la crainte d\u2019une \u00ab perte \u00bb de la Nouvelle-Cal\u00e9donie est-elle fond\u00e9e ?<\/a>&nbsp;&nbsp;Le HuffPost<\/li>\n<li><a href=\"https:\/\/news.google.com\/rss\/articles\/CBMi5wFBVV95cUxNNVNhTnViNGVteVd0V2UwcVZDTXlSM3hBMldobVhKRFFnLTBSUGtvZm1CNEJ6bkVQaXoxd2IwY3h1b1ZIbDJxejJPa3NhcUJ4YV90RF9UaGJYQlIwUDZfeVItY3Yza3kxSXhBZU1BWXJLUW04bUZJb1FSR1dxVjFBS2JwRS1kRFNPRTJlNHRqZ192QjRNZDRGMjkwQ0V0MVZHWWFoYW9Td1ltMkVacnhjSVFuT1hEdjhIUnBwQ19rcWhBZFBpVUJ1VEo3WWFYc0dGVTdvZTZPeDFrOGRKcmE1YzNrd2ZYdVE?oc=5\" target=\"_blank\" rel=\"noopener\">Nouvelle-Cal\u00e9donie : apr\u00e8s la signature du projet d&rsquo;accord &lsquo;historique&rsquo; de Bougival, le parti Cal\u00e9donie ensemble doit le d\u00e9fendre aupr\u00e8s de la population<\/a>&nbsp;&nbsp;tv5monde<\/li>\n<\/ol>\n","protected":false},"excerpt":{"rendered":"En Nouvelle-Cal\u00e9donie, l\u2019accord de Bougival divise le monde ind\u00e9pendantiste&nbsp;&nbsp;Mediapart Nouvelle-Cal\u00e9donie : le projet d\u2019accord bouscule le FLNKS&nbsp;&nbsp;Le Monde.fr&hellip;\n","protected":false},"author":2,"featured_media":262421,"comment_status":"","ping_status":"","sticky":false,"template":"","format":"standard","meta":{"footnotes":""},"categories":[4],"tags":[40219,11,1011,27,40220,12,23874,4166,25],"class_list":{"0":"post-262420","1":"post","2":"type-post","3":"status-publish","4":"format-standard","5":"has-post-thumbnail","7":"category-france","8":"tag-accord-de-bougival","9":"tag-actualites","10":"tag-fr","11":"tag-france","12":"tag-kanaky","13":"tag-news","14":"tag-nouvelle-caledonie","15":"tag-outre-mer","16":"tag-republique-francaise"},"share_on_mastodon":{"url":"","error":""},"_links":{"self":[{"href":"https:\/\/www.europesays.com\/fr\/wp-json\/wp\/v2\/posts\/262420","targetHints":{"allow":["GET"]}}],"collection":[{"href":"https:\/\/www.europesays.com\/fr\/wp-json\/wp\/v2\/posts"}],"about":[{"href":"https:\/\/www.europesays.com\/fr\/wp-json\/wp\/v2\/types\/post"}],"author":[{"embeddable":true,"href":"https:\/\/www.europesays.com\/fr\/wp-json\/wp\/v2\/users\/2"}],"replies":[{"embeddable":true,"href":"https:\/\/www.europesays.com\/fr\/wp-json\/wp\/v2\/comments?post=262420"}],"version-history":[{"count":0,"href":"https:\/\/www.europesays.com\/fr\/wp-json\/wp\/v2\/posts\/262420\/revisions"}],"wp:featuredmedia":[{"embeddable":true,"href":"https:\/\/www.europesays.com\/fr\/wp-json\/wp\/v2\/media\/262421"}],"wp:attachment":[{"href":"https:\/\/www.europesays.com\/fr\/wp-json\/wp\/v2\/media?parent=262420"}],"wp:term":[{"taxonomy":"category","embeddable":true,"href":"https:\/\/www.europesays.com\/fr\/wp-json\/wp\/v2\/categories?post=262420"},{"taxonomy":"post_tag","embeddable":true,"href":"https:\/\/www.europesays.com\/fr\/wp-json\/wp\/v2\/tags?post=262420"}],"curies":[{"name":"wp","href":"https:\/\/api.w.org\/{rel}","templated":true}]}}