{"id":262422,"date":"2025-07-21T03:01:22","date_gmt":"2025-07-21T03:01:22","guid":{"rendered":"https:\/\/www.europesays.com\/fr\/262422\/"},"modified":"2025-07-21T03:01:22","modified_gmt":"2025-07-21T03:01:22","slug":"guet-apens-violences-appartement-incendie-que-sest-il-passe-dans-le-quartier-de-la-deveze","status":"publish","type":"post","link":"https:\/\/www.europesays.com\/fr\/262422\/","title":{"rendered":"Guet-apens, violences, appartement incendi\u00e9\u2026 Que s\u2019est-il pass\u00e9 dans le quartier de la Dev\u00e8ze\u00a0?"},"content":{"rendered":"<p>Soir\u00e9e de violence \u00e0 <a href=\"https:\/\/www.20minutes.fr\/societe\/beziers\/\" class=\"color-ultramarine c-link\" target=\"_blank\" rel=\"noopener\">B\u00e9ziers<\/a> (H\u00e9rault). Un guet-apens tendu aux pompiers et aux forces de l\u2019ordre a d\u00e9g\u00e9n\u00e9r\u00e9 samedi soir dans le quartier sensible de la Dev\u00e8ze, faisant un bless\u00e9 parmi les policiers et provoquant l\u2019incendie d\u2019un appartement touch\u00e9 par un mortier d\u2019artifice. La police comme le parquet parlent d\u2019un pi\u00e8ge tendu aux forces de l\u2019ordre, dans la nuit de samedi \u00e0 dimanche, dans ce quartier paup\u00e9ris\u00e9 gangren\u00e9 par le trafic de stup\u00e9fiants.<\/p>\n<p>Les fauteurs de trouble \u00ab\u00a0ont contact\u00e9 eux-m\u00eames les pompiers pour un feu de poubelle (et) ils \u00e9taient pr\u00e8s d\u2019une cinquantaine, dont certains sur les toits des immeubles\u00a0\u00bb, \u00e0 leur arriv\u00e9e, a rapport\u00e9 \u00e0 l\u2019AFP le commissaire Eric Agniel. Les <a href=\"https:\/\/www.20minutes.fr\/dossier\/pompiers\" class=\"color-ultramarine c-link\" target=\"_blank\" rel=\"noopener\">pompiers<\/a> ont alors contact\u00e9 la police, entra\u00eenant l\u2019arriv\u00e9e de plusieurs membres de la brigade anticriminalit\u00e9 qui se sont retrouv\u00e9s \u00ab\u00a0pi\u00e9g\u00e9s par des individus\u00a0\u00bb, poursuit-il. Ce qu\u2019il qualifie d&rsquo;\u00ab\u00a0\u00e9meute\u00a0\u00bb a finalement \u00e9t\u00e9 stopp\u00e9 \u00e0 la suite de l\u2019embrasement d\u2019un appartement, touch\u00e9 par un tir de mortier d\u2019artifice pendant ces <a href=\"https:\/\/www.20minutes.fr\/monde\/violences\/\" class=\"color-ultramarine c-link\" target=\"_blank\" rel=\"noopener\">violences<\/a>.<\/p>\n<p>Un appartement totalement d\u00e9truit<\/p>\n<p>\u00ab\u00a0Le mortier a embras\u00e9 l\u2019appartement et a n\u00e9cessit\u00e9 le sauvetage au moyen de l\u2019\u00e9chelle d\u2019une personne bloqu\u00e9e au 4e et d\u2019autres personnes r\u00e9fugi\u00e9es sur le toit. Les secours ont d\u00fb intervenir dans une situation tendue, sous protection des forces de s\u00e9curit\u00e9 int\u00e9rieure\u00a0\u00bb, ont pr\u00e9cis\u00e9 les sapeurs-pompiers de l\u2019<a href=\"https:\/\/www.20minutes.fr\/societe\/herault\/\" class=\"color-ultramarine c-link\" target=\"_blank\" rel=\"noopener\">H\u00e9rault<\/a>. Le sinistre a totalement d\u00e9truit l\u2019appartement de 130 m2 o\u00f9 vivait une dame avec ses trois enfants majeurs, sans faire d\u2019autre victime que le chat. Une dizaine d\u2019occupants de l\u2019immeuble au total ont \u00e9t\u00e9 \u00e9vacu\u00e9s.<\/p>\n<p>Sur Facebook, la municipalit\u00e9, dirig\u00e9e par <a href=\"https:\/\/www.20minutes.fr\/dossier\/robert_menard\" class=\"color-ultramarine c-link\" target=\"_blank\" rel=\"noopener\">Robert M\u00e9nard<\/a>, anciennement proche des figures de l\u2019extr\u00eame droite <a href=\"https:\/\/www.20minutes.fr\/politique\/marine-le-pen\/\" class=\"color-ultramarine c-link\" target=\"_blank\" rel=\"noopener\">Marine Le Pen<\/a> et <a href=\"https:\/\/www.20minutes.fr\/dossier\/eric_zemmour\" class=\"color-ultramarine c-link\" target=\"_blank\" rel=\"noopener\">Eric Zemmour<\/a>, a annonc\u00e9 avoir relog\u00e9 la famille sinistr\u00e9e, qualifiant ces violences d&rsquo;\u00ab\u00a0inadmissibles\u00a0\u00bb. Un policier a \u00e9t\u00e9 l\u00e9g\u00e8rement bless\u00e9 au mollet, \u00e9galement par un tir de mortier, pr\u00e9cise de son c\u00f4t\u00e9 le commissaire Agniel.<\/p>\n<p>Pour le procureur de la R\u00e9publique de B\u00e9ziers, Rapha\u00ebl Balland, \u00ab\u00a0ces faits seront susceptibles d\u2019\u00eatre qualifi\u00e9s de violences avec arme, dans le cadre d\u2019un guet-apens, et sur personne d\u00e9positaire de l\u2019autorit\u00e9 publique, (et) de destruction volontaire par incendie du bien d\u2019autrui, et font encourir 10 ans d\u2019emprisonnement \u00e0 leurs auteurs\u00a0\u00bb.<\/p>\n<p>Un couvre-feu pour mineurs<\/p>\n<p>Le magistrat confirme que ces \u00e9v\u00e9nements \u00ab\u00a0sont probablement en rapport avec une s\u00e9rie d\u2019interpellations de petits revendeurs et la saisie d\u2019une importante quantit\u00e9 de stup\u00e9fiants ces derniers jours dans ce quartier\u00a0\u00bb. Un mineur soup\u00e7onn\u00e9 de revendre des stup\u00e9fiants avait ainsi \u00e9t\u00e9 d\u00e9f\u00e9r\u00e9 samedi devant le juge des enfants, un second devait l\u2019\u00eatre dimanche et un majeur sera jug\u00e9 en comparution imm\u00e9diate lundi, a soulign\u00e9 le procureur.<\/p>\n<p>S\u2019agissant des violences de la nuit, aucune interpellation n\u2019a eu lieu \u00e0 ce stade, selon le magistrat, qui a souhait\u00e9 rappeler que \u00ab\u00a0tous ceux qui participent de pr\u00e8s ou de loin \u00e0 ces trafics de stup\u00e9fiants, en particulier les consommateurs, ont leur part de responsabilit\u00e9\u00a0\u00bb. Depuis quelques ann\u00e9es, des villes moyennes comme B\u00e9ziers ou <a href=\"https:\/\/www.20minutes.fr\/dossier\/nimes\" class=\"color-ultramarine c-link\" target=\"_blank\" rel=\"noopener\">N\u00eemes<\/a> dans le d\u00e9partement voisin du Gard sont rattrap\u00e9es par ce fl\u00e9au du narcotrafic, avec un niveau de violences jusqu\u2019alors r\u00e9serv\u00e9 \u00e0 <a href=\"https:\/\/www.20minutes.fr\/marseille\/\" class=\"color-ultramarine c-link\" target=\"_blank\" rel=\"noopener\">Marseille<\/a>, \u00e9picentre du narco-banditisme dans le sud de la France.<\/p>\n<\/p>\n<p>A N\u00eemes, apr\u00e8s une succession d\u2019actes criminels graves, le pr\u00e9fet a annonc\u00e9 des renforts policiers et la mairie vient de d\u00e9cider d\u2019un couvre-feu pour 15 jours d\u00e8s lundi pour les moins de 16 ans \u00e0 partir de 21 heures. Cette mesure de restriction est d\u00e9j\u00e0 en vigueur \u00e0 B\u00e9ziers pour les moins de 15 ans \u00e0 partir de 23h00, pour la deuxi\u00e8me ann\u00e9e cons\u00e9cutive. Au printemps\u00a02024, dans ce m\u00eame quartier de la Dev\u00e8ze un jeune de 19 ans avait \u00e9t\u00e9 tu\u00e9 pr\u00e8s d\u2019un point de deal, \u00e9cras\u00e9 par un v\u00e9hicule qui l\u2019avait tra\u00een\u00e9 sur plusieurs dizaines de m\u00e8tres.<\/p>\n","protected":false},"excerpt":{"rendered":"Soir\u00e9e de violence \u00e0 B\u00e9ziers (H\u00e9rault). Un guet-apens tendu aux pompiers et aux forces de l\u2019ordre a d\u00e9g\u00e9n\u00e9r\u00e9&hellip;\n","protected":false},"author":2,"featured_media":262423,"comment_status":"","ping_status":"","sticky":false,"template":"","format":"standard","meta":{"footnotes":""},"categories":[2],"tags":[47,11,37552,1052,118,1011,27,2679,7089,2681,813,12,2682,2680,19838,809],"class_list":{"0":"post-262422","1":"post","2":"type-post","3":"status-publish","4":"format-standard","5":"has-post-thumbnail","7":"category-actualites","8":"tag-actualite","9":"tag-actualites","10":"tag-beziers","11":"tag-drogue","12":"tag-faits-divers","13":"tag-fr","14":"tag-france","15":"tag-gard","16":"tag-herault","17":"tag-languedoc-roussillon","18":"tag-narcotrafiquants","19":"tag-news","20":"tag-nimes","21":"tag-occitanie","22":"tag-robert-menard","23":"tag-violence"},"share_on_mastodon":{"url":"https:\/\/pubeurope.com\/@fr\/114888997772007112","error":""},"_links":{"self":[{"href":"https:\/\/www.europesays.com\/fr\/wp-json\/wp\/v2\/posts\/262422","targetHints":{"allow":["GET"]}}],"collection":[{"href":"https:\/\/www.europesays.com\/fr\/wp-json\/wp\/v2\/posts"}],"about":[{"href":"https:\/\/www.europesays.com\/fr\/wp-json\/wp\/v2\/types\/post"}],"author":[{"embeddable":true,"href":"https:\/\/www.europesays.com\/fr\/wp-json\/wp\/v2\/users\/2"}],"replies":[{"embeddable":true,"href":"https:\/\/www.europesays.com\/fr\/wp-json\/wp\/v2\/comments?post=262422"}],"version-history":[{"count":0,"href":"https:\/\/www.europesays.com\/fr\/wp-json\/wp\/v2\/posts\/262422\/revisions"}],"wp:featuredmedia":[{"embeddable":true,"href":"https:\/\/www.europesays.com\/fr\/wp-json\/wp\/v2\/media\/262423"}],"wp:attachment":[{"href":"https:\/\/www.europesays.com\/fr\/wp-json\/wp\/v2\/media?parent=262422"}],"wp:term":[{"taxonomy":"category","embeddable":true,"href":"https:\/\/www.europesays.com\/fr\/wp-json\/wp\/v2\/categories?post=262422"},{"taxonomy":"post_tag","embeddable":true,"href":"https:\/\/www.europesays.com\/fr\/wp-json\/wp\/v2\/tags?post=262422"}],"curies":[{"name":"wp","href":"https:\/\/api.w.org\/{rel}","templated":true}]}}