{"id":262424,"date":"2025-07-21T03:03:25","date_gmt":"2025-07-21T03:03:25","guid":{"rendered":"https:\/\/www.europesays.com\/fr\/262424\/"},"modified":"2025-07-21T03:03:25","modified_gmt":"2025-07-21T03:03:25","slug":"asse-romain-molina-met-une-grosse-pression-sur-les-epaules-des-verts","status":"publish","type":"post","link":"https:\/\/www.europesays.com\/fr\/262424\/","title":{"rendered":"ASSE : Romain Molina met une grosse pression sur les \u00e9paules des Verts"},"content":{"rendered":"<p><strong>L\u2019ASSE n\u2019a pas le choix : elle doit imp\u00e9rativement finir championne de Ligue 2 cette saison, a pr\u00e9venu Romain Molina.<\/strong><\/p>\n<p>Lors d\u2019un <a href=\"https:\/\/www.youtube.com\/watch?v=MVagAomv1OU\" rel=\"noreferrer noopener nofollow\" target=\"_blank\">entretien accord\u00e9 \u00e0 Farid Rouas<\/a>, Romain Molina n\u2019a pas m\u00e2ch\u00e9 ses mots concernant l\u2019AS Saint-\u00c9tienne. Pour le journaliste, le club st\u00e9phanois doit imp\u00e9rativement remporter la Ligue 2 cette saison, au vu de ses ressources financi\u00e8res bien sup\u00e9rieures aux autres concurrents.<\/p>\n<p>\u00ab\u00a0Ils ne peuvent pas ne pas \u00eatre champions\u00a0\u00bb<\/p>\n<p>Il insiste: \u00ab Saint-\u00c9tienne a mis les moyens cette ann\u00e9e et ils se sont plant\u00e9s lamentablement. Est-ce que c\u2019est normal avec les moyens qu\u2019ils avaient dans une Ligue 1 pareille que Saint-\u00c9tienne descende en terminant avant-dernier ? \u00bb<\/p>\n<p>Selon lui, l\u2019\u00e9cart budg\u00e9taire est tel qu\u2019un autre r\u00e9sultat qu\u2019un titre serait inacceptable. Il \u00e9voque un championnat globalement affaibli, sans grosses cylindr\u00e9es comparables aux ann\u00e9es pr\u00e9c\u00e9dentes. \u00ab La saison derni\u00e8re, il y avait quand m\u00eame des clubs comme Lorient, Metz, le Paris FC. L\u00e0 cette ann\u00e9e tu as quoi ? \u00bb Et d\u2019affirmer sans d\u00e9tour : \u00ab Si Saint-\u00c9tienne n\u2019est pas champion cette ann\u00e9e, c\u2019est un scandale ! Compare le budget de Saint-\u00c9tienne et des autres, ils ne peuvent pas ne pas \u00eatre champions \u00bb, rapporte <a href=\"https:\/\/www.envertetcontretous.fr\/articles\/molina-qsi-l-asse-n-est-pas-championne-de-l2-c-est-un-scandale-q-69409-1.html\" rel=\"noreferrer noopener nofollow\" target=\"_blank\">EVECT<\/a>.<\/p>\n<p>L\u2019ASSE en Ligue 2, une anomalie pour Romain Molina<\/p>\n<p>Dans un contexte o\u00f9 la majorit\u00e9 des clubs luttent pour leur survie, Molina estime que l\u2019ASSE fait figure d\u2019exception : \u00ab La Ligue 2 cette ann\u00e9e, la plupart des clubs vont vouloir ne pas descendre. \u00bb Il cite tout de m\u00eame quelques outsiders : \u00ab Il y a Reims aussi m\u00eame si on ne sait pas trop. Il y a Guingamp peut-\u00eatre aussi et des clubs qui essayent comme Annecy, qui a fait une saison exceptionnelle, Laval qui a fait deux tr\u00e8s belles saisons. \u00bb<\/p>\n<p>En conclusion, pour Molina, voir l\u2019ASSE encore en Ligue 2 avec de tels moyens financiers n\u2019est pas normal, et il n\u2019a aucun doute sur l\u2019objectif : \u00ab Ce n\u2019est pas normal quand je vois des clubs comme Saint-\u00c9tienne \u00eatre en Ligue 2, surtout vu les moyens. \u00bb<\/p>\n","protected":false},"excerpt":{"rendered":"L\u2019ASSE n\u2019a pas le choix : elle doit imp\u00e9rativement finir championne de Ligue 2 cette saison, a pr\u00e9venu&hellip;\n","protected":false},"author":2,"featured_media":262425,"comment_status":"","ping_status":"","sticky":false,"template":"","format":"standard","meta":{"footnotes":""},"categories":[9653],"tags":[1111,11,2430,448,1777,674,63,1011,27,66,3388,12,25,4001,10662],"class_list":{"0":"post-262424","1":"post","2":"type-post","3":"status-publish","4":"format-standard","5":"has-post-thumbnail","7":"category-saint-etienne","8":"tag-actu","9":"tag-actualites","10":"tag-auvergne-rhone-alpes","11":"tag-champions-league","12":"tag-eu","13":"tag-europe","14":"tag-football","15":"tag-fr","16":"tag-france","17":"tag-ligue-1","18":"tag-matchs","19":"tag-news","20":"tag-republique-francaise","21":"tag-saint-etienne","22":"tag-transferts"},"share_on_mastodon":{"url":"https:\/\/pubeurope.com\/@fr\/114889005612150710","error":""},"_links":{"self":[{"href":"https:\/\/www.europesays.com\/fr\/wp-json\/wp\/v2\/posts\/262424","targetHints":{"allow":["GET"]}}],"collection":[{"href":"https:\/\/www.europesays.com\/fr\/wp-json\/wp\/v2\/posts"}],"about":[{"href":"https:\/\/www.europesays.com\/fr\/wp-json\/wp\/v2\/types\/post"}],"author":[{"embeddable":true,"href":"https:\/\/www.europesays.com\/fr\/wp-json\/wp\/v2\/users\/2"}],"replies":[{"embeddable":true,"href":"https:\/\/www.europesays.com\/fr\/wp-json\/wp\/v2\/comments?post=262424"}],"version-history":[{"count":0,"href":"https:\/\/www.europesays.com\/fr\/wp-json\/wp\/v2\/posts\/262424\/revisions"}],"wp:featuredmedia":[{"embeddable":true,"href":"https:\/\/www.europesays.com\/fr\/wp-json\/wp\/v2\/media\/262425"}],"wp:attachment":[{"href":"https:\/\/www.europesays.com\/fr\/wp-json\/wp\/v2\/media?parent=262424"}],"wp:term":[{"taxonomy":"category","embeddable":true,"href":"https:\/\/www.europesays.com\/fr\/wp-json\/wp\/v2\/categories?post=262424"},{"taxonomy":"post_tag","embeddable":true,"href":"https:\/\/www.europesays.com\/fr\/wp-json\/wp\/v2\/tags?post=262424"}],"curies":[{"name":"wp","href":"https:\/\/api.w.org\/{rel}","templated":true}]}}