{"id":262426,"date":"2025-07-21T03:06:09","date_gmt":"2025-07-21T03:06:09","guid":{"rendered":"https:\/\/www.europesays.com\/fr\/262426\/"},"modified":"2025-07-21T03:06:09","modified_gmt":"2025-07-21T03:06:09","slug":"on-sait-ce-que-va-devenir-lancien-foyer-de-jeunes-travailleurs-de-toulon","status":"publish","type":"post","link":"https:\/\/www.europesays.com\/fr\/262426\/","title":{"rendered":"On sait ce que va devenir l\u2019ancien foyer de jeunes travailleurs de Toulon"},"content":{"rendered":"<p>Seul changement visible pour l\u2019instant: un grand panneau de bois scelle l\u2019entr\u00e9e de l\u2019ancien foyer de jeunes travailleurs, situ\u00e9 au 11, place d\u2019Armes. Depuis le 1er juillet dernier, l\u2019\u00e9tablissement g\u00e9r\u00e9 par l\u2019association Umane, anciennement Adapei Var M\u00e9diterran\u00e9e, a d\u00e9finitivement ferm\u00e9 ses portes. Apr\u00e8s une importante p\u00e9riode de travaux, qui pourraient ne pas d\u00e9marrer cette ann\u00e9e, c\u2019est une r\u00e9sidence \u00e9tudiante qui devrait ouvrir \u00e0 sa place, \u00e0 l\u2019horizon 2027 ou 2028.<\/p>\n<p>\u00ab\u00a0\u00c7a fait d\u00e9j\u00e0 longtemps que le mod\u00e8le \u00e9conomique du foyer de jeunes travailleurs ne fonctionnait plus\u00a0\u00bb, explique Alexandre Muller, directeur g\u00e9n\u00e9ral d\u2019Umane, structure de l\u2019\u00e9conomie solidaire bas\u00e9e \u00e0 La Valette. \u00ab\u00a0On s\u2019est donc rapproch\u00e9 d\u2019un gros bailleur social et on a lanc\u00e9, avec lui, un projet de r\u00e9sidence \u00e9tudiante. On lui transf\u00e9rera la gestion. L\u2019id\u00e9e est bien de rester dans la philosophie initiale d\u2019offrir \u00e0 des jeunes des solutions d\u2019h\u00e9bergement.\u00a0\u00bb<\/p>\n<p>La Ville, qui souhaite r\u00e9habiliter le secteur de la place d\u2019Armes, et le D\u00e9partement, propri\u00e9taire des murs, avec qui Umane est li\u00e9 par un bail emphyt\u00e9otique, soutiennent l\u2019op\u00e9ration. Celle-ci consistera \u00e0 reprendre et moderniser enti\u00e8rement le b\u00e2timent de six \u00e9tages, afin d\u2019y am\u00e9nager une quarantaine de studios avec kitchenette \u2013 contre 76 chambres jusqu\u2019alors \u2013 ainsi que des bureaux et un espace collectif. La fin d\u2019une histoire? Plut\u00f4t \u00ab\u00a0sa continuit\u00e9\u00a0\u00bb, pr\u00e9f\u00e8re y voir Alexandre Muller.<\/p>\n<p>Jadis un foyer de jeunes filles<\/p>\n<p>\u00c0 cet endroit, en 1923, avait \u00e9t\u00e9 ouvert un foyer de la jeune fille par des aum\u00f4niers de l\u2019\u00c9glise m\u00e9thodiste am\u00e9ricaine. Le but \u00e9tait alors d\u2019arracher au trottoir les personnes fragiles happ\u00e9es par la prostitution dans les bas quartiers de la ville. En 1930, l\u2019\u00c9glise r\u00e9form\u00e9e de Toulon avait h\u00e9rit\u00e9 des lieux, transform\u00e9s en foyer de jeunes travailleurs en 1965. Ce n\u2019est qu\u2019en 2018, lorsqu\u2019elle a fusionn\u00e9 avec l\u2019association d\u2019entraide protestante de Toulon, que l\u2019Adapei a repris sa gestion.<\/p>\n<p>Rebaptis\u00e9 Central\u2019Place, le foyer avait donc pour vocation de recevoir une petite centaine de travailleurs et apprentis en situation de pr\u00e9carit\u00e9, \u00e2g\u00e9s de 16 \u00e0 25 ans. Ce public pouvait y b\u00e9n\u00e9ficier d\u2019un accompagnement vers l\u2019insertion sociale et professionnelle. Jusqu\u2019\u00e0 la cessation de l\u2019activit\u00e9, il y a quelques mois.<\/p>\n<p>\u00ab\u00a0Malgr\u00e9 des travaux d\u2019am\u00e9nagement pour rendre l\u2019endroit plus attractif, il restait structurellement d\u00e9ficitaire\u00a0\u00bb, justifie Alexandre Muller. \u00ab\u00a0La configuration du b\u00e2timent n\u2019\u00e9tait pas simple. Il y avait notamment beaucoup de chambres doubles, sans coin cuisine, ce qui n\u2019est plus gu\u00e8re dans l\u2019air du temps\u00a0\u00bb. Au contraire de l\u2019accueil des \u00e9tudiants, dont le nombre ne cesse de cro\u00eetre \u00e0 Toulon ann\u00e9e apr\u00e8s ann\u00e9e.<\/p>\n","protected":false},"excerpt":{"rendered":"Seul changement visible pour l\u2019instant: un grand panneau de bois scelle l\u2019entr\u00e9e de l\u2019ancien foyer de jeunes travailleurs,&hellip;\n","protected":false},"author":2,"featured_media":262427,"comment_status":"","ping_status":"","sticky":false,"template":"","format":"standard","meta":{"footnotes":""},"categories":[9619],"tags":[1111,11,1777,674,1011,27,12,882,25,2310,1352,3366],"class_list":{"0":"post-262426","1":"post","2":"type-post","3":"status-publish","4":"format-standard","5":"has-post-thumbnail","7":"category-toulon","8":"tag-actu","9":"tag-actualites","10":"tag-eu","11":"tag-europe","12":"tag-fr","13":"tag-france","14":"tag-news","15":"tag-provence-alpes-cote-dazur","16":"tag-republique-francaise","17":"tag-toulon","18":"tag-urbanisme","19":"tag-vie-locale"},"share_on_mastodon":{"url":"https:\/\/pubeurope.com\/@fr\/114889017530405528","error":""},"_links":{"self":[{"href":"https:\/\/www.europesays.com\/fr\/wp-json\/wp\/v2\/posts\/262426","targetHints":{"allow":["GET"]}}],"collection":[{"href":"https:\/\/www.europesays.com\/fr\/wp-json\/wp\/v2\/posts"}],"about":[{"href":"https:\/\/www.europesays.com\/fr\/wp-json\/wp\/v2\/types\/post"}],"author":[{"embeddable":true,"href":"https:\/\/www.europesays.com\/fr\/wp-json\/wp\/v2\/users\/2"}],"replies":[{"embeddable":true,"href":"https:\/\/www.europesays.com\/fr\/wp-json\/wp\/v2\/comments?post=262426"}],"version-history":[{"count":0,"href":"https:\/\/www.europesays.com\/fr\/wp-json\/wp\/v2\/posts\/262426\/revisions"}],"wp:featuredmedia":[{"embeddable":true,"href":"https:\/\/www.europesays.com\/fr\/wp-json\/wp\/v2\/media\/262427"}],"wp:attachment":[{"href":"https:\/\/www.europesays.com\/fr\/wp-json\/wp\/v2\/media?parent=262426"}],"wp:term":[{"taxonomy":"category","embeddable":true,"href":"https:\/\/www.europesays.com\/fr\/wp-json\/wp\/v2\/categories?post=262426"},{"taxonomy":"post_tag","embeddable":true,"href":"https:\/\/www.europesays.com\/fr\/wp-json\/wp\/v2\/tags?post=262426"}],"curies":[{"name":"wp","href":"https:\/\/api.w.org\/{rel}","templated":true}]}}