{"id":262432,"date":"2025-07-21T03:13:12","date_gmt":"2025-07-21T03:13:12","guid":{"rendered":"https:\/\/www.europesays.com\/fr\/262432\/"},"modified":"2025-07-21T03:13:12","modified_gmt":"2025-07-21T03:13:12","slug":"ligue-2-un-nouveau-lieu-pour-le-match-amical-du-gf38-face-a-rodez","status":"publish","type":"post","link":"https:\/\/www.europesays.com\/fr\/262432\/","title":{"rendered":"Ligue 2. Un nouveau lieu pour le match amical du GF38 face \u00e0 Rodez"},"content":{"rendered":"<p>L\u2019endroit ne leur a pas port\u00e9 bonheur, c\u2019est le moins que l\u2019on puisse dire. Les joueurs du Grenoble Foot 38 ont en effet \u00e9t\u00e9 <a href=\"https:\/\/www.ledauphine.com\/sport\/2025\/07\/19\/le-gf38-etrille-par-troyes-en-amical\" target=\"_blank\" rel=\"noopener\">lourdement battus par Troyes<\/a> (0-5) pour leur deuxi\u00e8me match de pr\u00e9paration samedi. Une prestation qui a donn\u00e9 lieu <a href=\"https:\/\/www.ledauphine.com\/sport\/2025\/07\/19\/premiere-alerte-pour-le-gf38\" target=\"_blank\" rel=\"noopener\">\u00e0 quelques secousses en interne.<\/a><\/p>\n<p>C\u2019est au Chambon-sur-Lignon que les Dauphinois ont affront\u00e9 les Aubois. C\u2019est toujours en Haute-Loire qu\u2019ils effectuent toute cette semaine leur traditionnel stade de pr\u00e9-saison. Un stage qui sera conclu par un troisi\u00e8me match amical, cette fois-ci face \u00e0 Rodez.<\/p>\n<p>Ce contenu est bloqu\u00e9 car vous n&rsquo;avez pas accept\u00e9 les cookies et autres traceurs.<\/p>\n<p>En cliquant sur \u00ab J\u2019accepte \u00bb, les cookies et autres traceurs seront d\u00e9pos\u00e9s et vous pourrez visualiser les contenus  (<a href=\"\" class=\"consentModule_policy\" target=\"_blank\" title=\"Consulter la politique de protection des donn\u00e9es du fournisseur\">plus d&rsquo;informations<\/a>).<\/p>\n<p>En cliquant sur \u00ab J\u2019accepte tous les cookies \u00bb, vous autorisez des d\u00e9p\u00f4ts de cookies et autres traceurs pour le stockage de vos donn\u00e9es sur nos sites et applications \u00e0 des fins de personnalisation et de ciblage publicitaire.<\/p>\n<p class=\"consentModule_secondaryText\">Vous gardez la possibilit\u00e9 de retirer votre consentement \u00e0 tout moment en consultant notre <a href=\"https:\/\/www.ledauphine.com\/protection-des-donnees\" target=\"_blank\" title=\"Consulter notre politique de protection des donn\u00e9es\" rel=\"noopener\">politique de protection des donn\u00e9es<\/a>. <br \/>&#13;<br \/>\n            <a href=\"https:\/\/www.ledauphine.com\/sport\/2025\/07\/20\/javascript:Didomi.notice.show()\" class=\"consentModule_cmp\" target=\"_blank\" rel=\"noopener\">G\u00e9rer mes choix<\/a>&#13;\n        <\/p>\n<p>&#13;<br \/>\n                        J&rsquo;accepte&#13;<br \/>\n            J&rsquo;accepte tous les cookies&#13;\n        <\/p>\n<p>  D\u2019abord pr\u00e9vu \u00e0 Roanne<\/p>\n<p>Initialement pr\u00e9vue \u00e0 Roanne, la rencontre se d\u00e9roulera, l\u00e0 encore, au Chambon-sur-Lignon le vendredi 25\u00a0juillet 17 heures. Un plus pour les Grenoblois qui auront moins de d\u00e9placement \u00e0 effectuer sur ce coup-l\u00e0.<\/p>\n<p>Apr\u00e8s le match, ils rentreront en Is\u00e8re afin de poursuivre leur pr\u00e9paration au centre d\u2019entra\u00eenement de la Poterne.<\/p>\n","protected":false},"excerpt":{"rendered":"L\u2019endroit ne leur a pas port\u00e9 bonheur, c\u2019est le moins que l\u2019on puisse dire. Les joueurs du Grenoble&hellip;\n","protected":false},"author":2,"featured_media":262433,"comment_status":"","ping_status":"","sticky":false,"template":"","format":"standard","meta":{"footnotes":""},"categories":[9566],"tags":[1111,11,2430,112,1777,674,1701,63,1011,27,12637,2731,2732,4002,108,12636,1985,12,25,517],"class_list":{"0":"post-262432","1":"post","2":"type-post","3":"status-publish","4":"format-standard","5":"has-post-thumbnail","7":"category-grenoble","8":"tag-actu","9":"tag-actualites","10":"tag-auvergne-rhone-alpes","11":"tag-edition-grenoble-agglomeration","12":"tag-eu","13":"tag-europe","14":"tag-fil-info-sport","15":"tag-football","16":"tag-fr","17":"tag-france","18":"tag-gf38-grenoble-foot-38","19":"tag-grenoble","20":"tag-grenoble-bassin","21":"tag-haute-loire","22":"tag-isere","23":"tag-ligue-2-football","24":"tag-metropole-de-grenoble","25":"tag-news","26":"tag-republique-francaise","27":"tag-sport"},"share_on_mastodon":{"url":"https:\/\/pubeurope.com\/@fr\/114889044953142539","error":""},"_links":{"self":[{"href":"https:\/\/www.europesays.com\/fr\/wp-json\/wp\/v2\/posts\/262432","targetHints":{"allow":["GET"]}}],"collection":[{"href":"https:\/\/www.europesays.com\/fr\/wp-json\/wp\/v2\/posts"}],"about":[{"href":"https:\/\/www.europesays.com\/fr\/wp-json\/wp\/v2\/types\/post"}],"author":[{"embeddable":true,"href":"https:\/\/www.europesays.com\/fr\/wp-json\/wp\/v2\/users\/2"}],"replies":[{"embeddable":true,"href":"https:\/\/www.europesays.com\/fr\/wp-json\/wp\/v2\/comments?post=262432"}],"version-history":[{"count":0,"href":"https:\/\/www.europesays.com\/fr\/wp-json\/wp\/v2\/posts\/262432\/revisions"}],"wp:featuredmedia":[{"embeddable":true,"href":"https:\/\/www.europesays.com\/fr\/wp-json\/wp\/v2\/media\/262433"}],"wp:attachment":[{"href":"https:\/\/www.europesays.com\/fr\/wp-json\/wp\/v2\/media?parent=262432"}],"wp:term":[{"taxonomy":"category","embeddable":true,"href":"https:\/\/www.europesays.com\/fr\/wp-json\/wp\/v2\/categories?post=262432"},{"taxonomy":"post_tag","embeddable":true,"href":"https:\/\/www.europesays.com\/fr\/wp-json\/wp\/v2\/tags?post=262432"}],"curies":[{"name":"wp","href":"https:\/\/api.w.org\/{rel}","templated":true}]}}