{"id":262436,"date":"2025-07-21T03:22:59","date_gmt":"2025-07-21T03:22:59","guid":{"rendered":"https:\/\/www.europesays.com\/fr\/262436\/"},"modified":"2025-07-21T03:22:59","modified_gmt":"2025-07-21T03:22:59","slug":"jeune-homme-poignarde-a-rennes-cinq-personnes-en-garde-a-vue-remises-en-liberte","status":"publish","type":"post","link":"https:\/\/www.europesays.com\/fr\/262436\/","title":{"rendered":"Jeune homme poignard\u00e9 \u00e0 Rennes\u00a0: cinq personnes en garde \u00e0 vue, remises en libert\u00e9"},"content":{"rendered":"<p>Samedi, en d\u00e9but de soir\u00e9e, un jeune homme, \u00e2g\u00e9 de 21 ans, originaire de Brest et connu pour des ant\u00e9c\u00e9dents dans le narcotrafic, a \u00e9t\u00e9 poignard\u00e9, \u00e0 Rennes. Les faits se sont d\u00e9roul\u00e9s, rue Ferdinand de Lesseps, dans le quartier de Cleunay, dans un secteur <a href=\"https:\/\/www.letelegramme.fr\/ille-et-vilaine\/rennes-35000\/trafic-de-stupefiants-a-rennes-un-reglement-de-comptes-fait-deux-blesses-video-175851.php\" target=\"_blank\" rel=\"nofollow noopener\">connu comme \u00e9tant un point de deal<\/a>. La victime pr\u00e9sentait \u00ab une plaie grave \u00e0 l\u2019abdomen, semblant r\u00e9sulter de violences par arme blanche \u00bb souligne le procureur de la R\u00e9publique adjoint, Matthieu Thomas. Gravement bless\u00e9e, elle a \u00e9t\u00e9 accompagn\u00e9e en voiture, vers 20 h, par trois individus jusqu\u2019aux urgences de l\u2019h\u00f4pital Pontchaillou o\u00f9 elle est d\u00e9c\u00e9d\u00e9e des suites de ses blessures. Apr\u00e8s avoir attendu la police sur place, ces derniers ont d\u00e9clar\u00e9 \u00ab ne pas conna\u00eetre la victime, qu\u2019ils ont prise en charge sur la voie publique, \u00e0 sa demande, pour l\u2019emmener \u00e0 l\u2019h\u00f4pital \u00bb explique le magistrat. Interpell\u00e9s, ces trois hommes ont \u00e9t\u00e9 plac\u00e9s en garde \u00e0 vue.<\/p>\n<p>\u00ab Des violences pr\u00e8s de la station de m\u00e9tro \u00bb<\/p>\n<p>Une heure plus tard, deux autres hommes, expliquant \u00eatre des connaissances de la victime, se sont pr\u00e9sent\u00e9s pour se renseigner sur l\u2019\u00e9tat de sant\u00e9 du jeune homme d\u00e9c\u00e9d\u00e9. Ils ont \u00e9galement \u00e9t\u00e9 plac\u00e9s en garde \u00e0 vue. Ces derniers ont alors expliqu\u00e9 \u00ab avoir \u00e9t\u00e9 alert\u00e9s par des tiers sur une sc\u00e8ne de violences survenue aux abords de la station de m\u00e9tro Cleunay (dont ils n\u2019ont pas \u00e9t\u00e9 eux-m\u00eames t\u00e9moins), lors de laquelle leur ami (avec qui ils avaient pass\u00e9 une partie de la journ\u00e9e), avait re\u00e7u des coups de couteau \u00bb d\u00e9taille le procureur adjoint.<\/p>\n<p>L\u2019enqu\u00eate a \u00e9t\u00e9 confi\u00e9e \u00e0 la DCOS (Division de la criminalit\u00e9 organis\u00e9e et sp\u00e9cialis\u00e9e) de Rennes qui a proc\u00e9d\u00e9 depuis samedi soir aux recoupements des d\u00e9clarations des 5 individus. Ce dimanche, apr\u00e8s ces v\u00e9rifications, ils ont finalement tous \u00e9t\u00e9 remis en libert\u00e9. Les investigations se poursuivent dans le cadre de cette affaire. Diff\u00e9rentes constatations ont d\u00e9j\u00e0 \u00e9t\u00e9 effectu\u00e9es et une autopsie du corps devrait \u00eatre prochainement r\u00e9alis\u00e9e.<\/p>\n","protected":false},"excerpt":{"rendered":"Samedi, en d\u00e9but de soir\u00e9e, un jeune homme, \u00e2g\u00e9 de 21 ans, originaire de Brest et connu pour&hellip;\n","protected":false},"author":2,"featured_media":262437,"comment_status":"","ping_status":"","sticky":false,"template":"","format":"standard","meta":{"footnotes":""},"categories":[2821],"tags":[1111,11,829,765,1777,674,118,1011,27,848,12,584,25],"class_list":{"0":"post-262436","1":"post","2":"type-post","3":"status-publish","4":"format-standard","5":"has-post-thumbnail","7":"category-rennes","8":"tag-actu","9":"tag-actualites","10":"tag-bretagne","11":"tag-en-continu","12":"tag-eu","13":"tag-europe","14":"tag-faits-divers","15":"tag-fr","16":"tag-france","17":"tag-ille-et-vilaine","18":"tag-news","19":"tag-rennes","20":"tag-republique-francaise"},"share_on_mastodon":{"url":"https:\/\/pubeurope.com\/@fr\/114889084279661760","error":""},"_links":{"self":[{"href":"https:\/\/www.europesays.com\/fr\/wp-json\/wp\/v2\/posts\/262436","targetHints":{"allow":["GET"]}}],"collection":[{"href":"https:\/\/www.europesays.com\/fr\/wp-json\/wp\/v2\/posts"}],"about":[{"href":"https:\/\/www.europesays.com\/fr\/wp-json\/wp\/v2\/types\/post"}],"author":[{"embeddable":true,"href":"https:\/\/www.europesays.com\/fr\/wp-json\/wp\/v2\/users\/2"}],"replies":[{"embeddable":true,"href":"https:\/\/www.europesays.com\/fr\/wp-json\/wp\/v2\/comments?post=262436"}],"version-history":[{"count":0,"href":"https:\/\/www.europesays.com\/fr\/wp-json\/wp\/v2\/posts\/262436\/revisions"}],"wp:featuredmedia":[{"embeddable":true,"href":"https:\/\/www.europesays.com\/fr\/wp-json\/wp\/v2\/media\/262437"}],"wp:attachment":[{"href":"https:\/\/www.europesays.com\/fr\/wp-json\/wp\/v2\/media?parent=262436"}],"wp:term":[{"taxonomy":"category","embeddable":true,"href":"https:\/\/www.europesays.com\/fr\/wp-json\/wp\/v2\/categories?post=262436"},{"taxonomy":"post_tag","embeddable":true,"href":"https:\/\/www.europesays.com\/fr\/wp-json\/wp\/v2\/tags?post=262436"}],"curies":[{"name":"wp","href":"https:\/\/api.w.org\/{rel}","templated":true}]}}