{"id":262438,"date":"2025-07-21T03:25:37","date_gmt":"2025-07-21T03:25:37","guid":{"rendered":"https:\/\/www.europesays.com\/fr\/262438\/"},"modified":"2025-07-21T03:25:37","modified_gmt":"2025-07-21T03:25:37","slug":"le-strasbourgeois-anas-lagtiy-chaoudar-au-pied-du-podium-sur-1500m","status":"publish","type":"post","link":"https:\/\/www.europesays.com\/fr\/262438\/","title":{"rendered":"le Strasbourgeois Anas Lagtiy-Chaoudar au pied du podium sur 1500m"},"content":{"rendered":"<p>Une premi\u00e8re \u00e0 ce niveau n&rsquo;est jamais simple et Anas Lagtiy-Chaoudar l&rsquo;a constat\u00e9 \u00e0 ses d\u00e9pens. <a href=\"https:\/\/www.dna.fr\/sport\/2025\/07\/16\/ambitieux-erius-et-lagtiy-chaoudar\" target=\"_blank\" rel=\"noopener\">Ambitieux au moment de s&rsquo;envoler pour la Norv\u00e8ge<\/a>, le Strasbourgeois s&rsquo;est hiss\u00e9<a href=\"https:\/\/www.dna.fr\/sport\/2025\/07\/17\/erius-et-lagtiy-chaoudar-en-finale-tout-en-maitrise\" target=\"_blank\" rel=\"noopener\"> avec ma\u00eetrise en finale<\/a>,\u00a0mais il a \u00e9chou\u00e9 au pied du podium.<\/p>\n<p>Sa philosophie veut qu&rsquo;il retire du positif de chaque sortie, poursuivant son apprentissage. Comme il n&rsquo;est pas du genre \u00e0 user de faux-fuyants, il ne cachera pas sa d\u00e9ception pour autant.<\/p>\n<p>Au cours d&rsquo;un 1500m longtemps cadenass\u00e9, t\u00e9moin un passage tr\u00e8s lent aux 800m en 2&rsquo;09\u00a0\u00bb37, Anas Lagtiy-Chaoudar a r\u00e9pondu a l&rsquo;acc\u00e9l\u00e9ration du favori n\u00e9erlandais Stefan Nillessen \u00e0 500m de l&rsquo;arriv\u00e9e.<\/p>\n<p>Attaque pr\u00e9coce<\/p>\n<p>A 200m de la ligne, l&rsquo;homme de la Montagne-Verte, entra\u00een\u00e9 par Jean-Marc Ducret, a port\u00e9 une attaque peut-\u00eatre pr\u00e9coce, sans parvenir pour autant \u00e0 d\u00e9border le Batave et le Polonais Filip Rak.<\/p>\n<p>Entrant dans la derni\u00e8re ligne droite en 3e position, tandis que Nillessen filait vers le titre, il a \u00e9t\u00e9 quelque peu bloqu\u00e9 par le coureur de l&rsquo;Est qu&rsquo;il cherchait \u00e0 d\u00e9passer, avant de voir revenir sur sa droite le Francilien Paul Anselmini, en route pour l&rsquo;argent.<\/p>\n<p>Dans les tout derniers m\u00e8tres, Anas Lagtiy-Chaoudar n&rsquo;a plus eu assez de r\u00e9serves &#8211; cons\u00e9quence de ses fr\u00e9quents passages dans les couloirs ext\u00e9rieurs \u00a0? &#8211; pour arracher une place sur le podium. En 3&rsquo;45\u00a0\u00bb88, m\u00eame si les chronos sont anecdotiques, il termine 4e derri\u00e8re Nillessen (3&rsquo;44\u00a0\u00bb87), Anselmini (3&rsquo;45\u00a0\u00bb35) et Rak (3&rsquo;45\u00a0\u00bb88).<\/p>\n<p>Des le\u00e7ons \u00e0 tirer<\/p>\n<p>Le Strasbourgeois, n\u00e9 en 2004, est devanc\u00e9 par trois rivaux d&rsquo;un an ses a\u00een\u00e9s, tous plus exp\u00e9riment\u00e9s de surcro\u00eet. A titre d&rsquo;exemple, Paul Anselmini en \u00e9tait \u00e0 son quatri\u00e8me grand championnat chez les jeunes, ayant d\u00e9croch\u00e9 le bronze sur 800m, voici deux ans \u00e0 Espoo en Finlande.<\/p>\n<p>Naturalis\u00e9 Fran\u00e7ais il y a un peu plus d&rsquo;un an seulement, Anas Lagtiy-Chaoudar a par la force des choses v\u00e9cu sa premi\u00e8re au plus haut niveau. A lui d&rsquo;en\u00a0tirer les le\u00e7ons d\u00e9but ao\u00fbt lors des championnats de France \u00e9lite. Un billet pour les Mondiaux de Tokyo sera en jeu.<\/p>\n","protected":false},"excerpt":{"rendered":"Une premi\u00e8re \u00e0 ce niveau n&rsquo;est jamais simple et Anas Lagtiy-Chaoudar l&rsquo;a constat\u00e9 \u00e0 ses d\u00e9pens. Ambitieux au&hellip;\n","protected":false},"author":2,"featured_media":262439,"comment_status":"","ping_status":"","sticky":false,"template":"","format":"standard","meta":{"footnotes":""},"categories":[2820],"tags":[1111,11,4132,2649,1777,674,107,1701,1795,1011,27,775,12,25,517,640],"class_list":{"0":"post-262438","1":"post","2":"type-post","3":"status-publish","4":"format-standard","5":"has-post-thumbnail","7":"category-strasbourg","8":"tag-actu","9":"tag-actualites","10":"tag-athletisme","11":"tag-bas-rhin","12":"tag-eu","13":"tag-europe","14":"tag-fil-info","15":"tag-fil-info-sport","16":"tag-fil-web","17":"tag-fr","18":"tag-france","19":"tag-grand-est","20":"tag-news","21":"tag-republique-francaise","22":"tag-sport","23":"tag-strasbourg"},"share_on_mastodon":{"url":"https:\/\/pubeurope.com\/@fr\/114889092272507051","error":""},"_links":{"self":[{"href":"https:\/\/www.europesays.com\/fr\/wp-json\/wp\/v2\/posts\/262438","targetHints":{"allow":["GET"]}}],"collection":[{"href":"https:\/\/www.europesays.com\/fr\/wp-json\/wp\/v2\/posts"}],"about":[{"href":"https:\/\/www.europesays.com\/fr\/wp-json\/wp\/v2\/types\/post"}],"author":[{"embeddable":true,"href":"https:\/\/www.europesays.com\/fr\/wp-json\/wp\/v2\/users\/2"}],"replies":[{"embeddable":true,"href":"https:\/\/www.europesays.com\/fr\/wp-json\/wp\/v2\/comments?post=262438"}],"version-history":[{"count":0,"href":"https:\/\/www.europesays.com\/fr\/wp-json\/wp\/v2\/posts\/262438\/revisions"}],"wp:featuredmedia":[{"embeddable":true,"href":"https:\/\/www.europesays.com\/fr\/wp-json\/wp\/v2\/media\/262439"}],"wp:attachment":[{"href":"https:\/\/www.europesays.com\/fr\/wp-json\/wp\/v2\/media?parent=262438"}],"wp:term":[{"taxonomy":"category","embeddable":true,"href":"https:\/\/www.europesays.com\/fr\/wp-json\/wp\/v2\/categories?post=262438"},{"taxonomy":"post_tag","embeddable":true,"href":"https:\/\/www.europesays.com\/fr\/wp-json\/wp\/v2\/tags?post=262438"}],"curies":[{"name":"wp","href":"https:\/\/api.w.org\/{rel}","templated":true}]}}