{"id":26244,"date":"2025-04-15T09:22:11","date_gmt":"2025-04-15T09:22:11","guid":{"rendered":"https:\/\/www.europesays.com\/fr\/26244\/"},"modified":"2025-04-15T09:22:11","modified_gmt":"2025-04-15T09:22:11","slug":"harry-potter-une-partie-du-casting-de-la-nouvelle-serie-revelee-voici-les-premiers-noms","status":"publish","type":"post","link":"https:\/\/www.europesays.com\/fr\/26244\/","title":{"rendered":"\u00ab Harry Potter \u00bb : une partie du casting de la nouvelle s\u00e9rie r\u00e9v\u00e9l\u00e9e, voici les premiers noms"},"content":{"rendered":"<p class=\"paragraph text_align_left\">De nouveaux visages pour des personnages cultes. La soci\u00e9t\u00e9 de production Warner Bros <a href=\"https:\/\/newsroom.warnerbros.fr\/annonce-du-casting-officiel-de-la-serie-hbo-original-harry-potter-john-lithgow-janet-mcteer-paapa-essiedu-nick-frost-luke-thallon-et-paul-whitehouse\/?lang=fra\" target=\"_blank\" rel=\"nofollow noopener\">a r\u00e9v\u00e9l\u00e9<\/a>, ce lundi, plusieurs noms pour le casting de <a href=\"https:\/\/www.leparisien.fr\/culture-loisirs\/series\/cest-une-idee-spectaculaire-pourquoi-le-realisateur-de-harry-potter-est-impatient-de-voir-la-serie-21-01-2025-YOOV4JN2IRFTHMLH2RJCEJFFSI.php\" target=\"_blank\" rel=\"nofollow noopener\">la prochaine s\u00e9rie \u00ab Harry Potter \u00bb<\/a>, un remake de l\u2019incontournable saga racontant l\u2019histoire des sorciers de Poudlard.<\/p>\n<p class=\"paragraph text_align_left\">Au casting, donc, on retrouvera bien <a href=\"https:\/\/www.leparisien.fr\/culture-loisirs\/tv\/harry-potter-le-casting-de-la-future-serie-de-hbo-se-precise-lacteur-qui-jouera-le-professeur-dumbledore-connu-13-02-2025-RA7DYRWYYFE75POY5UIJSZ4L3E.php\" target=\"_blank\" rel=\"nofollow noopener\">l\u2019acteur John Lithgow<\/a>, r\u00e9cemment vu dans \u00ab Conclave \u00bb, \u00ab Dexter \u00bb, ou encore \u00ab The Crown \u00bb, o\u00f9 il a interpr\u00e9t\u00e9 l\u2019ex-Premier ministre britannique Winston Churchill. Dans la nouvelle s\u00e9rie \u00ab Harry Potter \u00bb, John Lithgow aura la lourde t\u00e2che d\u2019endosser le r\u00f4le d\u2019Albus Dumbledore, l\u2019illustre directeur de l\u2019\u00e9cole des sorciers.<\/p>\n<p class=\"paragraph text_align_left\">\u00c0 ses c\u00f4t\u00e9s, l\u2019actrice britannique Janet McTeer (\u00ab Jessica Jones \u00bb, \u00ab Ozark \u00bb) interpr\u00e9tera la professeure Minerva McGonagall, tandis que le com\u00e9dien britannique Paapa Essiedu (\u00ab I May Destroy You \u00bb, \u00ab Black Mirror \u00bb) aura le r\u00f4le du professeur Severus Rogue. Le cultissime Rubeus Hagrid sera quant \u00e0 lui jou\u00e9 par l\u2019humoriste britannique Nick Frost, vu notamment dans \u00ab Good Morning England \u00bb.<\/p>\n<p class=\"paragraph text_align_left\">Toujours dans l\u2019\u00e9quipe p\u00e9dagogique de Poudlard, le jeune Luke Thallon interpr\u00e9tera le professeur Quirinus Quirrell, tandis que Paul Whitehouse, un habitu\u00e9 du petit \u00e9cran britannique, jouera Argus Rusard.<\/p>\n<p>\u00ab Des talents extraordinaires \u00bb<\/p>\n<p class=\"paragraph text_align_left\">\u00ab Nous sommes ravis de pouvoir compter sur des talents aussi extraordinaires et nous avons h\u00e2te de les voir donner une nouvelle vie \u00e0 ces personnages bien-aim\u00e9s \u00bb, ont d\u00e9clar\u00e9 Francesca Gardiner, showrunner et productrice ex\u00e9cutive, et Mark Mylod, r\u00e9alisateur de plusieurs \u00e9pisodes et producteur ex\u00e9cutif de la s\u00e9rie, dans un communiqu\u00e9.<\/p>\n<p class=\"paragraph text_align_left\">\u00c0 ce stade, Warner Bros. n\u2019a pas encore d\u00e9voil\u00e9 qui jouera <a href=\"https:\/\/www.leparisien.fr\/culture-loisirs\/series\/harry-ron-et-hermione-le-casting-des-enfants-pour-la-serie-televisee-harry-potter-est-ouvert-09-09-2024-B5FL7NSXEBFVLOW3Z2J6VX5TZI.php\" target=\"_blank\" rel=\"nofollow noopener\">les personnages principaux de la s\u00e9rie<\/a>, \u00e0 savoir Harry Potter, Ron Weasley et Hermione Granger. \u00ab La s\u00e9rie sera une adaptation fid\u00e8le de la s\u00e9rie de livres Harry Potter de l\u2019auteur et producteur ex\u00e9cutif J.K. Rowling et comprendra un casting passionnant et talentueux pour mener une nouvelle g\u00e9n\u00e9ration de fandom, pleine de d\u00e9tails fantastiques et de personnages tr\u00e8s appr\u00e9ci\u00e9s des fans d\u2019Harry Potter depuis plus de 25 ans \u00bb, assure le g\u00e9ant de la production du cin\u00e9ma.<\/p>\n<p class=\"paragraph text_align_left\">La s\u00e9rie sera diffus\u00e9e sur la plate-forme Max. Selon le m\u00e9dia am\u00e9ricain <a href=\"https:\/\/deadline.com\/2025\/03\/harry-potter-tv-series-max-release-date-cast-1235323284\/\" target=\"_blank\" rel=\"nofollow noopener\">Deadline<\/a>, le tournage de la s\u00e9rie devrait d\u00e9buter l\u2019\u00e9t\u00e9 prochain, en Angleterre, pour une diffusion en 2026, ou 2027.<\/p>\n","protected":false},"excerpt":{"rendered":"De nouveaux visages pour des personnages cultes. La soci\u00e9t\u00e9 de production Warner Bros a r\u00e9v\u00e9l\u00e9, ce lundi, plusieurs&hellip;\n","protected":false},"author":2,"featured_media":26245,"comment_status":"","ping_status":"","sticky":false,"template":"","format":"standard","meta":{"footnotes":""},"categories":[1888],"tags":[1111,1928,11,1927,872,1777,674,1011,27,12,1926,626,1925,25,1314],"class_list":{"0":"post-26244","1":"post","2":"type-post","3":"status-publish","4":"format-standard","5":"has-post-thumbnail","7":"category-paris","8":"tag-actu","9":"tag-actu-paris","10":"tag-actualites","11":"tag-actualites-paris","12":"tag-culture-et-loisirs","13":"tag-eu","14":"tag-europe","15":"tag-fr","16":"tag-france","17":"tag-news","18":"tag-news-paris","19":"tag-paris","20":"tag-paris-news","21":"tag-republique-francaise","22":"tag-series"},"share_on_mastodon":{"url":"https:\/\/pubeurope.com\/@fr\/114341251948507049","error":""},"_links":{"self":[{"href":"https:\/\/www.europesays.com\/fr\/wp-json\/wp\/v2\/posts\/26244","targetHints":{"allow":["GET"]}}],"collection":[{"href":"https:\/\/www.europesays.com\/fr\/wp-json\/wp\/v2\/posts"}],"about":[{"href":"https:\/\/www.europesays.com\/fr\/wp-json\/wp\/v2\/types\/post"}],"author":[{"embeddable":true,"href":"https:\/\/www.europesays.com\/fr\/wp-json\/wp\/v2\/users\/2"}],"replies":[{"embeddable":true,"href":"https:\/\/www.europesays.com\/fr\/wp-json\/wp\/v2\/comments?post=26244"}],"version-history":[{"count":0,"href":"https:\/\/www.europesays.com\/fr\/wp-json\/wp\/v2\/posts\/26244\/revisions"}],"wp:featuredmedia":[{"embeddable":true,"href":"https:\/\/www.europesays.com\/fr\/wp-json\/wp\/v2\/media\/26245"}],"wp:attachment":[{"href":"https:\/\/www.europesays.com\/fr\/wp-json\/wp\/v2\/media?parent=26244"}],"wp:term":[{"taxonomy":"category","embeddable":true,"href":"https:\/\/www.europesays.com\/fr\/wp-json\/wp\/v2\/categories?post=26244"},{"taxonomy":"post_tag","embeddable":true,"href":"https:\/\/www.europesays.com\/fr\/wp-json\/wp\/v2\/tags?post=26244"}],"curies":[{"name":"wp","href":"https:\/\/api.w.org\/{rel}","templated":true}]}}