{"id":262440,"date":"2025-07-21T03:26:10","date_gmt":"2025-07-21T03:26:10","guid":{"rendered":"https:\/\/www.europesays.com\/fr\/262440\/"},"modified":"2025-07-21T03:26:10","modified_gmt":"2025-07-21T03:26:10","slug":"ce-nicois-propose-une-idee-simple-pour-faire-baisser-la-temperature-de-5c-dans-les-rues-de-la-capitale-de-la-cote-dazur","status":"publish","type":"post","link":"https:\/\/www.europesays.com\/fr\/262440\/","title":{"rendered":"Ce Ni\u00e7ois propose une id\u00e9e simple pour \u00ab\u00a0faire baisser la temp\u00e9rature de 5\u00b0C\u00a0\u00bb dans les rues de la capitale de la C\u00f4te d&rsquo;Azur"},"content":{"rendered":"<p>Et si on prot\u00e9geait certaines rues de Nice du soleil et de la chaleur qu\u2019il g\u00e9n\u00e8re par des toiles ajour\u00e9es?<\/p>\n<p>Cette id\u00e9e est celle d\u2019un citoyen ni\u00e7ois. Sous le pr\u00e9nom de L\u00e9onard, <a href=\"https:\/\/jeparticipe.nice.fr\/processes\/bp2025\/f\/138\/proposals\/146\" target=\"_blank\" rel=\"noopener nofollow\">voici ce qu\u2019il sugg\u00e8re sur la plateforme en ligne de d\u00e9mocratie participative \u00ab\u00a0JeParticipe.Nice.fr <\/a>\u00ab\u00a0, lanc\u00e9e \u00e0 Nice en janvier: \u00ab\u00a0Comme cela se fait en Espagne (Madrid et Malaga entre autres), il serait souhaitable l\u2019\u00e9t\u00e9, d\u2019installer au-dessus des rues du centre-ville, des toiles ajour\u00e9es, pour cr\u00e9er de l\u2019ombre. Ce dispositif fait baisser la chaleur au sol d\u2019au moins 5 degr\u00e9s. Les balades en ville sont ainsi moins p\u00e9nibles en cas de fortes chaleurs, surtout pour les personnes \u00e2g\u00e9es et fragiles. Sans oublier le c\u00f4t\u00e9 esth\u00e9tique des toiles, qui embellissent.\u00a0\u00bb<\/p>\n<p>\u00ab\u00a0\u00c0 faire en bleu\u00a0\u00bb ou \u00ab\u00a0avec des artistes locaux\u00a0\u00bb<\/p>\n<p>De l\u00e0, s\u2019ensuit une conversation avec d\u2019autres internautes \u00e9galement inscrits sur la plateforme num\u00e9rique. Tous approuvent la proposition. L\u2019abondant de suggestions personnelles, comme celle de Camille: \u00ab\u00a0A faire en bleu, \u00e0 l\u2019image de nos embl\u00e9matiques chaises bleues de la promenade!\u00a0\u00bb Vinz rajoute sa vision du concept: \u00ab\u00a0Utiliser des artistes locaux pour concevoir de beaux visuels&#8230;\u00a0\u00bb<\/p>\n<p>Et puis voil\u00e0 que \u00ab\u00a0JeParticipe.Nice.fr\u00a0\u00bb, s\u2019infiltre dans le dialogue: \u00ab\u00a0Bonjour L\u00e9onard. Merci beaucoup pour votre participation. Vos id\u00e9es sont essentielles pour am\u00e9liorer la qualit\u00e9 de vie en ville. Votre proposition d\u2019installer des toiles ajour\u00e9es au-dessus des rues du centre-ville est bien not\u00e9e. Elle est recevable et sera \u00e9tudi\u00e9e par les services comp\u00e9tents. Pour nous aider, pourriez-vous nous indiquer une ou plusieurs rues en particulier que vous souhaiteriez voir prioris\u00e9es pour ce projet?\u00a0\u00bb<\/p>\n<p>Et L\u00e9onard, de r\u00e9pliquer en pr\u00e9cisant notamment que \u00ab\u00a0les rues ne doivent pas \u00eatre trop larges pour que les toiles puissent \u00eatre install\u00e9es d\u2019un c\u00f4t\u00e9 \u00e0 l\u2019autre\u00a0\u00bb ou encore \u00ab\u00a0qu\u2019il faut \u00e9viter les rues o\u00f9 passe le tramway, par s\u00e9curit\u00e9, au niveau des fils \u00e9lectriques&#8230;\u00a0\u00bb <\/p>\n<p>Au final, les rues candidates aux toiles ajour\u00e9es pourraient \u00eatre celles du centre-ville autour de Jean-M\u00e9decin (rues Mass\u00e9na, Gioffredo, H\u00f4tel-des-Postes, de la Libert\u00e9&#8230;.), celles du secteur de la gare, du Vieux-Nice, de Garibaldi et du port (Bonaparte, Bavastro&#8230;).<\/p>\n<p>Mais, qui est cet interlocuteur myst\u00e8re qui a r\u00e9pondu \u00e0 L\u00e9onard? Un v\u00e9ritable \u00eatre humain ou une intelligence artificielle? \u00ab\u00a0Un v\u00e9ritable \u00eatre humain\u00a0\u00bb, rassure le premieradjoint, Anthony Borr\u00e9. C\u2019est lui qui est \u00e0 l\u2019origine de la plateforme \u00ab\u00a0JeParticipe.Nice.fr\u00a0\u00bb relevant de sa d\u00e9l\u00e9gation de proximit\u00e9.<\/p>\n<p>\u00ab\u00a0Il pourrait y avoir une phase de test\u00a0\u00bb<\/p>\n<p>Depuis janvier, pr\u00e8s de 3.800 Ni\u00e7ois se sont inscrits sur le site, g\u00e9n\u00e9rant 549 id\u00e9es comme<a href=\"https:\/\/www.nicematin.com\/vie-locale\/chacun-amenerait-son-cadenas-et-pourrait-y-securiser-ses-affaires-quand-il-va-nager-y-aura-t-il-bientot-des-casiers-sur-les-plages-de-nice--990549\" rel=\"nofollow noopener\" target=\"_blank\"> l\u2019installation de casiers de consigne sur les plages ni\u00e7oises<\/a>. Et apr\u00e8s? \u00ab\u00a0Si la proposition entre dans les comp\u00e9tences de la Ville, si elle pr\u00e9sente un int\u00e9r\u00eat, elle est analys\u00e9e par les services comp\u00e9tents puis propos\u00e9e au conseil de territoire, qui rassemble \u00e9lus, associations, citoyens et peut valider en fonction des budgets vot\u00e9s.\u00a0\u00bb<\/p>\n<p>L\u2019avis de l\u2019\u00e9lu pour les toiles ajour\u00e9es? \u00ab\u00a0Je trouve l\u2019id\u00e9e int\u00e9ressante. Elle m\u00e9rite d\u2019\u00eatre \u00e9tudi\u00e9e d\u2019autant plus qu\u2019elle vient d\u2019un Ni\u00e7ois. Actuellement, on ne peut pas affirmer si on peut la mettre en \u0153uvre. Il pourrait y avoir une phase de test. Les services vont se pencher sur chaque rue sugg\u00e9r\u00e9e. En tout cas, tout cela d\u00e9montre que notre d\u00e9marche de proximit\u00e9 trouve un \u00e9cho.\u00a0\u00bb<\/p>\n","protected":false},"excerpt":{"rendered":"Et si on prot\u00e9geait certaines rues de Nice du soleil et de la chaleur qu\u2019il g\u00e9n\u00e8re par des&hellip;\n","protected":false},"author":2,"featured_media":262441,"comment_status":"","ping_status":"","sticky":false,"template":"","format":"standard","meta":{"footnotes":""},"categories":[2819],"tags":[1111,11,1777,674,1011,27,1757,12,2401,882,25],"class_list":{"0":"post-262440","1":"post","2":"type-post","3":"status-publish","4":"format-standard","5":"has-post-thumbnail","7":"category-nice","8":"tag-actu","9":"tag-actualites","10":"tag-eu","11":"tag-europe","12":"tag-fr","13":"tag-france","14":"tag-insolite","15":"tag-news","16":"tag-nice","17":"tag-provence-alpes-cote-dazur","18":"tag-republique-francaise"},"share_on_mastodon":{"url":"https:\/\/pubeurope.com\/@fr\/114889096152088959","error":""},"_links":{"self":[{"href":"https:\/\/www.europesays.com\/fr\/wp-json\/wp\/v2\/posts\/262440","targetHints":{"allow":["GET"]}}],"collection":[{"href":"https:\/\/www.europesays.com\/fr\/wp-json\/wp\/v2\/posts"}],"about":[{"href":"https:\/\/www.europesays.com\/fr\/wp-json\/wp\/v2\/types\/post"}],"author":[{"embeddable":true,"href":"https:\/\/www.europesays.com\/fr\/wp-json\/wp\/v2\/users\/2"}],"replies":[{"embeddable":true,"href":"https:\/\/www.europesays.com\/fr\/wp-json\/wp\/v2\/comments?post=262440"}],"version-history":[{"count":0,"href":"https:\/\/www.europesays.com\/fr\/wp-json\/wp\/v2\/posts\/262440\/revisions"}],"wp:featuredmedia":[{"embeddable":true,"href":"https:\/\/www.europesays.com\/fr\/wp-json\/wp\/v2\/media\/262441"}],"wp:attachment":[{"href":"https:\/\/www.europesays.com\/fr\/wp-json\/wp\/v2\/media?parent=262440"}],"wp:term":[{"taxonomy":"category","embeddable":true,"href":"https:\/\/www.europesays.com\/fr\/wp-json\/wp\/v2\/categories?post=262440"},{"taxonomy":"post_tag","embeddable":true,"href":"https:\/\/www.europesays.com\/fr\/wp-json\/wp\/v2\/tags?post=262440"}],"curies":[{"name":"wp","href":"https:\/\/api.w.org\/{rel}","templated":true}]}}