{"id":262455,"date":"2025-07-21T03:37:37","date_gmt":"2025-07-21T03:37:37","guid":{"rendered":"https:\/\/www.europesays.com\/fr\/262455\/"},"modified":"2025-07-21T03:37:37","modified_gmt":"2025-07-21T03:37:37","slug":"jai-toujours-eu-envie-de-jouer-a-marseille-riyad-mahrez-declare-sa-flamme-a-lom-2","status":"publish","type":"post","link":"https:\/\/www.europesays.com\/fr\/262455\/","title":{"rendered":"\u00ab\u00a0J\u2019ai toujours eu envie de jouer \u00e0 Marseille\u00a0\u00bb\u00a0: Riyad Mahrez d\u00e9clare sa flamme \u00e0 l\u2019OM"},"content":{"rendered":"<p><strong>\u00ab\u00a0Depuis que je suis petit, j\u2019ai toujours eu envie de jouer \u00e0 Marseille.\u00a0\u00bb<\/strong> Dans un entretien accord\u00e9 \u00e0  <a href=\"https:\/\/www.lequipe.fr\/Football\/Article\/-mon-reve-c-etait-de-jouer-a-l-om-riyad-mahrez-raconte-son-amour-pour-marseille\/1579554\" target=\"_blank\" rel=\"noopener\">L\u2019\u00c9quipe<\/a>  et publi\u00e9 ce dimanche 20\u00a0juillet sur le site, Riyad Mahrez, le capitaine de l\u2019Alg\u00e9rie, a affirm\u00e9 que l\u2019OM \u00e9tait le club europ\u00e9en dans lequel il aurait aim\u00e9 jouer apr\u00e8s Le Havre (2010-2012), Leicester (2014-2018) et Manchester City (2018-2023).<\/p>\n<p>\u00ab\u00a0Mon r\u00eave \u00e9tait de jouer au V\u00e9lodrome en Ligue 1\u00a0\u00bb<\/p>\n<p><strong>Lire aussi\u00a0: <\/strong> <a href=\"https:\/\/rennes.maville.com\/sport\/detail_-amical.-avec-un-triple-de-greenwood-l-om-deroule-pour-son-premier-match-de-preparation-_54135-6907499_actu.Htm\" target=\"_blank\" rel=\"noopener\">Avec un tripl\u00e9 de Greenwood, l\u2019OM d\u00e9roule pour son premier match de pr\u00e9paration<\/a><\/p>\n<p><strong>\u00ab\u00a0C\u2019\u00e9tait mon r\u00eave. J\u2019\u00e9tais un amoureux de l\u2019OM<\/strong>, a-t-il poursuivi. <strong>Tous les joueurs qui sont pass\u00e9s\u00a0: Drogba, Niang, Nasri, Rib\u00e9ry\u2026 Mon r\u00eave \u00e9tait de jouer au V\u00e9lodrome en Ligue 1. Mon parcours a \u00e9t\u00e9 tout autre\u2026\u00a0\u00bb<\/strong> Puisque mis \u00e0 part les premi\u00e8res ann\u00e9es de sa carri\u00e8re qui l\u2019ont men\u00e9 de Sarcelles \u00e0 Le Havre en passant par Quimper, le d\u00e9sormais joueur d\u2019Al-Ahli a pass\u00e9 la majeure partie de son temps outre-Manche.<\/p>\n<p>\u00a0<\/p>\n","protected":false},"excerpt":{"rendered":"\u00ab\u00a0Depuis que je suis petit, j\u2019ai toujours eu envie de jouer \u00e0 Marseille.\u00a0\u00bb Dans un entretien accord\u00e9 \u00e0&hellip;\n","protected":false},"author":2,"featured_media":262355,"comment_status":"","ping_status":"","sticky":false,"template":"","format":"standard","meta":{"footnotes":""},"categories":[2814],"tags":[1111,11,2063,1777,674,1011,27,1922,2693,1393,884,2487,12,882,1404,25,2923,4251,853],"class_list":{"0":"post-262455","1":"post","2":"type-post","3":"status-publish","4":"format-standard","5":"has-post-thumbnail","7":"category-marseille","8":"tag-actu","9":"tag-actualites","10":"tag-annonces","11":"tag-eu","12":"tag-europe","13":"tag-fr","14":"tag-france","15":"tag-info","16":"tag-laval","17":"tag-loisirs","18":"tag-marseille","19":"tag-meteo","20":"tag-news","21":"tag-provence-alpes-cote-dazur","22":"tag-quotidien","23":"tag-republique-francaise","24":"tag-restaurants","25":"tag-sortir","26":"tag-spectacles"},"share_on_mastodon":{"url":"https:\/\/pubeurope.com\/@fr\/114889139319418630","error":""},"_links":{"self":[{"href":"https:\/\/www.europesays.com\/fr\/wp-json\/wp\/v2\/posts\/262455","targetHints":{"allow":["GET"]}}],"collection":[{"href":"https:\/\/www.europesays.com\/fr\/wp-json\/wp\/v2\/posts"}],"about":[{"href":"https:\/\/www.europesays.com\/fr\/wp-json\/wp\/v2\/types\/post"}],"author":[{"embeddable":true,"href":"https:\/\/www.europesays.com\/fr\/wp-json\/wp\/v2\/users\/2"}],"replies":[{"embeddable":true,"href":"https:\/\/www.europesays.com\/fr\/wp-json\/wp\/v2\/comments?post=262455"}],"version-history":[{"count":0,"href":"https:\/\/www.europesays.com\/fr\/wp-json\/wp\/v2\/posts\/262455\/revisions"}],"wp:featuredmedia":[{"embeddable":true,"href":"https:\/\/www.europesays.com\/fr\/wp-json\/wp\/v2\/media\/262355"}],"wp:attachment":[{"href":"https:\/\/www.europesays.com\/fr\/wp-json\/wp\/v2\/media?parent=262455"}],"wp:term":[{"taxonomy":"category","embeddable":true,"href":"https:\/\/www.europesays.com\/fr\/wp-json\/wp\/v2\/categories?post=262455"},{"taxonomy":"post_tag","embeddable":true,"href":"https:\/\/www.europesays.com\/fr\/wp-json\/wp\/v2\/tags?post=262455"}],"curies":[{"name":"wp","href":"https:\/\/api.w.org\/{rel}","templated":true}]}}