{"id":262456,"date":"2025-07-21T03:39:25","date_gmt":"2025-07-21T03:39:25","guid":{"rendered":"https:\/\/www.europesays.com\/fr\/262456\/"},"modified":"2025-07-21T03:39:25","modified_gmt":"2025-07-21T03:39:25","slug":"une-marche-blanche-pour-kilyan-ce-dimanche-une-semaine-apres-laccident","status":"publish","type":"post","link":"https:\/\/www.europesays.com\/fr\/262456\/","title":{"rendered":"une marche blanche pour Kilyan ce dimanche, une semaine apr\u00e8s l\u2019accident"},"content":{"rendered":"<p itemprop=\"description\"><strong>Une marche blanche en hommage \u00e0 Kilyan, adolescent tu\u00e9 \u00e0 V\u00e9nissieux par un motocycliste, se tiendra ce dimanche 20 juillet pr\u00e8s du lieu de l\u2019accident.<\/strong><\/p>\n<p>Il y a presque une semaine, Kilyan, un adolescent \u00e2g\u00e9 de 17 ans, a perdu la vie dans un accident au carrefour de l\u2019avenue Marcel-Cachin et de l\u2019avenue des Martyrs de la R\u00e9sistance \u00e0 V\u00e9nissieux. Ce dimanche, 20 juillet, une marche blanche aura lieu en son hommage.<\/p>\n<p>Le rendez-vous est donn\u00e9 \u00e0 14h au 10 avenue Marcel-Cachin, pr\u00e8s des lieux du drame.<\/p>\n<p>Sur les r\u00e9seaux sociaux, la m\u00e8re de la victime a invit\u00e9 \u00e0 \u00ab\u00a0venir marcher \u00e0 nos c\u00f4t\u00e9s, dans le calme et le respect, en portant du blanc pour la puret\u00e9 et l\u2019innocence de mon fils Kilyan, mais \u00e9galement une touche de bleu, la couleur qui repr\u00e9sentait son \u00e9quipe de basket pr\u00e9f\u00e9r\u00e9e\u00a0\u00bb.<\/p>\n<p>Cette marche sera encadr\u00e9e par la pr\u00e9fecture, et se fera en pr\u00e9sence de deux adjoints qui repr\u00e9senteront ainsi la maire Mich\u00e8le Picard.<\/p>\n<p>Pour rappel, <a href=\"https:\/\/www.leetchi.com\/fr\/c\/pour-kilyan-1157772?utm_source=native&amp;utm_medium=social_sharing&amp;fbclid=IwZXh0bgNhZW0CMTAAYnJpZBEwMWd1VHJCQ3JybjZHdXB5ZAEe3FOEwcwRfFdaB6OesamuKhhiXzkpwuWD0T650ofG4yoIFC0GYYlEqoT0y_k_aem_h307L1fP48eIBE4Hcbv97g\" target=\"_blank\" rel=\"noopener\">une cagnotte<\/a> a \u00e9t\u00e9 ouverte par la famille pour payer les obs\u00e8ques de la victime.<\/p>\n<p>Pour rappel, ce dimanche 13 juillet, Kilyan roulait sur une draisienne \u00e9lectrique selon le parquet lorsqu\u2019il a \u00e9t\u00e9 percut\u00e9 par une moto au niveau du carrefour de l\u2019avenue Marcel Cachin et de l\u2019avenue des Martyrs de la R\u00e9sistance.<\/p>\n<p>Le conducteur, qui \u00e9tait en \u00e9tat alcoolique, a \u00e9t\u00e9 imm\u00e9diatement interpell\u00e9. Il roulait sans permis de conduire, ni assurance. Il a \u00e9t\u00e9 mis en examen pour homicide aggrav\u00e9 et plac\u00e9 en d\u00e9tention provisoire.<\/p>\n","protected":false},"excerpt":{"rendered":"Une marche blanche en hommage \u00e0 Kilyan, adolescent tu\u00e9 \u00e0 V\u00e9nissieux par un motocycliste, se tiendra ce dimanche&hellip;\n","protected":false},"author":2,"featured_media":262457,"comment_status":"","ping_status":"","sticky":false,"template":"","format":"standard","meta":{"footnotes":""},"categories":[1889],"tags":[1111,11,2813,2190,2430,1109,251,1112,2811,1777,674,118,1011,27,1922,1110,1114,2428,2810,12,241,316,25,2812,517,800],"class_list":{"0":"post-262456","1":"post","2":"type-post","3":"status-publish","4":"format-standard","5":"has-post-thumbnail","7":"category-lyon","8":"tag-actu","9":"tag-actualites","10":"tag-article","11":"tag-asvel","12":"tag-auvergne-rhone-alpes","13":"tag-breves","14":"tag-culture","15":"tag-depeches","16":"tag-economique","17":"tag-eu","18":"tag-europe","19":"tag-faits-divers","20":"tag-fr","21":"tag-france","22":"tag-info","23":"tag-informations","24":"tag-infos","25":"tag-lyon","26":"tag-lyonmag","27":"tag-news","28":"tag-ol","29":"tag-politique","30":"tag-republique-francaise","31":"tag-sociale","32":"tag-sport","33":"tag-transports"},"share_on_mastodon":{"url":"https:\/\/pubeurope.com\/@fr\/114889147238539590","error":""},"_links":{"self":[{"href":"https:\/\/www.europesays.com\/fr\/wp-json\/wp\/v2\/posts\/262456","targetHints":{"allow":["GET"]}}],"collection":[{"href":"https:\/\/www.europesays.com\/fr\/wp-json\/wp\/v2\/posts"}],"about":[{"href":"https:\/\/www.europesays.com\/fr\/wp-json\/wp\/v2\/types\/post"}],"author":[{"embeddable":true,"href":"https:\/\/www.europesays.com\/fr\/wp-json\/wp\/v2\/users\/2"}],"replies":[{"embeddable":true,"href":"https:\/\/www.europesays.com\/fr\/wp-json\/wp\/v2\/comments?post=262456"}],"version-history":[{"count":0,"href":"https:\/\/www.europesays.com\/fr\/wp-json\/wp\/v2\/posts\/262456\/revisions"}],"wp:featuredmedia":[{"embeddable":true,"href":"https:\/\/www.europesays.com\/fr\/wp-json\/wp\/v2\/media\/262457"}],"wp:attachment":[{"href":"https:\/\/www.europesays.com\/fr\/wp-json\/wp\/v2\/media?parent=262456"}],"wp:term":[{"taxonomy":"category","embeddable":true,"href":"https:\/\/www.europesays.com\/fr\/wp-json\/wp\/v2\/categories?post=262456"},{"taxonomy":"post_tag","embeddable":true,"href":"https:\/\/www.europesays.com\/fr\/wp-json\/wp\/v2\/tags?post=262456"}],"curies":[{"name":"wp","href":"https:\/\/api.w.org\/{rel}","templated":true}]}}