{"id":262462,"date":"2025-07-21T03:43:11","date_gmt":"2025-07-21T03:43:11","guid":{"rendered":"https:\/\/www.europesays.com\/fr\/262462\/"},"modified":"2025-07-21T03:43:11","modified_gmt":"2025-07-21T03:43:11","slug":"en-image-quand-le-club-parisien-offre-des-maillots-floques-a-neymar-aux-noms-de-ses-enfants","status":"publish","type":"post","link":"https:\/\/www.europesays.com\/fr\/262462\/","title":{"rendered":"en image, quand le club parisien offre des maillots floqu\u00e9s&#8230; \u00e0 Neymar, aux noms de ses enfants"},"content":{"rendered":"<p><strong>LE SCAN SPORT<\/strong> &#8211; Dans une \u00abstory\u00bb publi\u00e9e sur son compte Instagram, le Br\u00e9silien a remerci\u00e9 le PSG de lui avoir donn\u00e9 des maillots floqu\u00e9s du club.<\/p>\n<p class=\"fig-paragraph\">La classe. Le\u00a0<a href=\"http:\/\/www.lefigaro.fr\/sports\/football\/transferts\/mercato-le-psg-prete-une-pepite-bresilienne-a-braga-20250719\" data-fig-type=\"NewsFlash\" data-gtm-custom-categorie=\"navigation\" data-gtm-custom-action=\"crossclick\" data-gtm-custom-label=\"Contextuel\" data-gtm-event=\"customEventSPE\" data-fig-domain=\"LEFIGARO\" target=\"_blank\" rel=\"noopener\">PSG<\/a>\u00a0n\u2019oublie pas ses anciens. Dans une \u00abstory\u00bb Instagram publi\u00e9e ce dimanche,\u00a0<a href=\"http:\/\/www.lefigaro.fr\/sports\/football\/transferts\/mercato-neymar-mbappe-wirtz-en-images-les-10-plus-gros-transferts-de-l-histoire-20250620\" data-fig-type=\"NewsFlash\" data-gtm-custom-categorie=\"navigation\" data-gtm-custom-action=\"crossclick\" data-gtm-custom-label=\"Contextuel\" data-gtm-event=\"customEventSPE\" data-fig-domain=\"LEFIGARO\" target=\"_blank\" rel=\"noopener\">Neymar<\/a>\u00a0a post\u00e9 une photo dans laquelle il remercie le club parisien de lui avoir envoy\u00e9 plusieurs maillots. Le Paris Saint-Germain a m\u00eame floqu\u00e9 le nom de ses quatre enfants\u00a0: Davi Lucca, Helena, Mavie et Mel.<\/p>\n<p class=\"fig-paragraph\">Un beau geste de la part du club champion de France et d\u2019Europe en titre, qui n\u2019a pas oubli\u00e9 le Br\u00e9silien, joueur parisien de 2017 \u00e0 2023. Neymar n\u2019avait pas manqu\u00e9 non plus d\u2019applaudir et de f\u00e9liciter Paris apr\u00e8s le sacre en\u00a0<a href=\"http:\/\/www.lefigaro.fr\/sports\/football\/ligue-des-champions\/la-saison-la-plus-inoubliable-de-notre-histoire-le-long-message-de-nasser-al-khelaifi-aux-supporters-du-psg-20250716\" data-fig-type=\"NewsFlash\" data-gtm-custom-categorie=\"navigation\" data-gtm-custom-action=\"crossclick\" data-gtm-custom-label=\"Contextuel\" data-gtm-event=\"customEventSPE\" data-fig-domain=\"LEFIGARO\" target=\"_blank\" rel=\"noopener\">Ligue des champions<\/a>. Une relation qui se poursuit, m\u00eame \u00e0 distance.<\/p>\n<p>    Des maillots ont \u00e9t\u00e9 envoy\u00e9s \u00e0 Neymar.<br \/>\n                Neymar\/Instagram<\/p>\n","protected":false},"excerpt":{"rendered":"LE SCAN SPORT &#8211; Dans une \u00abstory\u00bb publi\u00e9e sur son compte Instagram, le Br\u00e9silien a remerci\u00e9 le PSG&hellip;\n","protected":false},"author":2,"featured_media":262463,"comment_status":"","ping_status":"","sticky":false,"template":"","format":"standard","meta":{"footnotes":""},"categories":[1888],"tags":[1111,1928,11,1927,1777,674,1011,27,4977,12,1926,23921,626,1925,93,25],"class_list":{"0":"post-262462","1":"post","2":"type-post","3":"status-publish","4":"format-standard","5":"has-post-thumbnail","7":"category-paris","8":"tag-actu","9":"tag-actu-paris","10":"tag-actualites","11":"tag-actualites-paris","12":"tag-eu","13":"tag-europe","14":"tag-fr","15":"tag-france","16":"tag-le-scan-sport","17":"tag-news","18":"tag-news-paris","19":"tag-neymar","20":"tag-paris","21":"tag-paris-news","22":"tag-psg","23":"tag-republique-francaise"},"share_on_mastodon":{"url":"https:\/\/pubeurope.com\/@fr\/114889163056442459","error":""},"_links":{"self":[{"href":"https:\/\/www.europesays.com\/fr\/wp-json\/wp\/v2\/posts\/262462","targetHints":{"allow":["GET"]}}],"collection":[{"href":"https:\/\/www.europesays.com\/fr\/wp-json\/wp\/v2\/posts"}],"about":[{"href":"https:\/\/www.europesays.com\/fr\/wp-json\/wp\/v2\/types\/post"}],"author":[{"embeddable":true,"href":"https:\/\/www.europesays.com\/fr\/wp-json\/wp\/v2\/users\/2"}],"replies":[{"embeddable":true,"href":"https:\/\/www.europesays.com\/fr\/wp-json\/wp\/v2\/comments?post=262462"}],"version-history":[{"count":0,"href":"https:\/\/www.europesays.com\/fr\/wp-json\/wp\/v2\/posts\/262462\/revisions"}],"wp:featuredmedia":[{"embeddable":true,"href":"https:\/\/www.europesays.com\/fr\/wp-json\/wp\/v2\/media\/262463"}],"wp:attachment":[{"href":"https:\/\/www.europesays.com\/fr\/wp-json\/wp\/v2\/media?parent=262462"}],"wp:term":[{"taxonomy":"category","embeddable":true,"href":"https:\/\/www.europesays.com\/fr\/wp-json\/wp\/v2\/categories?post=262462"},{"taxonomy":"post_tag","embeddable":true,"href":"https:\/\/www.europesays.com\/fr\/wp-json\/wp\/v2\/tags?post=262462"}],"curies":[{"name":"wp","href":"https:\/\/api.w.org\/{rel}","templated":true}]}}