{"id":262469,"date":"2025-07-21T03:48:15","date_gmt":"2025-07-21T03:48:15","guid":{"rendered":"https:\/\/www.europesays.com\/fr\/262469\/"},"modified":"2025-07-21T03:48:15","modified_gmt":"2025-07-21T03:48:15","slug":"un-mort-et-deux-blesses-dans-des-frappes-russes-sur-kiev","status":"publish","type":"post","link":"https:\/\/www.europesays.com\/fr\/262469\/","title":{"rendered":"un mort et deux bless\u00e9s dans des frappes russes sur Kiev"},"content":{"rendered":"\n<p class=\"post__live-container--answer-text post__space-node\">\u00ab\u00a0Dans le secteur de Pokrovsk, les envahisseurs russes ont tent\u00e9 \u00e0 17 reprises depuis le d\u00e9but de la journ\u00e9e de d\u00e9loger les soldats ukrainiens de leurs positions dans les zones proches des localit\u00e9s de Poltavka, d\u2019Oudatchne, de Novoeekonomichne, de Lyssivka, de Zvirove, de Novopavlivka, de Horikhove, d\u2019Oleksi\u00efvka, et en direction de Pokrovsk et de Myrnohrad\u00a0\u00bb, peut-on notamment lire dans le rapport, qui pr\u00e9cise que l\u2019arm\u00e9e ukrainienne a d\u00e9j\u00e0 repouss\u00e9 14\u00a0attaques dans ce secteur.<\/p>\n","protected":false},"excerpt":{"rendered":"\u00ab\u00a0Dans le secteur de Pokrovsk, les envahisseurs russes ont tent\u00e9 \u00e0 17 reprises depuis le d\u00e9but de la&hellip;\n","protected":false},"author":2,"featured_media":262470,"comment_status":"","ping_status":"","sticky":false,"template":"","format":"standard","meta":{"footnotes":""},"categories":[1591],"tags":[11,1887,12,1885,1886,132],"class_list":{"0":"post-262469","1":"post","2":"type-post","3":"status-publish","4":"format-standard","5":"has-post-thumbnail","7":"category-russie","8":"tag-actualites","9":"tag-federation-de-russie","10":"tag-news","11":"tag-russia","12":"tag-russian-federation","13":"tag-russie"},"share_on_mastodon":{"url":"https:\/\/pubeurope.com\/@fr\/114889182669283154","error":""},"_links":{"self":[{"href":"https:\/\/www.europesays.com\/fr\/wp-json\/wp\/v2\/posts\/262469","targetHints":{"allow":["GET"]}}],"collection":[{"href":"https:\/\/www.europesays.com\/fr\/wp-json\/wp\/v2\/posts"}],"about":[{"href":"https:\/\/www.europesays.com\/fr\/wp-json\/wp\/v2\/types\/post"}],"author":[{"embeddable":true,"href":"https:\/\/www.europesays.com\/fr\/wp-json\/wp\/v2\/users\/2"}],"replies":[{"embeddable":true,"href":"https:\/\/www.europesays.com\/fr\/wp-json\/wp\/v2\/comments?post=262469"}],"version-history":[{"count":0,"href":"https:\/\/www.europesays.com\/fr\/wp-json\/wp\/v2\/posts\/262469\/revisions"}],"wp:featuredmedia":[{"embeddable":true,"href":"https:\/\/www.europesays.com\/fr\/wp-json\/wp\/v2\/media\/262470"}],"wp:attachment":[{"href":"https:\/\/www.europesays.com\/fr\/wp-json\/wp\/v2\/media?parent=262469"}],"wp:term":[{"taxonomy":"category","embeddable":true,"href":"https:\/\/www.europesays.com\/fr\/wp-json\/wp\/v2\/categories?post=262469"},{"taxonomy":"post_tag","embeddable":true,"href":"https:\/\/www.europesays.com\/fr\/wp-json\/wp\/v2\/tags?post=262469"}],"curies":[{"name":"wp","href":"https:\/\/api.w.org\/{rel}","templated":true}]}}