{"id":262477,"date":"2025-07-21T03:52:10","date_gmt":"2025-07-21T03:52:10","guid":{"rendered":"https:\/\/www.europesays.com\/fr\/262477\/"},"modified":"2025-07-21T03:52:10","modified_gmt":"2025-07-21T03:52:10","slug":"clash-chez-les-bleues-apres-france-allemagne","status":"publish","type":"post","link":"https:\/\/www.europesays.com\/fr\/262477\/","title":{"rendered":"Clash chez les Bleues apr\u00e8s France-Allemagne ?"},"content":{"rendered":"<p><strong>L\u2019\u00e9limination de l\u2019\u00e9quipe de<br \/>\nFrance f\u00e9minine contre l\u2019Allemagne, en quarts de finale de l\u2019Euro<br \/>\n2025, pourrait provoquer des remous.<\/strong><\/p>\n<p>\u00ab\u00a0Il y a peut-\u00eatre un sentiment de trop grande r\u00e9ussite<br \/>\nsur les trois premiers matches, et un manque d\u2019humilit\u00e9 qui nous a<br \/>\np\u00e9nalis\u00e9s.\u00a0\u00bb Interrog\u00e9 par L\u2019Equipe, Jean-Michel<br \/>\nAulas ne veut accabler personne apr\u00e8s <a href=\"https:\/\/www.football.fr\/equipe-de-france\/les-bleues-sont-maudites-762162.html\" rel=\"nofollow noopener\" target=\"_blank\"><br \/>\nl\u2019\u00e9limination subie par l\u2019\u00e9quipe de France contre l\u2019Allemagne (1-1,<br \/>\n5-6 tab)<\/a>, samedi soir en quarts de finale de l\u2019Euro 2025<br \/>\nf\u00e9minin.<\/p>\n<p>Le vice-pr\u00e9sident de la FFF, en charge du football f\u00e9minin,<br \/>\nattend de discuter avec Laurent Bonadei pour comprendre les raisons<br \/>\nde ce qu\u2019il qualifie d\u2019\u00ab\u00a0\u00e9chec\u00a0\u00bb. Malgr\u00e9 tout,<br \/>\nil y a pour lui \u00ab\u00a0un sujet tactique\u00a0\u00bb \u00e0 r\u00e9gler:<br \/>\n\u00ab\u00a0c\u2019est comment jouer devant un bloc tr\u00e8s<br \/>\nregroup\u00e9\u00a0\u00bb, comme celui form\u00e9 par des Allemandes r\u00e9duites<br \/>\n\u00e0 dix d\u00e8s la 13e minute de jeu.<\/p>\n<blockquote class=\"twitter-tweet\"><p><a class=\"twitter-link\" rel=\"noindex, nofollow noopener\" href=\"https:\/\/twitter.com\/football_fr\/status\/1946832160729526435?s=46&amp;t=Ng37CUMdUaS4hSZh2CDipA\" target=\"_blank\"><br \/>\n<\/a><\/p><\/blockquote>\n<p>\u00ab\u00a0Et puis, dit-il, il y a ces s\u00e9ances de tirs<br \/>\nau but, o\u00f9 c\u2019est souvent la bouteille \u00e0 l\u2019encre. C\u2019est vrai qu\u2019il y<br \/>\na quelques attitudes qui interpellent.\u00a0\u00bb Le s\u00e9lectionneur<br \/>\ndes Bleues, qui n\u2019a pas trop insist\u00e9 sur cet exercice avec ses<br \/>\njoueuses en pr\u00e9parant le match, devra donc fournir des<br \/>\nexplications. Mais ses oreilles pourraient bien siffler<br \/>\ndavantage.<\/p>\n<p>Une joueuse des Bleues pr\u00eate \u00e0 vider son sac<\/p>\n<p>Avant la comp\u00e9tition, son choix d\u2019\u00e9carter trois cadres, Wendie<br \/>\nRenard, Eug\u00e9nie Le Sommer et Kenza Dali, a fait na\u00eetre des<br \/>\nranc\u0153urs. Cette derni\u00e8re, tr\u00e8s d\u00e9\u00e7ue de ne pas figurer dans la<br \/>\nliste, a ainsi promis de vider son sac une fois les Tricolores<br \/>\nhors-course. Le moment est venu pour la milieu de terrain du San<br \/>\nDiego Wave de passer \u00e0 table.<\/p>\n<p>\u00ab\u00a0J\u2019ai trop de respect pour le maillot pour donner ma<br \/>\nversion de l\u2019histoire maintenant, avait-elle confi\u00e9 au<br \/>\nGuardian, d\u00e9but juin. C\u2019est vraiment difficile \u00e0<br \/>\ndig\u00e9rer parce qu\u2019il y a beaucoup de mensonges dans l\u2019histoire qui a<br \/>\n\u00e9t\u00e9 racont\u00e9e. Mais je dirai ce que j\u2019en pense apr\u00e8s<br \/>\nl\u2019Euro.\u00a0\u00bb Ira-t-elle au clash avec Laurent Bonadei ? On<br \/>\nle saura bient\u00f4t\u2026<\/p>\n<blockquote class=\"twitter-tweet\"><p><a class=\"twitter-link\" rel=\"noindex, nofollow noopener\" href=\"https:\/\/twitter.com\/football_fr\/status\/1946891029828792333?s=46&amp;t=Ng37CUMdUaS4hSZh2CDipA\" target=\"_blank\"><br \/>\n<\/a><\/p><\/blockquote>\n<p>\u00a0<\/p>\n<p><script async src=\"https:\/\/platform.twitter.com\/widgets.js\" charset=\"utf-8\"><\/script><\/p>\n","protected":false},"excerpt":{"rendered":"L\u2019\u00e9limination de l\u2019\u00e9quipe de France f\u00e9minine contre l\u2019Allemagne, en quarts de finale de l\u2019Euro 2025, pourrait provoquer des&hellip;\n","protected":false},"author":2,"featured_media":262478,"comment_status":"","ping_status":"","sticky":false,"template":"","format":"standard","meta":{"footnotes":""},"categories":[1587],"tags":[11,672,1804,1805,1803,1777,674,1801,12,1802],"class_list":{"0":"post-262477","1":"post","2":"type-post","3":"status-publish","4":"format-standard","5":"has-post-thumbnail","7":"category-allemagne","8":"tag-actualites","9":"tag-allemagne","10":"tag-bundesrepublik-deutschland","11":"tag-de","12":"tag-deutschland","13":"tag-eu","14":"tag-europe","15":"tag-germany","16":"tag-news","17":"tag-republique-federale-dallemagne"},"share_on_mastodon":{"url":"https:\/\/pubeurope.com\/@fr\/114889198406542909","error":""},"_links":{"self":[{"href":"https:\/\/www.europesays.com\/fr\/wp-json\/wp\/v2\/posts\/262477","targetHints":{"allow":["GET"]}}],"collection":[{"href":"https:\/\/www.europesays.com\/fr\/wp-json\/wp\/v2\/posts"}],"about":[{"href":"https:\/\/www.europesays.com\/fr\/wp-json\/wp\/v2\/types\/post"}],"author":[{"embeddable":true,"href":"https:\/\/www.europesays.com\/fr\/wp-json\/wp\/v2\/users\/2"}],"replies":[{"embeddable":true,"href":"https:\/\/www.europesays.com\/fr\/wp-json\/wp\/v2\/comments?post=262477"}],"version-history":[{"count":0,"href":"https:\/\/www.europesays.com\/fr\/wp-json\/wp\/v2\/posts\/262477\/revisions"}],"wp:featuredmedia":[{"embeddable":true,"href":"https:\/\/www.europesays.com\/fr\/wp-json\/wp\/v2\/media\/262478"}],"wp:attachment":[{"href":"https:\/\/www.europesays.com\/fr\/wp-json\/wp\/v2\/media?parent=262477"}],"wp:term":[{"taxonomy":"category","embeddable":true,"href":"https:\/\/www.europesays.com\/fr\/wp-json\/wp\/v2\/categories?post=262477"},{"taxonomy":"post_tag","embeddable":true,"href":"https:\/\/www.europesays.com\/fr\/wp-json\/wp\/v2\/tags?post=262477"}],"curies":[{"name":"wp","href":"https:\/\/api.w.org\/{rel}","templated":true}]}}