{"id":262485,"date":"2025-07-21T03:56:18","date_gmt":"2025-07-21T03:56:18","guid":{"rendered":"https:\/\/www.europesays.com\/fr\/262485\/"},"modified":"2025-07-21T03:56:18","modified_gmt":"2025-07-21T03:56:18","slug":"le-camping-cest-une-fois-par-an-aux-vieilles-charrues-ils-ont-passe-la-quarantaine-et-restent-fideles-a-la-toile-de-tente","status":"publish","type":"post","link":"https:\/\/www.europesays.com\/fr\/262485\/","title":{"rendered":"\u00ab\u00a0Le camping, c\u2019est une fois par an !\u00a0\u00bb\u00a0: aux Vieilles Charrues, ils ont pass\u00e9 la quarantaine et restent fid\u00e8les \u00e0 la toile de tente"},"content":{"rendered":"<p>Pour croiser des quinquag\u00e9naires au camping des Vieilles Charrues, il faut avoir l\u2019\u0153il grand ouvert, d\u00e9passer des centaines de tentes d\u00e9pliables en deux secondes, et marcher quelques kilom\u00e8tres avant de les trouver, bien install\u00e9s. Parmi les 35 000 festivaliers \u00e0 camper sur le site du festival, ils ne sont que quelques-uns, \u00e0 avoir plant\u00e9, d\u00e8s mercredi, leur tente sur le terrain de 20 hectares, enti\u00e8rement gratuit. Venus entre amis et en couple, si pour certains camper aux Charrues est une tradition, pour d\u2019autres, c\u2019est l\u2019occasion de vivre une 33e \u00e9dition \u00ab autrement. \u00bb<\/p>\n<p>La zone zen pour un maximum de tranquillit\u00e9<\/p>\n<p>\u00ab En 2010, on \u00e9tait en zone 5. Mais en vieillissant, on grimpe aussi dans les num\u00e9ros du camping \u00bb, sourit David, 51 ans, cal\u00e9 dans son fauteuil. Il vient aux Charrues depuis 1997, et n\u2019a pas manqu\u00e9 une \u00e9dition au camping depuis 2009. Chaque ann\u00e9e, le m\u00eame rituel : arriv\u00e9e le mercredi avec trois ou quatre copains, puis le reste du groupe \u2014 conjoints compris \u2014 les rejoint au fil des jours. Cette fois, ils seront treize. Et pour avoir un peu de calme cette ann\u00e9e, ils ont pos\u00e9 leurs tentes \u00e0 l\u2019extr\u00e9mit\u00e9 du camping, en zone zen. \u00ab \u00c0 50 ans, on r\u00e9cup\u00e8re moins vite qu\u2019\u00e0 20 \u00bb, reconna\u00eet le Galicien. Leurs ados, eux, dorment plus loin. \u00ab Chacun son espace, mais on garde un \u0153il sur eux. \u00bb<\/p>\n<p>Si, les premi\u00e8res ann\u00e9es, ils dormaient sur des serviettes. Aujourd\u2019hui, place aux tentes familiales, matelas, voile d\u2019ombrage et glaci\u00e8res. Ils cong\u00e8lent leurs poches d\u2019eau, pr\u00e9parent punchs et Margaritas, mangent sur le site, mais soignent l\u2019ap\u00e9ro. Trois jours de pr\u00e9paration sont n\u00e9cessaires. Dans le groupe, Gorgio, 45 ans, en est lui \u00e0 sa septi\u00e8me ann\u00e9e de camping, et il ne garde que de bons de cohabitation avec les jeunes \u00ab il n\u2019y a jamais eu d\u2019altercations, m\u00eame les jeunes s\u2019arr\u00eatent discuter. \u00bb Ga\u00ebl, 50 ans, n\u2019a lui qu\u2019un regret : ne pas avoir rejoint les copains plus t\u00f4t.<\/p>\n<p>Plus proches de l\u2019entr\u00e9e, en zone 5, cinq amis \u00e2g\u00e9s de 49 \u00e0 53 ans venus de Paris et du Mans ont, eux aussi, sorti les sardines pour quatre nuits. Pour certains, c\u2019est la quatri\u00e8me fois. Pour d\u2019autres, le bapt\u00eame. Hier, les sacs sur le dos et les glaci\u00e8res en main, les r\u00e2les ont fus\u00e9 depuis le parking. \u00ab \u00c0 ce moment-l\u00e0, on s\u2019est vraiment demand\u00e9 pourquoi on n\u2019avait pas lou\u00e9 une maison \u00bb, l\u00e2che l\u2019un, avant de nuancer : \u00ab mais le camping, c\u2019est qu\u2019une fois par an, juste pour le festoch ! Et puis on vient pour l\u2019ambiance, pas pour le confort. \u00bb<\/p>\n<p>Install\u00e9s juste \u00e0 c\u00f4t\u00e9 d\u2019une art\u00e8re de passage, ils jurent pourtant bien dormir. \u00ab Quand on a bien festoy\u00e9, on dort sans souci. Apr\u00e8s, \u00e7a d\u00e9pend des exp\u00e9riences de chacun. \u00bb Ce vendredi matin, pourtant, coup de gueule : une chaise de camping a disparu pendant la nuit. \u00ab On se l\u2019est fait tirer. Premi\u00e8re fois que \u00e7a nous arrive. \u00bb L\u2019ambiance reste bon enfant, mais le vol agace. Tout comme certaines r\u00e9flexions. \u00ab Les jeunes viennent parfois nous charrier : \u201cQu\u2019est-ce que vous foutez encore l\u00e0 \u00e0 votre \u00e2ge ?\u201d \u00bb Soupir collectif. \u00ab C\u2019est un peu lourd, \u00e0 force. \u00bb<\/p>\n<p><img decoding=\"async\" src=\"https:\/\/www.europesays.com\/fr\/wp-content\/uploads\/2025\/07\/687cead1ce321446d90ee4af.1.jpeg\" width=\"480\" height=\"300\" class=\"web_golden_m\" loading=\"lazy\" alt=\"\u00c2g\u00e9s de 49 \u00e0 53 ans, ces amis campent en zone 5, sous leur tonnelle. Ambiance d\u00e9tendue avec les jeunes, qui s\u2019arr\u00eatent r\u00e9guli\u00e8rement les saluer, malgr\u00e9 quelques remarques \u00ab\u00a0un peu lourdes.\u00a0\u00bb\"\/>\u00c2g\u00e9s de 49 \u00e0 53 ans, ces amis campent en zone 5, sous leur tonnelle. Ambiance d\u00e9tendue avec les jeunes, qui s\u2019arr\u00eatent r\u00e9guli\u00e8rement les saluer, malgr\u00e9 quelques remarques \u00ab\u00a0un peu lourdes.\u00a0\u00bb (Le T\u00e9l\u00e9gramme\/Emmy Audrain)<img decoding=\"async\" src=\"https:\/\/www.europesays.com\/fr\/wp-content\/uploads\/2025\/07\/687cead14bb9ba920e03bfe6.1.jpeg\" width=\"480\" height=\"300\" class=\"web_golden_m\" loading=\"lazy\" alt=\"Troisi\u00e8me \u00e9dition sous la tente pour Karine et C\u00e9cile, amies depuis la fac de Staps. Cette ann\u00e9e, elles ont embarqu\u00e9 C\u00e9dric, 43 ans, ancien coloc et camarade de promo. Un trio d\u00e9j\u00e0 bien rod\u00e9 aux joies du camping.\"\/>Troisi\u00e8me \u00e9dition sous la tente pour Karine et C\u00e9cile, amies depuis la fac de Staps. Cette ann\u00e9e, elles ont embarqu\u00e9 C\u00e9dric, 43 ans, ancien coloc et camarade de promo. Un trio d\u00e9j\u00e0 bien rod\u00e9 aux joies du camping. (Le T\u00e9l\u00e9gramme\/Emmy Audrain)<\/p>\n<p>En surplomb, sur les hauteurs du camping, C\u00e9cile, 44 ans, Karine, bient\u00f4t 45, et C\u00e9dric, 43, ont dress\u00e9 leur tente familiale de treize ans d\u2019\u00e2ge. <a href=\"https:\/\/www.letelegramme.fr\/culture-loisirs\/festivals\/vieilles-charrues\/pas-trop-proche-des-toilettes-pas-trop-loin-non-plus-comment-choisir-son-emplacement-au-camping-des-vieilles-charrues-6857182.php\" target=\"_blank\" rel=\"nofollow noopener\">Emplacement m\u00fbrement r\u00e9fl\u00e9chi<\/a> : ni trop loin, ni trop pr\u00e8s des troncs, pour profiter de l\u2019ombre sans l\u2019humidit\u00e9. Les toilettes sont \u00e0 proximit\u00e9, mais suffisamment \u00e9loign\u00e9s pour \u00e9viter le ballet des f\u00eatards \u00e0 3 h du matin. Arriv\u00e9s la veille \u00e0 14 h, ils ont vite flair\u00e9 le bon coin en zone 8.<\/p>\n<p>Le camping, ils l\u2019ont choisi pour sa praticit\u00e9. \u00ab On est sur place, pas besoin de voiture ni d\u2019aller dormir chez des amis d\u2019amis comme avant. Et puis c\u2019est gratuit, bonne ambiance\u2026 m\u00eame si une chaise a disparu cette nuit, raconte C\u00e9cile. \u00ab Mais bon, on l\u2019avait oubli\u00e9e dehors, c\u2019est pour nous. \u00bb. Pas de gal\u00e8re c\u00f4t\u00e9 dodo : Karine campe r\u00e9guli\u00e8rement avec ses enfants, C\u00e9cile a roul\u00e9 sa bosse chez les scouts, et C\u00e9dric monte sa tente tous les \u00e9t\u00e9s. \u00ab Le plus compliqu\u00e9, finalement, c\u2019est de rameuter le reste de la bande \u00bb, conc\u00e8de C\u00e9cile. \u00ab Certains vont chez la belle-famille, d\u2019autres renoncent direct \u00e0 cause de leur mal de dos et la peur de ne pas se relever le matin. \u00bb<\/p>\n","protected":false},"excerpt":{"rendered":"Pour croiser des quinquag\u00e9naires au camping des Vieilles Charrues, il faut avoir l\u2019\u0153il grand ouvert, d\u00e9passer des centaines&hellip;\n","protected":false},"author":2,"featured_media":262486,"comment_status":"","ping_status":"","sticky":false,"template":"","format":"standard","meta":{"footnotes":""},"categories":[2],"tags":[11,1687,3337,1011,27,12,25,35758],"class_list":{"0":"post-262485","1":"post","2":"type-post","3":"status-publish","4":"format-standard","5":"has-post-thumbnail","7":"category-actualites","8":"tag-actualites","9":"tag-culture-loisirs","10":"tag-festivals","11":"tag-fr","12":"tag-france","13":"tag-news","14":"tag-republique-francaise","15":"tag-vieilles-charrues"},"share_on_mastodon":{"url":"","error":""},"_links":{"self":[{"href":"https:\/\/www.europesays.com\/fr\/wp-json\/wp\/v2\/posts\/262485","targetHints":{"allow":["GET"]}}],"collection":[{"href":"https:\/\/www.europesays.com\/fr\/wp-json\/wp\/v2\/posts"}],"about":[{"href":"https:\/\/www.europesays.com\/fr\/wp-json\/wp\/v2\/types\/post"}],"author":[{"embeddable":true,"href":"https:\/\/www.europesays.com\/fr\/wp-json\/wp\/v2\/users\/2"}],"replies":[{"embeddable":true,"href":"https:\/\/www.europesays.com\/fr\/wp-json\/wp\/v2\/comments?post=262485"}],"version-history":[{"count":0,"href":"https:\/\/www.europesays.com\/fr\/wp-json\/wp\/v2\/posts\/262485\/revisions"}],"wp:featuredmedia":[{"embeddable":true,"href":"https:\/\/www.europesays.com\/fr\/wp-json\/wp\/v2\/media\/262486"}],"wp:attachment":[{"href":"https:\/\/www.europesays.com\/fr\/wp-json\/wp\/v2\/media?parent=262485"}],"wp:term":[{"taxonomy":"category","embeddable":true,"href":"https:\/\/www.europesays.com\/fr\/wp-json\/wp\/v2\/categories?post=262485"},{"taxonomy":"post_tag","embeddable":true,"href":"https:\/\/www.europesays.com\/fr\/wp-json\/wp\/v2\/tags?post=262485"}],"curies":[{"name":"wp","href":"https:\/\/api.w.org\/{rel}","templated":true}]}}