{"id":262489,"date":"2025-07-21T04:00:16","date_gmt":"2025-07-21T04:00:16","guid":{"rendered":"https:\/\/www.europesays.com\/fr\/262489\/"},"modified":"2025-07-21T04:00:16","modified_gmt":"2025-07-21T04:00:16","slug":"merci-ross-moriarty-et-bonne-chance-aux-ospreys","status":"publish","type":"post","link":"https:\/\/www.europesays.com\/fr\/262489\/","title":{"rendered":"Merci Ross Moriarty et bonne chance aux Ospreys"},"content":{"rendered":"<p>Merci Ross Moriarty et bonne chance aux Ospreys<\/p>\n<p>Publi\u00e9 le dimanche 20 juillet 2025 \u00e0 06:00<\/p>\n<p><img loading=\"lazy\" decoding=\"async\" src=\"https:\/\/www.europesays.com\/fr\/wp-content\/uploads\/2025\/07\/687c23c1cd393.jpg\" alt=\"\" width=\"1280\" height=\"720\"\/><\/p>\n<p><strong>Dans un march\u00e9 assez restreint, le rugby fran\u00e7ais accueille des grands joueurs du rugby international. M\u00eame sans \u00eatre le Top 14, la Pro D2 n&rsquo;est pas en reste et voit passer sur ses terrains des internationaux avec un CV bien rempli. Mais quand l&rsquo;appel de la maison se fait entendre, difficile de refuser.<br \/><\/strong><\/p>\n<p style=\"text-align: left;\">Avoir un top joueur dans ton effectif, cela fait toujours plaisir. Encore faut-il que sur le terrain, cela se voit. La Pro D2 n&rsquo;est plus prise pour un petit championnat et c&rsquo;est un championnat qui demande un investissement total de la part de tous les joueurs.<\/p>\n<p style=\"text-align: left;\">Le rugby coule dans les veines de <a href=\"https:\/\/www.allezbriverugby.com\/joueurs\/ross-moriarty\/\" rel=\"nofollow noopener\" target=\"_blank\">Ross Moriarty<\/a>. C&rsquo;est une affaire de famille, une tradition. Il passe son enfance entre l&rsquo;Angleterre et le Pays de Galles. Il d\u00e9bute le rugby sur les terres galloises mais le poursuit de l&rsquo;autre c\u00f4t\u00e9 de la fronti\u00e8re. <strong>Il d\u00e9bute en pro avec Gloucester avec qui il va remporte la Challenge Cup en 2015<\/strong>. En 2018, il fait son retour au pays, en portant le maillot des Dragons. L&rsquo;international gallois partage son temps avec sa franchise et la s\u00e9lection. En 2023, un changement d&rsquo;air est annonc\u00e9 et il va arriver plus rapidement que pr\u00e9vu. <strong>Brive obtient l&rsquo;arriv\u00e9e du 3e ligne en fin de la saison 2022\/2023<\/strong> et esp\u00e8re que cette arriv\u00e9e va permettre de cr\u00e9er une dynamique pour aller chercher le maintien. Malheureusement, cela ne se passera pas comme \u00e7a et le club chute en Pro D2. Moriarty s&rsquo;impose comme un des leaders du CAB en Pro D2 et apporte toutes ses qualit\u00e9s sur le terrain. Insuffisant malgr\u00e9 tout pour revenir en Top 14. <strong>Alors on repart pour une nouvelle saison en Pro D2 et celle-ci va \u00eatre terrible pour le 3e ligne<\/strong>. Une grosse blessure \u00e0 la cheville en octobre puis une blessure \u00e0 l&rsquo;\u00e9paule en mai et pour finir cette d\u00e9sillusion en demi-finale. <strong>Saison noire pour Moriarty et l&rsquo;ensemble du club briviste<\/strong>.<\/p>\n<p style=\"text-align: left;\">Apr\u00e8s un peu plus de deux saisons, son d\u00e9part \u00e9tait convenu apr\u00e8s <strong>41 matchs (35 titularisations, 5 essais)<\/strong> avec le maillot briviste. Son nom circule un peu partout, entre la France, l&rsquo;Angleterre et le Pays de Galles. <strong>C&rsquo;est un retour aux sources que va effectuer Ross Moriarty en s&rsquo;engageant avec les Ospreys<\/strong>, l\u00e0 o\u00f9 les Moriarty ont fait leur histoire. On boucle la boucle ainsi pour Ross qui va perp\u00e9tuer l&rsquo;h\u00e9ritage de sa famille.<\/p>\n<p style=\"text-align: left;\">\u00a0<\/p>\n<p class=\"auteur\" style=\"text-align: left;\"><strong>Merci pour ces saisons avec le CAB et bonne chance \u00e0 Swansea !<br \/><\/strong><\/p>\n<p>\u00a0<\/p>\n","protected":false},"excerpt":{"rendered":"Merci Ross Moriarty et bonne chance aux Ospreys Publi\u00e9 le dimanche 20 juillet 2025 \u00e0 06:00 Dans un&hellip;\n","protected":false},"author":2,"featured_media":262490,"comment_status":"","ping_status":"","sticky":false,"template":"","format":"standard","meta":{"footnotes":""},"categories":[1416],"tags":[1011,27,479,1468,60],"class_list":{"0":"post-262489","1":"post","2":"type-post","3":"status-publish","4":"format-standard","5":"has-post-thumbnail","7":"category-rugby","8":"tag-fr","9":"tag-france","10":"tag-rugby","11":"tag-rugby-football","12":"tag-sports"},"share_on_mastodon":{"url":"https:\/\/pubeurope.com\/@fr\/114889229991920398","error":""},"_links":{"self":[{"href":"https:\/\/www.europesays.com\/fr\/wp-json\/wp\/v2\/posts\/262489","targetHints":{"allow":["GET"]}}],"collection":[{"href":"https:\/\/www.europesays.com\/fr\/wp-json\/wp\/v2\/posts"}],"about":[{"href":"https:\/\/www.europesays.com\/fr\/wp-json\/wp\/v2\/types\/post"}],"author":[{"embeddable":true,"href":"https:\/\/www.europesays.com\/fr\/wp-json\/wp\/v2\/users\/2"}],"replies":[{"embeddable":true,"href":"https:\/\/www.europesays.com\/fr\/wp-json\/wp\/v2\/comments?post=262489"}],"version-history":[{"count":0,"href":"https:\/\/www.europesays.com\/fr\/wp-json\/wp\/v2\/posts\/262489\/revisions"}],"wp:featuredmedia":[{"embeddable":true,"href":"https:\/\/www.europesays.com\/fr\/wp-json\/wp\/v2\/media\/262490"}],"wp:attachment":[{"href":"https:\/\/www.europesays.com\/fr\/wp-json\/wp\/v2\/media?parent=262489"}],"wp:term":[{"taxonomy":"category","embeddable":true,"href":"https:\/\/www.europesays.com\/fr\/wp-json\/wp\/v2\/categories?post=262489"},{"taxonomy":"post_tag","embeddable":true,"href":"https:\/\/www.europesays.com\/fr\/wp-json\/wp\/v2\/tags?post=262489"}],"curies":[{"name":"wp","href":"https:\/\/api.w.org\/{rel}","templated":true}]}}