{"id":262493,"date":"2025-07-21T04:03:09","date_gmt":"2025-07-21T04:03:09","guid":{"rendered":"https:\/\/www.europesays.com\/fr\/262493\/"},"modified":"2025-07-21T04:03:09","modified_gmt":"2025-07-21T04:03:09","slug":"motogp-passe-inapercu-a-brno-le-classement-corrige-apres-larrivee-un-pilote-puni-post-g-p","status":"publish","type":"post","link":"https:\/\/www.europesays.com\/fr\/262493\/","title":{"rendered":"MotoGP Pass\u00e9 inaper\u00e7u \u00e0 Brno, le classement corrig\u00e9 apr\u00e8s l&rsquo;arriv\u00e9e, un pilote puni post G.P"},"content":{"rendered":"<p>Dimanche dernier, au moment du passage du drapeau \u00e0 damier sur le Grand-Prix de Tch\u00e9quie de MotoGP, le classement a \u00e9t\u00e9 rectifi\u00e9, sans que l\u2019information ne soit particuli\u00e8rement mise en avant. En effet, le rookie Fermin Aldeguer, initialement positionn\u00e9 \u00e0 la huiti\u00e8me place, apr\u00e8s avoir op\u00e9r\u00e9 une belle remont\u00e9e, a \u00e9t\u00e9 d\u00e9class\u00e9e. Les commissaires ayant d\u00e9cid\u00e9 de lui infliger une p\u00e9nalit\u00e9 de trois secondes, retranch\u00e9e \u00e0 son temps.<\/p>\n<p>MotoGP : Jack Miller promu dans le top dix<\/p>\n<p>La raison, une attaque jug\u00e9e illicite et dangereuse sur Miguel Oliveira (Pramac Yamaha). Suite \u00e0 cela, l\u2019Espagnol est donc pass\u00e9 de la huiti\u00e8me \u00e0 la onzi\u00e8me place. Permettant, ainsi, \u00e0 Brad Binder et Pol Espargaro de grimper d\u2019une place, pour se retrouver respectivement huiti\u00e8me et neuvi\u00e8me. Pour sa part, le pilote Pramac Yamaha Jack Miller gagnait une place et revenait finalement dans le top dix. Ainsi, dans le duel opposant les deux co\u00e9quipiers, pour l\u2019obtention du dernier guidon disponible l\u2019an prochain au sein de l\u2019\u00e9curie satellite, l\u2019Australien parait sortir gagnant. La d\u00e9cision \u00e9tant susceptible d\u2019\u00eatre prise pendant la pause estivale\u2026<\/p>\n<p>\u201cCe fut une course longue et difficile\u201c, t\u00e9moignait Jack Miller, une fois le drapeau \u00e0 damier agit\u00e9, \u00e0 Brno. \u201cJ\u2019ai pris un bon d\u00e9part \u2013 meilleur que lors de la course sprint \u2013 et je me sentais plut\u00f4t bien. Nous \u00e9tions tr\u00e8s prudents, sans vraiment \u00eatre s\u00fbrs des pneus. J\u2019ai trouv\u00e9 un bon rythme derri\u00e8re Jorge, et tout s\u2019est bien pass\u00e9 jusqu\u2019\u00e0 environ sept tours de la fin. J\u2019ai modifi\u00e9 le r\u00e9glage du frein moteur et, pratiquement au m\u00eame moment, j\u2019ai commenc\u00e9 \u00e0 avoir des difficult\u00e9s dans le virage 3. L\u2019embrayage se bloquait, ne me donnant pratiquement aucun frein moteur. J\u2019avais m\u00eame du mal \u00e0 savoir quel rapport j\u2019\u00e9tais engag\u00e9, car on ne sentait pas vraiment les r\u00e9trogradations. J\u2019ai donc d\u00fb r\u00e9inventer mon pilotage dans ces derniers tours, ce qui a \u00e9t\u00e9 difficile. J\u2019avais r\u00e9ussi \u00e0 freiner assez tard pour me d\u00e9fendre contre les d\u00e9passements, mais une fois le probl\u00e8me apparu, j\u2019ai d\u00fb laisser de la marge et je suis devenu vuln\u00e9rable aux tentatives de d\u00e9passement de Brad et Pol. Je ne suis pas satisfait des trois derniers tours, mais c\u2019est comme \u00e7a\u201c, concluait le pilote Pramac, insatisfait de son classement final.<\/p>\n<blockquote class=\"twitter-tweet\">\n<p dir=\"ltr\" lang=\"en\">Happy Birthday to our Team Principal, Paolo Campinoti! \ud83c\udf89<br \/>Thanks for always pushing us to be our best, enjoy your special day! \ud83e\udd73 <a href=\"https:\/\/t.co\/LmecYnxIHa\">pic.twitter.com\/LmecYnxIHa<\/a><\/p>\n<p>\u2014 Pramac Racing (@pramacracing) <a href=\"https:\/\/twitter.com\/pramacracing\/status\/1945428864525615382?ref_src=twsrc%5Etfw\" target=\"_blank\" rel=\"noopener\">July 16, 2025<\/a><\/p>\n<\/blockquote>\n<p>\u00ab J\u2019\u00e9tais d\u00e9j\u00e0 au virage 7, genou \u00e0 terre, lorsque Ferm\u00edn [Aldeguer] est entr\u00e9 l\u00e0 o\u00f9 il n\u2019y avait absolument aucune place et m\u2019a pouss\u00e9, me faisant perdre quatre ou cinq positions\u201c, relatait le pilote Portugais, qui sortait malheureusement des points suite \u00e0 ce contact malheureux. Cela a ruin\u00e9 ma course. Mais avant cela, quelque chose d\u2019\u00e9trange s\u2019est produit avec les pneus : je n\u2019arrivais m\u00eame pas \u00e0 retrouver le rythme du warm-up du matin, ce qui \u00e9tait assez surprenant. J\u2019ai fait 1\u201953\u201d au warm-up, et en course, je n\u2019ai pas pu descendre en dessous de 1\u201955\u201d. Vraiment \u00e9trange. Il y a certainement quelque chose \u00e0 analyser. Quant \u00e0 Ferm\u00edn, il n\u2019y a rien \u00e0 dire, il a \u00e9cop\u00e9 de sa p\u00e9nalit\u00e9 apr\u00e8s la course, donc c\u2019est bon. \u00bb, commentait l\u2019int\u00e9ress\u00e9, concernant la sanction inflig\u00e9e \u00e0 son concurrent, post Grand-Prix de R\u00e9publique Tch\u00e8que.<\/p>\n<p>Voici le nouveau classement, apr\u00e8s la sanction appliqu\u00e9e au pilote ib\u00e9rique.<\/p>\n<ol>\n<li>Marc Marquez (Ducati)<\/li>\n<li>Marco Bezzecchi (Aprilia)<\/li>\n<li>Pedro Acosta (KTM)<\/li>\n<li>Francesco Bagnaia (Ducati)<\/li>\n<li>Raul Fernandez (Trackhouse)<\/li>\n<li>Fabio Quartararo (Yamaha)<\/li>\n<li>Jorge Martin (Aprilia)<\/li>\n<li>Brad Binder (KTM)<\/li>\n<li>Pol Espargaro (Tech3)<\/li>\n<li>Jack Miller (Pramac)<\/li>\n<li>Fermin Aldeguer (Gresini)<\/li>\n<li>Luca Marini (Honda)<\/li>\n<li>Johann Zarco (LCR)<\/li>\n<li>Ai Ogura (Trackhouse)<\/li>\n<li>Alex Rins (Yamaha)<\/li>\n<li>Fabio di Giannantonio (VR46)<\/li>\n<li>Miguel Oliveira (Pramac)<\/li>\n<li>Augusto Fernandez (Yamaha)<\/li>\n<\/ol>\n<p>Article publi\u00e9 le 21\/07\/2025 \u00e0 5h52<\/p>\n<p>                                                            <script async src=\"https:\/\/platform.twitter.com\/widgets.js\" charset=\"utf-8\"><\/script><\/p>\n","protected":false},"excerpt":{"rendered":"Dimanche dernier, au moment du passage du drapeau \u00e0 damier sur le Grand-Prix de Tch\u00e9quie de MotoGP, le&hellip;\n","protected":false},"author":2,"featured_media":262494,"comment_status":"","ping_status":"","sticky":false,"template":"","format":"standard","meta":{"footnotes":""},"categories":[1413],"tags":[1981,1011,27,1457,1456,1458,60],"class_list":{"0":"post-262493","1":"post","2":"type-post","3":"status-publish","4":"format-standard","5":"has-post-thumbnail","7":"category-moto","8":"tag-classement","9":"tag-fr","10":"tag-france","11":"tag-moto","12":"tag-motocycle","13":"tag-motogp","14":"tag-sports"},"share_on_mastodon":{"url":"https:\/\/pubeurope.com\/@fr\/114889241715916596","error":""},"_links":{"self":[{"href":"https:\/\/www.europesays.com\/fr\/wp-json\/wp\/v2\/posts\/262493","targetHints":{"allow":["GET"]}}],"collection":[{"href":"https:\/\/www.europesays.com\/fr\/wp-json\/wp\/v2\/posts"}],"about":[{"href":"https:\/\/www.europesays.com\/fr\/wp-json\/wp\/v2\/types\/post"}],"author":[{"embeddable":true,"href":"https:\/\/www.europesays.com\/fr\/wp-json\/wp\/v2\/users\/2"}],"replies":[{"embeddable":true,"href":"https:\/\/www.europesays.com\/fr\/wp-json\/wp\/v2\/comments?post=262493"}],"version-history":[{"count":0,"href":"https:\/\/www.europesays.com\/fr\/wp-json\/wp\/v2\/posts\/262493\/revisions"}],"wp:featuredmedia":[{"embeddable":true,"href":"https:\/\/www.europesays.com\/fr\/wp-json\/wp\/v2\/media\/262494"}],"wp:attachment":[{"href":"https:\/\/www.europesays.com\/fr\/wp-json\/wp\/v2\/media?parent=262493"}],"wp:term":[{"taxonomy":"category","embeddable":true,"href":"https:\/\/www.europesays.com\/fr\/wp-json\/wp\/v2\/categories?post=262493"},{"taxonomy":"post_tag","embeddable":true,"href":"https:\/\/www.europesays.com\/fr\/wp-json\/wp\/v2\/tags?post=262493"}],"curies":[{"name":"wp","href":"https:\/\/api.w.org\/{rel}","templated":true}]}}