{"id":26250,"date":"2025-04-15T09:25:10","date_gmt":"2025-04-15T09:25:10","guid":{"rendered":"https:\/\/www.europesays.com\/fr\/26250\/"},"modified":"2025-04-15T09:25:10","modified_gmt":"2025-04-15T09:25:10","slug":"fuite-dazote-mortelle-dans-un-club-de-sport-a-paris-cest-une-personne-que-je-croisais-souvent-a-la-salle","status":"publish","type":"post","link":"https:\/\/www.europesays.com\/fr\/26250\/","title":{"rendered":"Fuite d\u2019azote mortelle dans un club de sport \u00e0 Paris\u00a0: \u00ab\u00a0C\u2019est une personne que je croisais souvent \u00e0 la salle\u00a0\u00bb"},"content":{"rendered":"<p class=\"paragraph text_align_left\">Sous les regards ferm\u00e9s d\u2019un groupe de sportifs, des services fun\u00e9raires \u00e9vacuent un corps recouvert d\u2019un drap blanc. Patientant devant la salle de sport On Air, boulevard Voltaire, dans le XIe arrondissement de Paris, quelques personnes affichent une mine grave, visiblement affect\u00e9es par le drame qui vient de se produire. Ce lundi soir, <a href=\"https:\/\/www.leparisien.fr\/paris-75\/intoxication-dans-une-salle-de-sport-a-paris-une-personne-decedee-et-une-autre-en-urgence-absolue-14-04-2025-UEKTZC6OEVEQDBRVDJMIXVL2J4.php\" target=\"_blank\" rel=\"nofollow noopener\">apr\u00e8s une fuite d\u2019azote dans l\u2019\u00e9tablissement<\/a>, une personne a en effet perdu la vie, et une autre serait \u00ab entre la vie et la mort \u00bb.<\/p>\n<p class=\"paragraph text_align_left\">L\u2019incident se serait produit peu avant 18h20, quand les secours ont \u00e9t\u00e9 mobilis\u00e9s \u00ab pour deux personnes en arr\u00eat cardiorespiratoire \u00bb, indique la pr\u00e9fecture de police de Paris au Parisien. Sur place, les deux victimes se sont vues prodiguer des premiers soins. Environ 150 personnes ont quant \u00e0 elles \u00e9t\u00e9 \u00e9vacu\u00e9es des lieux.<\/p>\n","protected":false},"excerpt":{"rendered":"Sous les regards ferm\u00e9s d\u2019un groupe de sportifs, des services fun\u00e9raires \u00e9vacuent un corps recouvert d\u2019un drap blanc.&hellip;\n","protected":false},"author":2,"featured_media":26251,"comment_status":"","ping_status":"","sticky":false,"template":"","format":"standard","meta":{"footnotes":""},"categories":[1888],"tags":[11,1777,674,118,1011,27,1944,12,626,25],"class_list":{"0":"post-26250","1":"post","2":"type-post","3":"status-publish","4":"format-standard","5":"has-post-thumbnail","7":"category-paris","8":"tag-actualites","9":"tag-eu","10":"tag-europe","11":"tag-faits-divers","12":"tag-fr","13":"tag-france","14":"tag-ma-ville","15":"tag-news","16":"tag-paris","17":"tag-republique-francaise"},"share_on_mastodon":{"url":"https:\/\/pubeurope.com\/@fr\/114341263740194047","error":""},"_links":{"self":[{"href":"https:\/\/www.europesays.com\/fr\/wp-json\/wp\/v2\/posts\/26250","targetHints":{"allow":["GET"]}}],"collection":[{"href":"https:\/\/www.europesays.com\/fr\/wp-json\/wp\/v2\/posts"}],"about":[{"href":"https:\/\/www.europesays.com\/fr\/wp-json\/wp\/v2\/types\/post"}],"author":[{"embeddable":true,"href":"https:\/\/www.europesays.com\/fr\/wp-json\/wp\/v2\/users\/2"}],"replies":[{"embeddable":true,"href":"https:\/\/www.europesays.com\/fr\/wp-json\/wp\/v2\/comments?post=26250"}],"version-history":[{"count":0,"href":"https:\/\/www.europesays.com\/fr\/wp-json\/wp\/v2\/posts\/26250\/revisions"}],"wp:featuredmedia":[{"embeddable":true,"href":"https:\/\/www.europesays.com\/fr\/wp-json\/wp\/v2\/media\/26251"}],"wp:attachment":[{"href":"https:\/\/www.europesays.com\/fr\/wp-json\/wp\/v2\/media?parent=26250"}],"wp:term":[{"taxonomy":"category","embeddable":true,"href":"https:\/\/www.europesays.com\/fr\/wp-json\/wp\/v2\/categories?post=26250"},{"taxonomy":"post_tag","embeddable":true,"href":"https:\/\/www.europesays.com\/fr\/wp-json\/wp\/v2\/tags?post=26250"}],"curies":[{"name":"wp","href":"https:\/\/api.w.org\/{rel}","templated":true}]}}