{"id":262503,"date":"2025-07-21T04:08:11","date_gmt":"2025-07-21T04:08:11","guid":{"rendered":"https:\/\/www.europesays.com\/fr\/262503\/"},"modified":"2025-07-21T04:08:11","modified_gmt":"2025-07-21T04:08:11","slug":"oubliee-sous-la-terre-pendant-70-ans-une-oeuvre-renait-dans-cette-ville-en-gironde","status":"publish","type":"post","link":"https:\/\/www.europesays.com\/fr\/262503\/","title":{"rendered":"Oubli\u00e9e sous la terre pendant 70 ans, une \u0153uvre rena\u00eet dans cette ville en Gironde"},"content":{"rendered":"<p>            Par<br \/>\n        <strong><br \/>\n            <a href=\"https:\/\/actu.fr\/auteur\/esteban-laurens\" title=\"Consulter tous les articles de Esteban Laurens\" rel=\"nofollow noopener\" target=\"_blank\">Esteban Laurens<\/a><br \/>\n        <\/strong><\/p>\n<p>        Publi\u00e9 le<\/p>\n<p>            20 juil. 2025 \u00e0 20h00        <\/p>\n<p data-end=\"751\">En 2014, apr\u00e8s avoir pass\u00e9 pr\u00e8s de 70\u00a0ans ensevelie sous la terre, une statue refait surface au domaine de la Flotte, \u00e0 <a href=\"https:\/\/actu.fr\/nouvelle-aquitaine\/bazas_33036\" rel=\"nofollow noopener\" target=\"_blank\">Bazas <\/a>en <a href=\"https:\/\/actu.fr\/nouvelle-aquitaine\/gironde_33\" rel=\"nofollow noopener\" target=\"_blank\">Gironde<\/a>. Depuis d\u00e9cembre\u00a02024, la restauratrice Tiziana Mazzoni lui redonne vie, fragment par fragment, avec patience et passion. Une \u0153uvre ab\u00eem\u00e9e, marqu\u00e9e par l\u2019humidit\u00e9, les pillages, l\u2019oubli\u2026 mais jamais abandonn\u00e9e. \u00c0 l\u2019approche des Journ\u00e9es du patrimoine, cette pi\u00e8ce unique, \u00e0 l\u2019histoire tr\u00e8s particuli\u00e8re, s\u2019appr\u00eate \u00e0 rencontrer \u00e0 nouveau le regard du public.<\/p>\n<p>Une red\u00e9couverte charg\u00e9e d\u2019histoire<\/p>\n<p data-end=\"1343\" class=\" wall-content\">C\u2019est au c\u0153ur d\u2019un domaine devenu d\u00e9sert, autrefois propri\u00e9t\u00e9 de l\u2019\u00e9cole religieuse de Bazas, que tout commence. La statue reposait l\u00e0, enterr\u00e9e, renvers\u00e9e, abandonn\u00e9e. Marie-Bernadette Dulau, adjointe au maire en charge de la culture et du patrimoine \u00e0 Bazas, se souvient\u2009: \u00ab\u2009Il y a eu des pillages, des gamins y tra\u00eenaient, et elle a \u00e9t\u00e9 renvers\u00e9e. <b>C\u2019est un miracle <\/b>de l\u2019avoir retrouv\u00e9e\u2009\u00bb. Lorsqu\u2019elle est enfin extraite en 2014, la pierre est couverte de terre, rong\u00e9e par la mousse, marqu\u00e9e par sept d\u00e9cennies d\u2019humidit\u00e9. C\u2019est une pi\u00e8ce ab\u00eem\u00e9e, presque m\u00e9connaissable, qui \u00e9merge.<\/p>\n<p>    <img   decoding=\"async\" loading=\"lazy\" class=\"size-large\" src=\"https:\/\/www.europesays.com\/fr\/wp-content\/uploads\/2025\/07\/559187d84a786299187d84a78ec918v-960x640.jpg\" alt=\"La statue a \u00e9t\u00e9 retrouv\u00e9e apr\u00e8s 70 ans sous terre \u00e0 Bazas en Gironde\" width=\"960\" height=\"640\"\/><br \/>\n    La statue a \u00e9t\u00e9 retrouv\u00e9e apr\u00e8s 70 ans sous terre \u00e0 Bazas en Gironde \u00a9Document transmis \u00e0 actu.frUn travail de restauration minutieux<\/p>\n<p data-end=\"1926\" class=\" wall-content\">Il aura fallu attendre d\u00e9cembre\u00a02024 pour qu\u2019un projet concret de restauration voie le jour. C\u2019est Tiziana Mazzoni qui accepte de relever le d\u00e9fi. Elle nettoie pierre apr\u00e8s pierre, utilisant une mati\u00e8re \u00e9tonnamment famili\u00e8re\u2009: \u00ab\u2009J\u2019utilise de l\u2019eau de chaux, puisque c\u2019est un calcaire, il fait d\u00e9j\u00e0 partie de la statue, il va donc pouvoir remplir les vides cr\u00e9\u00e9s par la porosit\u00e9\u2009\u00bb, explique-t-elle. Une mani\u00e8re de <b>soigner la pierre sans la trahir<\/b>, de respecter l\u2019\u0153uvre telle qu\u2019elle est.<\/p>\n<p>Pas de t\u00eate pour le b\u00e9b\u00e9\u2009: un choix assum\u00e9<\/p>\n<p data-end=\"2475\" class=\" wall-content\">La statue repr\u00e9sente la Vierge Marie accompagn\u00e9e d\u2019un b\u00e9b\u00e9\u2026 mais sans t\u00eate. Une absence frappante que Tiziana refuse de combler artificiellement\u2009: \u00ab\u2009Nous n\u2019allons pas remplacer puisque nous ne savons pas comment \u00e9tait <b>la statue \u00e0 son apog\u00e9e<\/b>, tous les impacts ainsi que les manquements font partie de l\u2019histoire de l\u2019\u0153uvre. Si nous rempla\u00e7ons la t\u00eate du b\u00e9b\u00e9 ou les autres d\u00e9tails qui manquent, nous risquons la falsification.\u2009\u00bb<\/p>\n<p data-end=\"2945\" class=\" wall-content\">Apr\u00e8s des mois de soins, vient le moment tant attendu de l\u2019assemblage des fragments retrouv\u00e9s \u00e0 ses c\u00f4t\u00e9s en 2014, puis du masticage final pour combler les derni\u00e8res lacunes. La statue, bien qu\u2019incompl\u00e8te, retrouvera sa place dans le patrimoine bazadais. Sa pr\u00e9sentation est pr\u00e9vue le 21\u00a0septembre, lors de la Journ\u00e9e du patrimoine, juste apr\u00e8s la messe.<\/p>\n<p class=\" wall-content\">Suivez toute l\u2019actualit\u00e9 de vos villes et m\u00e9dias favoris en vous inscrivant \u00e0 <a href=\"https:\/\/moncompte.actu.fr\" title=\"D\u00e9couvez Mon Actu\" rel=\"nofollow noopener\" data-trk=\"{&quot;cta&quot;:{&quot;action&quot;:&quot;https:\\\/\\\/moncompte.actu.fr&quot;,&quot;category&quot;:&quot;mon compte&quot;,&quot;from&quot;:&quot;article footer&quot;,&quot;name&quot;:&quot;Mon actu&quot;,&quot;type&quot;:&quot;cta&quot;}}\" target=\"_blank\">Mon Actu<\/a>.<\/p>\n","protected":false},"excerpt":{"rendered":"Par Esteban Laurens Publi\u00e9 le 20 juil. 2025 \u00e0 20h00 En 2014, apr\u00e8s avoir pass\u00e9 pr\u00e8s de 70\u00a0ans&hellip;\n","protected":false},"author":2,"featured_media":262504,"comment_status":"","ping_status":"","sticky":false,"template":"","format":"standard","meta":{"footnotes":""},"categories":[1358],"tags":[1477,1348,1384,1385,1386,58,59,1011,27,2551,4020,104],"class_list":{"0":"post-262503","1":"post","2":"type-post","3":"status-publish","4":"format-standard","5":"has-post-thumbnail","7":"category-arts-et-design","8":"tag-artisanat","9":"tag-arts","10":"tag-arts-and-design","11":"tag-arts-et-design","12":"tag-design","13":"tag-divertissement","14":"tag-entertainment","15":"tag-fr","16":"tag-france","17":"tag-patrimoine","18":"tag-religion","19":"tag-societe"},"share_on_mastodon":{"url":"https:\/\/pubeurope.com\/@fr\/114889261367869109","error":""},"_links":{"self":[{"href":"https:\/\/www.europesays.com\/fr\/wp-json\/wp\/v2\/posts\/262503","targetHints":{"allow":["GET"]}}],"collection":[{"href":"https:\/\/www.europesays.com\/fr\/wp-json\/wp\/v2\/posts"}],"about":[{"href":"https:\/\/www.europesays.com\/fr\/wp-json\/wp\/v2\/types\/post"}],"author":[{"embeddable":true,"href":"https:\/\/www.europesays.com\/fr\/wp-json\/wp\/v2\/users\/2"}],"replies":[{"embeddable":true,"href":"https:\/\/www.europesays.com\/fr\/wp-json\/wp\/v2\/comments?post=262503"}],"version-history":[{"count":0,"href":"https:\/\/www.europesays.com\/fr\/wp-json\/wp\/v2\/posts\/262503\/revisions"}],"wp:featuredmedia":[{"embeddable":true,"href":"https:\/\/www.europesays.com\/fr\/wp-json\/wp\/v2\/media\/262504"}],"wp:attachment":[{"href":"https:\/\/www.europesays.com\/fr\/wp-json\/wp\/v2\/media?parent=262503"}],"wp:term":[{"taxonomy":"category","embeddable":true,"href":"https:\/\/www.europesays.com\/fr\/wp-json\/wp\/v2\/categories?post=262503"},{"taxonomy":"post_tag","embeddable":true,"href":"https:\/\/www.europesays.com\/fr\/wp-json\/wp\/v2\/tags?post=262503"}],"curies":[{"name":"wp","href":"https:\/\/api.w.org\/{rel}","templated":true}]}}