{"id":262505,"date":"2025-07-21T04:09:14","date_gmt":"2025-07-21T04:09:14","guid":{"rendered":"https:\/\/www.europesays.com\/fr\/262505\/"},"modified":"2025-07-21T04:09:14","modified_gmt":"2025-07-21T04:09:14","slug":"rencontres-autour-des-livres-pour-les-plus-jeunes","status":"publish","type":"post","link":"https:\/\/www.europesays.com\/fr\/262505\/","title":{"rendered":"Rencontres autour des livres pour les plus jeunes"},"content":{"rendered":"<p>Comme chaque ann\u00e9e, le Relais Petite Enfance Nord Bassin de Thau participe \u00e0 la manifestation nationale \u00ab\u00a0Partir en Livre\u00a0\u00bb qui promeut le plaisir de la lecture aupr\u00e8s des jeunes.<\/p>\n<p>La rencontre entre les enfants accueillis chez les assistantes maternelles et les plus grands du centre de loisirs \u00e0 V\u00e9ronique-H\u00e9bert fut tr\u00e8s enrichissante. Le th\u00e8me de cette \u00e9dition \u00e9tant \u00ab\u00a0Les animaux et nous\u00a0\u00bb a permis de suivre un d\u00e9roul\u00e9 avec comme support tout d\u2019abord une histoire racont\u00e9e autour des oc\u00e9ans, la lecture d\u2019albums jeunesse et du kamishibai sans oubli\u00e9 la chanson du Petit poisson\u2026 L\u2019int\u00e9r\u00eat est tr\u00e8s souvent de vivre ensemble un moment autour des mots, d\u2019histoires tant\u00f4t dr\u00f4les tant\u00f4t remplies d\u2019\u00e9motions qui cr\u00e9e une parenth\u00e8se dans le quotidien. La rencontre s\u2019est poursuivie avec les autres enfants dans la cour pour partager un temps de jeux.<\/p>\n<p>Un prochain \u00e9change aura lieu, cette fois, avec la cr\u00e8che Saperlipopette \u00e0 Gigean pour partager encore de belles histoires.<\/p>\n","protected":false},"excerpt":{"rendered":"Comme chaque ann\u00e9e, le Relais Petite Enfance Nord Bassin de Thau participe \u00e0 la manifestation nationale \u00ab\u00a0Partir en&hellip;\n","protected":false},"author":2,"featured_media":262506,"comment_status":"","ping_status":"","sticky":false,"template":"","format":"standard","meta":{"footnotes":""},"categories":[1357],"tags":[1379,58,59,1011,27,1380],"class_list":{"0":"post-262505","1":"post","2":"type-post","3":"status-publish","4":"format-standard","5":"has-post-thumbnail","7":"category-livres","8":"tag-books","9":"tag-divertissement","10":"tag-entertainment","11":"tag-fr","12":"tag-france","13":"tag-livres"},"share_on_mastodon":{"url":"https:\/\/pubeurope.com\/@fr\/114889265243650782","error":""},"_links":{"self":[{"href":"https:\/\/www.europesays.com\/fr\/wp-json\/wp\/v2\/posts\/262505","targetHints":{"allow":["GET"]}}],"collection":[{"href":"https:\/\/www.europesays.com\/fr\/wp-json\/wp\/v2\/posts"}],"about":[{"href":"https:\/\/www.europesays.com\/fr\/wp-json\/wp\/v2\/types\/post"}],"author":[{"embeddable":true,"href":"https:\/\/www.europesays.com\/fr\/wp-json\/wp\/v2\/users\/2"}],"replies":[{"embeddable":true,"href":"https:\/\/www.europesays.com\/fr\/wp-json\/wp\/v2\/comments?post=262505"}],"version-history":[{"count":0,"href":"https:\/\/www.europesays.com\/fr\/wp-json\/wp\/v2\/posts\/262505\/revisions"}],"wp:featuredmedia":[{"embeddable":true,"href":"https:\/\/www.europesays.com\/fr\/wp-json\/wp\/v2\/media\/262506"}],"wp:attachment":[{"href":"https:\/\/www.europesays.com\/fr\/wp-json\/wp\/v2\/media?parent=262505"}],"wp:term":[{"taxonomy":"category","embeddable":true,"href":"https:\/\/www.europesays.com\/fr\/wp-json\/wp\/v2\/categories?post=262505"},{"taxonomy":"post_tag","embeddable":true,"href":"https:\/\/www.europesays.com\/fr\/wp-json\/wp\/v2\/tags?post=262505"}],"curies":[{"name":"wp","href":"https:\/\/api.w.org\/{rel}","templated":true}]}}