{"id":262507,"date":"2025-07-21T04:10:25","date_gmt":"2025-07-21T04:10:25","guid":{"rendered":"https:\/\/www.europesays.com\/fr\/262507\/"},"modified":"2025-07-21T04:10:25","modified_gmt":"2025-07-21T04:10:25","slug":"conrad-ou-jeremiah-lola-tung-belly-a-tranche-et-cest-surprenant","status":"publish","type":"post","link":"https:\/\/www.europesays.com\/fr\/262507\/","title":{"rendered":"Conrad ou Jeremiah ? Lola Tung (Belly) a tranch\u00e9, et c\u2019est surprenant"},"content":{"rendered":"<p>Toute l&rsquo;intrigue de L&rsquo;\u00e9t\u00e9 o\u00f9 je suis devenue jolie tourne autour du triangle amoureux qui r\u00e8gne entre Belly (Lola Tung), Conrad (<a href=\"https:\/\/www.programme-tv.net\/biographie\/2027409-briney-christopher\/\" data-link-people=\"e54141fe-0cf0-4fb8-8b20-6ba7eb63ef32\" rel=\"nofollow noopener\" target=\"_blank\">Christopher Briney<\/a>) et Jeremiah (Gavin Casalegno). Alors que la jeune fille a toujours eu depuis son enfance qu&rsquo;un seul amour, Conrad, l&rsquo;\u00e9t\u00e9 de ses 16 ans va tout bouleverser. Pour la premi\u00e8re fois, Belly va sentir son c\u0153ur vibrer pour Jeremiah. N\u00e9anmoins, lorsque Conrad lui d\u00e9clare sa flamme, elle ne peut lui r\u00e9sister, jusqu&rsquo;\u00e0 leur s\u00e9paration. <a href=\"https:\/\/www.programme-tv.net\/news\/series-tv\/333950-lete-ou-je-suis-devenue-jolie-comment-se-termine-la-saison-2-pour-belly-conrad-et-jeremiah\/\" data-api-deeplink=\"teleloisirs:\/\/news\/333950\" rel=\"nofollow noopener\" target=\"_blank\">La deuxi\u00e8me saison se termine finalement avec Belly choisissant Jeremiah<\/a>. Alors que <a href=\"https:\/\/www.programme-tv.net\/news\/series-tv\/382477-l-ete-ou-je-suis-devenue-jolie-pourquoi-la-saison-3-va-bouleverser-vos-habitudes-les-revelations-des-acteurs\/\" data-api-deeplink=\"teleloisirs:\/\/news\/382477\" rel=\"nofollow noopener\" target=\"_blank\">la saison 3 de L&rsquo;\u00e9t\u00e9 o\u00f9 je suis devenue jolie a d\u00e9marr\u00e9<\/a> sur Prime Video le 16 juillet 2025, on peut voir d\u00e9sormais que la relation de ce couple s&rsquo;est \u00e9panouie et a dur\u00e9. <a href=\"https:\/\/www.programme-tv.net\/news\/series-tv\/380949-l-ete-ou-je-suis-devenue-jolie-saison-3-grace-a-la-bande-annonce-les-fans-sont-surs-davoir-decouvert-la-fin-de-la-serie\/\" data-api-deeplink=\"teleloisirs:\/\/news\/380949\" rel=\"nofollow noopener\" target=\"_blank\">Les fans ont m\u00eame d\u00e9couvert gr\u00e2ce \u00e0 la bande-annonce officielle<\/a>, sortie avant le lancement des \u00e9pisodes, que Jeremiah et Belly comptent aussi se marier.<\/p>\n<p>                        <b>Dans les romans<\/b><b> L&rsquo;\u00e9t\u00e9 o\u00f9 je suis devenue jolie<\/b><b>, Belly se marie avec\u2026<\/b><\/p>\n<p>Mais si vous pensiez que tout \u00e9tait fini entre Conrad et Belly, c&rsquo;est mal conna\u00eetre Jenny Han, l&rsquo;autrice des livres dont est adapt\u00e9e la fiction, mais qui est aussi la showrunneuse de la s\u00e9rie. En effet, dans ses romans, on apprend que le c\u0153ur de Belly n&rsquo;a pas arr\u00eat\u00e9 de battre pour Conrad, bien au contraire.<a href=\"https:\/\/www.programme-tv.net\/news\/series-tv\/334048-lete-ou-je-suis-devenue-jolie-que-se-passera-t-il-dans-la-saison-3-selon-les-romans\/\" data-api-deeplink=\"teleloisirs:\/\/news\/334048\" rel=\"nofollow noopener\" target=\"_blank\"> La jeune femme finit ainsi par choisir l&rsquo;un des deux fr\u00e8res<\/a> une bonne fois pour toutes et se marie avec. Mais aura-t-on le droit \u00e0 la m\u00eame fin dans la s\u00e9rie L&rsquo;\u00e9t\u00e9 o\u00f9 je suis devenue jolie ? Car Jenny Han nous a confi\u00e9 en interview avoir fait des changements. L&rsquo;autrice aime que les gens soient surpris en d\u00e9couvrant un d\u00e9nouement et pour elle, il est toujours mieux de ne pas conna\u00eetre la fin. Si nous avons tous une pr\u00e9f\u00e9rence entre les deux jeunes gar\u00e7ons, on s&rsquo;est dit qu&rsquo;il serait int\u00e9ressant de conna\u00eetre l&rsquo;avis des com\u00e9diens. T\u00e9l\u00e9-Loisirs leur a ainsi demand\u00e9 de quelle team entre Conrad et Jeremiah ils faisaient partie.<\/p>\n<p>            L&rsquo;\u00e9t\u00e9 o\u00f9 je suis devenue jolie saison 3 : entre Conrad et Jeremiah, Lola Tung (Belly) a fait son choix et vous allez \u00eatre surpris<\/p>\n<p>Si, dans les livres, Belly a fait son choix entre eux deux, Lola Tung, son interpr\u00e8te, nous a r\u00e9v\u00e9l\u00e9 avoir une pr\u00e9f\u00e9rence pour une troisi\u00e8me personne. \u00ab\u00a0M\u00eame en tant que Lola, je suis du c\u00f4t\u00e9 de Belly. Je pense que ce qui m&rsquo;a attir\u00e9 dans cette histoire, c&rsquo;est sa personnalit\u00e9, son courage et son \u00e9nergie. Je ne sais pas si ce sont les mots justes mais ce que je veux dire, c&rsquo;est le fait qu&rsquo;elle suive son c\u0153ur, m\u00eame si elle est un peu confuse et h\u00e9sitante. Je la soutiendrai toujours. Je pense que non seulement je dois le faire, mais que je le veux aussi. J&rsquo;aime la soutenir. Et oui, je suis du c\u00f4t\u00e9 de Belly, quoi qu&rsquo;en disent les autres\u00a0\u00bb, nous a confi\u00e9 en toute honn\u00eatet\u00e9 la com\u00e9dienne. Il est vrai que si l&rsquo;on a toujours imagin\u00e9 que Belly finisse avec Conrad ou Jeremiah \u00e0 la fin de<a href=\"https:\/\/www.programme-tv.net\/news\/series-tv\/373102-l-ete-ou-je-suis-devenue-jolie-cette-tres-mauvaise-nouvelle-va-assommer-les-fans-de-la-serie\/\" data-api-deeplink=\"teleloisirs:\/\/news\/373102\" rel=\"nofollow noopener\" target=\"_blank\"> l&rsquo;ultime saison 3 de L&rsquo;\u00e9t\u00e9 o\u00f9 je suis devenue jolie<\/a>, il reste une troisi\u00e8me option. Elle pourrait ainsi finir avec aucun des deux, et se choisir elle-m\u00eame, comme cela a par exemple \u00e9t\u00e9 le cas dans <a href=\"https:\/\/www.programme-tv.net\/news\/series-tv\/97078-comment-crazy-ex-girlfriend-explose-les-codes-de-la-comedie-romantique\/\" data-api-deeplink=\"teleloisirs:\/\/news\/97078\" rel=\"nofollow noopener\" target=\"_blank\">la tr\u00e8s bonne s\u00e9rie Crazy Ex-Girlfriend<\/a>.<\/p>\n<p>                        Gavin Casalegno et Christopher Briney r\u00e9v\u00e8lent pour qui ils sont entre Conrad et Jeremiah pour Belly dans la saison 3 de L&rsquo;\u00e9t\u00e9 o\u00f9 je suis devenue jolie<\/p>\n<p>En ce qui concerne Gavin Casalegno et Christopher Briney, ils ont aussi leur avis sur la question. \u00ab\u00a0Nous sommes biais\u00e9s sur ce sujet car j&rsquo;ai l&rsquo;impression que nous sommes tous les deux les personnes les plus partielles dans cette pi\u00e8ce\u00a0\u00bb, nous a livr\u00e9 Gavin Casalegno, en confirmant : \u00ab\u00a0Oui, je suis dans l&rsquo;\u00e9quipe Jeremiah\u00a0\u00bb. Quant \u00e0 Christopher Briney : \u00ab\u00a0Je soutiens Conrad. J&rsquo;ai pass\u00e9 beaucoup de temps avec lui. Il me serait difficile de ne pas le soutenir. C&rsquo;est un type bien\u00a0\u00bb.<\/p>\n","protected":false},"excerpt":{"rendered":"Toute l&rsquo;intrigue de L&rsquo;\u00e9t\u00e9 o\u00f9 je suis devenue jolie tourne autour du triangle amoureux qui r\u00e8gne entre Belly&hellip;\n","protected":false},"author":2,"featured_media":262508,"comment_status":"","ping_status":"","sticky":false,"template":"","format":"standard","meta":{"footnotes":""},"categories":[1356],"tags":[4225,244,58,59,1011,27,2173,39318,4224,129,252,1364],"class_list":{"0":"post-262507","1":"post","2":"type-post","3":"status-publish","4":"format-standard","5":"has-post-thumbnail","7":"category-television","8":"tag-amazon-prime-vidu00e9o","9":"tag-commentaire","10":"tag-divertissement","11":"tag-entertainment","12":"tag-fr","13":"tag-france","14":"tag-interview","15":"tag-lola-tung","16":"tag-pub-streaming-prime-video","17":"tag-svod","18":"tag-television","19":"tag-tv"},"share_on_mastodon":{"url":"https:\/\/pubeurope.com\/@fr\/114889269192224883","error":""},"_links":{"self":[{"href":"https:\/\/www.europesays.com\/fr\/wp-json\/wp\/v2\/posts\/262507","targetHints":{"allow":["GET"]}}],"collection":[{"href":"https:\/\/www.europesays.com\/fr\/wp-json\/wp\/v2\/posts"}],"about":[{"href":"https:\/\/www.europesays.com\/fr\/wp-json\/wp\/v2\/types\/post"}],"author":[{"embeddable":true,"href":"https:\/\/www.europesays.com\/fr\/wp-json\/wp\/v2\/users\/2"}],"replies":[{"embeddable":true,"href":"https:\/\/www.europesays.com\/fr\/wp-json\/wp\/v2\/comments?post=262507"}],"version-history":[{"count":0,"href":"https:\/\/www.europesays.com\/fr\/wp-json\/wp\/v2\/posts\/262507\/revisions"}],"wp:featuredmedia":[{"embeddable":true,"href":"https:\/\/www.europesays.com\/fr\/wp-json\/wp\/v2\/media\/262508"}],"wp:attachment":[{"href":"https:\/\/www.europesays.com\/fr\/wp-json\/wp\/v2\/media?parent=262507"}],"wp:term":[{"taxonomy":"category","embeddable":true,"href":"https:\/\/www.europesays.com\/fr\/wp-json\/wp\/v2\/categories?post=262507"},{"taxonomy":"post_tag","embeddable":true,"href":"https:\/\/www.europesays.com\/fr\/wp-json\/wp\/v2\/tags?post=262507"}],"curies":[{"name":"wp","href":"https:\/\/api.w.org\/{rel}","templated":true}]}}