{"id":262514,"date":"2025-07-21T04:15:13","date_gmt":"2025-07-21T04:15:13","guid":{"rendered":"https:\/\/www.europesays.com\/fr\/262514\/"},"modified":"2025-07-21T04:15:13","modified_gmt":"2025-07-21T04:15:13","slug":"mayer-et-pimprenelle-secret-story-prets-a-se-mettre-en-couple-hors-cameras","status":"publish","type":"post","link":"https:\/\/www.europesays.com\/fr\/262514\/","title":{"rendered":"Mayer et Pimprenelle (Secret Story) pr\u00eats \u00e0 se mettre en couple, hors cam\u00e9ras ?"},"content":{"rendered":"<p>      R\u00e9sum\u00e9<\/p>\n<p>Dans Secret Story, Mayer a surpris en multipliant les d\u00e9clarations pour Pimprenelle, semant le doute entre strat\u00e9gie de jeu et authenticit\u00e9 de leur lien naissant.<\/p>\n<p>        Sommaire<\/p>\n<p>Apr\u00e8s la nomination et l\u2019\u00e9limination de <a href=\"https:\/\/www.public.fr\/paprika-pamplemousse-moquee-sur-son-prenom-pimprenelle-secret-story-reagit-pour-la-premiere-fois\" target=\"_blank\" rel=\"noopener\">Pimprenelle<\/a>, tout le monde s\u2019interroge : <strong>coup de c\u0153ur sinc\u00e8re ou strat\u00e9gie de jeu bien huil\u00e9e<\/strong> ? Toujours est-il que cette semaine, les habitants ont assist\u00e9 \u00e0 <strong>un vrai jeu de s\u00e9duction <\/strong>dans la Maison des Secrets. <\/p>\n<p>Mayer d\u2019ordinaire distant avec la jeune femme, n\u2019a pas manqu\u00e9 de lui faire <strong>des d\u00e9clarations dignes d\u2019un h\u00e9ros de com\u00e9die romantique,<\/strong> de quoi susciter toutes les sp\u00e9culations.<\/p>\n<p>Mayer et Pimprenelle : une histoire naissante hors cam\u00e9ra ?<\/p>\n<p>En effet, <a href=\"https:\/\/www.public.fr\/mayer-explique-son-abandon-de-secret-story-son-secret-la-pousse-a-bout-je-narrivais-pas-a-dormir\" target=\"_blank\" rel=\"noopener\">l\u2019\u00e9tudiant au QI de 134,<\/a> qui a choisi de quitter la comp\u00e9tition ce samedi 19 juillet, a clairement mis les deux pieds dans le plat : \u00ab\u00a0De toutes les filles, tu es la plus intelligente\u00a0\u00bb, \u00ab\u00a0Si je devais passer quarante ans \u00e0 d\u00eener avec quelqu\u2019un, ce serait toi\u00a0\u00bb\u2026 le jeune homme n&rsquo;y est pas all\u00e9 de main morte pour charmer la Pimprenelle de ses yeux.<\/p>\n<p>Ce revirement a d&rsquo;ailleurs laiss\u00e9 les autres candidats bouche b\u00e9e, d\u2019autant plus que <strong>la jeune femme, tout juste sortie d\u2019une relation \u00e9clair avec Adrien<\/strong>, n\u2019y croyait pas elle-m\u00eame.<\/p>\n<p>Alors strat\u00e9gie, mission secr\u00e8te ou vrai crush ?<\/p>\n<p>Si certains internautes y voient une mission secr\u00e8te orchestr\u00e9e par la production, d\u2019autres pensent que <strong>Mayer a enfin laiss\u00e9 parler ses sentiments<\/strong>. Mais le candidat n\u2019a rien fait pour clarifier les choses. Pire encore, son choix de nominer Pimprenelle a sem\u00e9 la confusion. Et oui, comment passer de \u00ab\u00a0je te trouve belle et intelligente\u00a0\u00bb \u00e0 \u00ab\u00a0je te mets dans le SAS\u00a0\u00bb en un claquement de doigts ? R\u00e9sultat : Pimprenelle a \u00e9t\u00e9 \u00e9limin\u00e9e, laissant derri\u00e8re elle <a href=\"https:\/\/www.public.fr\/aymeric-bonnery-flingue-la-production-de-secret-story-apres-labandon-de-mayer-et-promet-des-revelations-choc\" target=\"_blank\" rel=\"noopener\">un Mayer \u00e9nigmatique et muet comme une carpe<\/a>.<\/p>\n<p>Aujourd&rsquo;hui, <strong>la toile reste divis\u00e9e sur l&rsquo;avenir du couple<\/strong> et m\u00eame si les r\u00e9seaux sociaux s\u2019enflamment, deux camps se d\u00e9marquent : ceux qui pensent que Mayer a jou\u00e9 un r\u00f4le et ceux qui croient \u00e0 une r\u00e9elle alchimie. Les paris restent ouverts. Du c\u00f4t\u00e9 de la principale int\u00e9ress\u00e9e, ces d\u00e9clarations n&rsquo;ont pas eu l&rsquo;effet escompt\u00e9, du moins en apparence\u00a0:  \u00ab\u00a0Mayer, tu es g\u00e2t\u00e9 par la nature, tu es tr\u00e8s beau. Mais, au sein de cette aventure, je n\u2019aurais jamais pu.\u201d, a-t-elle d\u00e9clar\u00e9. <\/p>\n<p>Une phrase \u00e9quivoque qui pourrait laisser entendre qu&rsquo;\u00e0 l&rsquo;ext\u00e9rieur, une idylle serait possible ? Le silence des deux candidats ne fait qu&rsquo;alimenter les rumeurs les plus folles et <strong>la possibilit\u00e9 d&rsquo;une love story loin des cam\u00e9ras<\/strong>. Si pour l&rsquo;heure, ni l&rsquo;un ni l&rsquo;autre n&rsquo;ont confirm\u00e9 quoi que ce soit, une chose est certaine, entre sentiments et strat\u00e9gie, ce jeu ne laisse aucune place aux demi-mesures.<\/p>\n<p>      Mentionn\u00e9s dans cet article<\/p>\n<p>\u00c0 lire aussi<\/p>\n","protected":false},"excerpt":{"rendered":"R\u00e9sum\u00e9 Dans Secret Story, Mayer a surpris en multipliant les d\u00e9clarations pour Pimprenelle, semant le doute entre strat\u00e9gie&hellip;\n","protected":false},"author":2,"featured_media":262515,"comment_status":"","ping_status":"","sticky":false,"template":"","format":"standard","meta":{"footnotes":""},"categories":[8],"tags":[58,59,1011,27,29901],"class_list":{"0":"post-262514","1":"post","2":"type-post","3":"status-publish","4":"format-standard","5":"has-post-thumbnail","7":"category-divertissement","8":"tag-divertissement","9":"tag-entertainment","10":"tag-fr","11":"tag-france","12":"tag-secret-story"},"share_on_mastodon":{"url":"https:\/\/pubeurope.com\/@fr\/114889288896505371","error":""},"_links":{"self":[{"href":"https:\/\/www.europesays.com\/fr\/wp-json\/wp\/v2\/posts\/262514","targetHints":{"allow":["GET"]}}],"collection":[{"href":"https:\/\/www.europesays.com\/fr\/wp-json\/wp\/v2\/posts"}],"about":[{"href":"https:\/\/www.europesays.com\/fr\/wp-json\/wp\/v2\/types\/post"}],"author":[{"embeddable":true,"href":"https:\/\/www.europesays.com\/fr\/wp-json\/wp\/v2\/users\/2"}],"replies":[{"embeddable":true,"href":"https:\/\/www.europesays.com\/fr\/wp-json\/wp\/v2\/comments?post=262514"}],"version-history":[{"count":0,"href":"https:\/\/www.europesays.com\/fr\/wp-json\/wp\/v2\/posts\/262514\/revisions"}],"wp:featuredmedia":[{"embeddable":true,"href":"https:\/\/www.europesays.com\/fr\/wp-json\/wp\/v2\/media\/262515"}],"wp:attachment":[{"href":"https:\/\/www.europesays.com\/fr\/wp-json\/wp\/v2\/media?parent=262514"}],"wp:term":[{"taxonomy":"category","embeddable":true,"href":"https:\/\/www.europesays.com\/fr\/wp-json\/wp\/v2\/categories?post=262514"},{"taxonomy":"post_tag","embeddable":true,"href":"https:\/\/www.europesays.com\/fr\/wp-json\/wp\/v2\/tags?post=262514"}],"curies":[{"name":"wp","href":"https:\/\/api.w.org\/{rel}","templated":true}]}}