{"id":262521,"date":"2025-07-21T04:19:11","date_gmt":"2025-07-21T04:19:11","guid":{"rendered":"https:\/\/www.europesays.com\/fr\/262521\/"},"modified":"2025-07-21T04:19:11","modified_gmt":"2025-07-21T04:19:11","slug":"trois-membres-dune-meme-famille-retrouves-morts-a-leur-domicile","status":"publish","type":"post","link":"https:\/\/www.europesays.com\/fr\/262521\/","title":{"rendered":"Trois membres d\u2019une m\u00eame famille retrouv\u00e9s morts \u00e0 leur domicile"},"content":{"rendered":"<p>Terrible d\u00e9couverte dans un petit village des <a href=\"https:\/\/www.20minutes.fr\/dossier\/hautes-alpes\" class=\"color-ultramarine c-link\" target=\"_blank\" rel=\"noopener\">Hautes-Alpes<\/a>. Un couple de septuag\u00e9naires et leur fille ont \u00e9t\u00e9 retrouv\u00e9s morts tu\u00e9s par balles \u00e0 leur domicile, ont indiqu\u00e9 dimanche \u00e0 l\u2019AFP la procureure de Gap et la <a href=\"https:\/\/www.20minutes.fr\/dossier\/gendarmerie\" class=\"color-ultramarine c-link\" target=\"_blank\" rel=\"noopener\">gendarmerie<\/a>.<\/p>\n<p>Le couple \u00ab\u00a0n\u00e9 dans les ann\u00e9es 50 et leur fille adulte\u00a0\u00bb ont \u00e9t\u00e9 retrouv\u00e9s \u00ab\u00a0morts par balle\u00a0\u00bb en fin de journ\u00e9e \u00e0 la B\u00e2tie-Neuve, a pr\u00e9cis\u00e9 la procureure Marion Lozac\u2019hmeur, confirmant une information de<a href=\"https:\/\/www.bfmtv.com\/bfm-dici\/info-bfm-dici-la-batie-neuve-trois-membres-d-une-meme-famille-retrouves-morts-par-arme-a-feu_AN-202507200280.html\" target=\"_blank\" class=\"color-ultramarine c-link\" rel=\"noopener\"> BFMTV<\/a>. \u00ab\u00a0Aucune hypoth\u00e8se n\u2019est \u00e9cart\u00e9e \u00e0 ce stade\u00a0\u00bb, a indiqu\u00e9 \u00e0 l\u2019AFP la gendarmerie.<\/p>\n<p>Des techniciens en indentification criminelle sont sur place.<\/p>\n","protected":false},"excerpt":{"rendered":"Terrible d\u00e9couverte dans un petit village des Hautes-Alpes. Un couple de septuag\u00e9naires et leur fille ont \u00e9t\u00e9 retrouv\u00e9s&hellip;\n","protected":false},"author":2,"featured_media":262522,"comment_status":"","ping_status":"","sticky":false,"template":"","format":"standard","meta":{"footnotes":""},"categories":[4],"tags":[47,11,6376,3348,118,1011,27,3381,881,12,25],"class_list":{"0":"post-262521","1":"post","2":"type-post","3":"status-publish","4":"format-standard","5":"has-post-thumbnail","7":"category-france","8":"tag-actualite","9":"tag-actualites","10":"tag-armes","11":"tag-drame","12":"tag-faits-divers","13":"tag-fr","14":"tag-france","15":"tag-gendarmerie","16":"tag-hautes-alpes","17":"tag-news","18":"tag-republique-francaise"},"share_on_mastodon":{"url":"https:\/\/pubeurope.com\/@fr\/114889304533072170","error":""},"_links":{"self":[{"href":"https:\/\/www.europesays.com\/fr\/wp-json\/wp\/v2\/posts\/262521","targetHints":{"allow":["GET"]}}],"collection":[{"href":"https:\/\/www.europesays.com\/fr\/wp-json\/wp\/v2\/posts"}],"about":[{"href":"https:\/\/www.europesays.com\/fr\/wp-json\/wp\/v2\/types\/post"}],"author":[{"embeddable":true,"href":"https:\/\/www.europesays.com\/fr\/wp-json\/wp\/v2\/users\/2"}],"replies":[{"embeddable":true,"href":"https:\/\/www.europesays.com\/fr\/wp-json\/wp\/v2\/comments?post=262521"}],"version-history":[{"count":0,"href":"https:\/\/www.europesays.com\/fr\/wp-json\/wp\/v2\/posts\/262521\/revisions"}],"wp:featuredmedia":[{"embeddable":true,"href":"https:\/\/www.europesays.com\/fr\/wp-json\/wp\/v2\/media\/262522"}],"wp:attachment":[{"href":"https:\/\/www.europesays.com\/fr\/wp-json\/wp\/v2\/media?parent=262521"}],"wp:term":[{"taxonomy":"category","embeddable":true,"href":"https:\/\/www.europesays.com\/fr\/wp-json\/wp\/v2\/categories?post=262521"},{"taxonomy":"post_tag","embeddable":true,"href":"https:\/\/www.europesays.com\/fr\/wp-json\/wp\/v2\/tags?post=262521"}],"curies":[{"name":"wp","href":"https:\/\/api.w.org\/{rel}","templated":true}]}}