{"id":262525,"date":"2025-07-21T04:21:12","date_gmt":"2025-07-21T04:21:12","guid":{"rendered":"https:\/\/www.europesays.com\/fr\/262525\/"},"modified":"2025-07-21T04:21:12","modified_gmt":"2025-07-21T04:21:12","slug":"marie-et-pascal-cedent-leur-restaurant-pour-quil-perdure","status":"publish","type":"post","link":"https:\/\/www.europesays.com\/fr\/262525\/","title":{"rendered":"Marie et Pascal c\u00e8dent leur restaurant pour qu\u2019il perdure"},"content":{"rendered":"<p>\u00ab\u00a0Le Phoenix est un oiseau qui rena\u00eet de ses cendres.\u00a0\u00bb Marie Vainjac, et son mari Pascal, ont tenu 20 ans le restaurant bar \u00e9ponyme, situ\u00e9 en face de la gare de Saint-Chamond. \u00c0 l\u2019heure de passer la main, Marie retrace cette aventure, depuis la terrasse ensoleill\u00e9e de l\u2019\u00e9tablissement, ouvert en 2006\u00a0: \u00ab\u00a0C\u2019est un d\u00e9fi qu\u2019on s\u2019\u00e9tait lanc\u00e9 \u00e0 deux. C\u2019\u00e9tait aussi une renaissance pour nous. On s\u2019est mis \u00e0 notre compte et on s\u2019est \u00e9panoui. Notre affaire, c\u2019est le reflet de notre caract\u00e8re.\u00a0\u00bb<\/p>\n<p>Naturellement, on y trouvait une cuisine traditionnelle g\u00e9n\u00e9reuse, \u00ab\u00a0faite maison\u00a0\u00bb et surtout une relation \u00e9troite avec leurs clients. \u00ab\u00a0Nos assiettes \u00e9taient g\u00e9n\u00e9reuses, il ne fallait pas avoir mang\u00e9 le matin pour venir d\u00e9jeuner ici\u00a0\u00bb, sourit Marie.<\/p>\n<p>Le \u00ab\u00a0one man show\u00a0\u00bb de Pascal d\u00e8s le matin<\/p>\n<p>\u00ab\u00a0Les clients venaient chez Marie et Pascal, comme \u00e0 la maison\u00a0! Pascal sortait de sa cuisine pour aller voir les clients, il \u00e9tait tr\u00e8s \u00e0 l\u2019\u00e9coute. \u00c7a plaisait. On se donne beaucoup de peine dans notre m\u00e9tier&#8230;.<\/p>\n","protected":false},"excerpt":{"rendered":"\u00ab\u00a0Le Phoenix est un oiseau qui rena\u00eet de ses cendres.\u00a0\u00bb Marie Vainjac, et son mari Pascal, ont tenu&hellip;\n","protected":false},"author":2,"featured_media":262526,"comment_status":"","ping_status":"","sticky":false,"template":"","format":"standard","meta":{"footnotes":""},"categories":[9653],"tags":[1111,11,2430,4406,33,7539,1777,674,1011,27,12,25,9669,9670,4001,216],"class_list":{"0":"post-262525","1":"post","2":"type-post","3":"status-publish","4":"format-standard","5":"has-post-thumbnail","7":"category-saint-etienne","8":"tag-actu","9":"tag-actualites","10":"tag-auvergne-rhone-alpes","11":"tag-commerce-et-services","12":"tag-economie","13":"tag-edition-loire-sud","14":"tag-eu","15":"tag-europe","16":"tag-fr","17":"tag-france","18":"tag-news","19":"tag-republique-francaise","20":"tag-saint-chamond","21":"tag-saint-chamond-ville","22":"tag-saint-etienne","23":"tag-vie-des-entreprises"},"share_on_mastodon":{"url":"https:\/\/pubeurope.com\/@fr\/114889312337183728","error":""},"_links":{"self":[{"href":"https:\/\/www.europesays.com\/fr\/wp-json\/wp\/v2\/posts\/262525","targetHints":{"allow":["GET"]}}],"collection":[{"href":"https:\/\/www.europesays.com\/fr\/wp-json\/wp\/v2\/posts"}],"about":[{"href":"https:\/\/www.europesays.com\/fr\/wp-json\/wp\/v2\/types\/post"}],"author":[{"embeddable":true,"href":"https:\/\/www.europesays.com\/fr\/wp-json\/wp\/v2\/users\/2"}],"replies":[{"embeddable":true,"href":"https:\/\/www.europesays.com\/fr\/wp-json\/wp\/v2\/comments?post=262525"}],"version-history":[{"count":0,"href":"https:\/\/www.europesays.com\/fr\/wp-json\/wp\/v2\/posts\/262525\/revisions"}],"wp:featuredmedia":[{"embeddable":true,"href":"https:\/\/www.europesays.com\/fr\/wp-json\/wp\/v2\/media\/262526"}],"wp:attachment":[{"href":"https:\/\/www.europesays.com\/fr\/wp-json\/wp\/v2\/media?parent=262525"}],"wp:term":[{"taxonomy":"category","embeddable":true,"href":"https:\/\/www.europesays.com\/fr\/wp-json\/wp\/v2\/categories?post=262525"},{"taxonomy":"post_tag","embeddable":true,"href":"https:\/\/www.europesays.com\/fr\/wp-json\/wp\/v2\/tags?post=262525"}],"curies":[{"name":"wp","href":"https:\/\/api.w.org\/{rel}","templated":true}]}}