{"id":262527,"date":"2025-07-21T04:22:52","date_gmt":"2025-07-21T04:22:52","guid":{"rendered":"https:\/\/www.europesays.com\/fr\/262527\/"},"modified":"2025-07-21T04:22:52","modified_gmt":"2025-07-21T04:22:52","slug":"asse-huss-fahmy-leve-le-voile-sur-ses-ambitions-foreziennes","status":"publish","type":"post","link":"https:\/\/www.europesays.com\/fr\/262527\/","title":{"rendered":"ASSE : HUSS FAHMY L\u00c8VE LE VOILE SUR SES AMBITIONS FOR\u00c9ZIENNES"},"content":{"rendered":"<p>                <a href=\"https:\/\/cadenceradio.fr\" target=\"_blank\" aria-label=\"Banni\u00e8re Cadence 2025\" rel=\"nofollow noopener\"><img loading=\"lazy\" decoding=\"async\" src=\"https:\/\/www.europesays.com\/fr\/wp-content\/uploads\/2025\/07\/Banniere-Cadence-2025-scaled.jpg\" alt=\"\"   width=\"2560\" height=\"738\"\/><\/a><\/p>\n<p>Le bras droit du pr\u00e9sident am\u00e9ricain affiche une confiance in\u00e9branlable. Au micro de <a href=\"https:\/\/www.francebleu.fr\/theme\/tour-de-france\" target=\"_blank\" rel=\"noreferrer noopener nofollow\">ICI Saint-\u00c9tienne Loire<\/a>, il s\u2019explique : \u00ab\u00a0Nous sommes tr\u00e8s confiants dans l\u2019effectif.\u00a0\u00bb Cette assurance peut surprendre apr\u00e8s une rel\u00e9gation traumatisante, mais Fahmy y voit paradoxalement une opportunit\u00e9 : \u00ab\u00a0Cela nous permet d\u2019avoir une v\u00e9ritable opportunit\u00e9 de construire quelque chose.\u00a0\u00bb<\/p>\n<p>\u00ab\u00a0En toute franchise, le projet ne change pas\u00a0\u00bb, mart\u00e8le le dirigeant. Cette constance rassure apr\u00e8s les turbulences r\u00e9centes et s\u2019inspire des exp\u00e9riences r\u00e9ussies \u00e0 Arsenal et au Milan AC. La r\u00e9f\u00e9rence \u00e0 ces clubs prestigieux t\u00e9moigne des ambitions \u00e0 long terme de Kilmer Sports Ventures. \u00ab\u00a0Ces changements \u00e0 l\u2019ASSE, je les vois, je les sens et cela me rend optimiste\u00a0\u00bb, poursuit-il, \u00e9voquant une \u00ab\u00a0nouvelle \u00e9nergie, de nouvelles ambitions, une nouvelle intensit\u00e9\u00a0\u00bb au sein du club.<\/p>\n<p><strong>Fin de la p\u00e9riode d\u2019observation<\/strong><\/p>\n<p>\u00ab\u00a0L\u2019heure n\u2019est plus \u00e0 l\u2019observation\u00a0\u00bb, annonce Fahmy, marquant un tournant dans la strat\u00e9gie KSV. Apr\u00e8s une premi\u00e8re ann\u00e9e d\u2019analyse, les propri\u00e9taires passent \u00e0 l\u2019action concr\u00e8te : nouveau staff, nouveaux joueurs, modifications des infrastructures. Le rachat des droits commerciaux BtoB \u00e0 Sportife et les deux augmentations de capital illustrent cette volont\u00e9 d\u2019autonomisation et d\u2019assainissement financier.<\/p>\n<p><strong>Ligue 1, objectif non n\u00e9gociable<\/strong><\/p>\n<p>\u00ab\u00a0Nous avons un objectif tr\u00e8s clair. Tout le monde le connait\u00a0\u00bb, d\u00e9clare-t-il sans ambigu\u00eft\u00e9. La remont\u00e9e imm\u00e9diate en Ligue 1 constitue l\u2019imp\u00e9ratif absolu de cette saison, condition sine qua non de la cr\u00e9dibilit\u00e9 du projet am\u00e9ricain. \u00ab\u00a0Nous esp\u00e9rons atteindre cet objectif et \u00eatre de retour en Ligue 1 \u00e0 la fin de la saison\u00a0\u00bb, confirme-t-il, assumant pleinement cette pression.<\/p>\n<p>La direction ne sous-estime pas les difficult\u00e9s : \u00ab\u00a0Nous serons attendus. On a dit aux joueurs que chaque match serait une finale de Coupe.\u00a0\u00bb Cette lucidit\u00e9 sur le statut particulier de l\u2019ASSE en Ligue 2 t\u00e9moigne d\u2019une pr\u00e9paration psychologique adapt\u00e9e. \u00ab\u00a0A chaque match, on envoie un message \u00e0 son co\u00e9quipier, son \u00e9quipe, mais aussi au reste du championnat\u00a0\u00bb, insiste-t-il, conscient de l\u2019enjeu de chaque rencontre.<\/p>\n<p>Sur le plan tactique, les orientations sont claires : \u00ab\u00a0Nous jouons dans un 4-3-3 agressif avec pressing et contre-pressing.\u00a0\u00bb Cette identit\u00e9 de jeu moderne correspond aux standards contemporains du football europ\u00e9en. La longue pr\u00e9paration estivale vise \u00e0 combler les lacunes physiques observ\u00e9es : \u00ab\u00a0La saison derni\u00e8re, nous avons vu qu\u2019il y avait une marge de progression, un gros travail physique \u00e0 r\u00e9aliser.\u00a0\u00bb<\/p>\n<p>\u00ab\u00a0D\u00e9sormais, les joueurs doivent prendre les cl\u00e9s du camion, avoir de l\u2019ambition\u00a0\u00bb, lance Fahmy. Cette formule imag\u00e9e illustre l\u2019attente d\u2019une prise de responsabilit\u00e9 collective face aux enjeux de la saison.<\/p>\n<p><strong>Club sans dette, ambitions intactes<\/strong><\/p>\n<p>L\u2019assainissement financier constitue un pr\u00e9alable \u00e0 toute ambition sportive. \u00ab\u00a0Nous avons r\u00e9alis\u00e9 deux importantes augmentations de capital afin d\u2019avoir un club sans dette\u00a0\u00bb, pr\u00e9cise le dirigeant, posant les bases d\u2019une gestion saine.<\/p>\n<p>Au-del\u00e0 du sportif, KSV ambitionne \u00ab\u00a0d\u2019avoir un impact sur Saint-\u00c9tienne, au niveau du club et de la ville.\u00a0\u00bb Cette dimension territoriale \u00e9largit le projet au-del\u00e0 du simple football, dans la lign\u00e9e des exp\u00e9riences internationales du groupe.<\/p>\n<p>Cette intervention de Fahmy dessine les contours d\u2019un projet structur\u00e9, ambitieux mais r\u00e9aliste, o\u00f9 la remont\u00e9e imm\u00e9diate constitue le test de cr\u00e9dibilit\u00e9 de la nouvelle gouvernance st\u00e9phanoise.<\/p>\n","protected":false},"excerpt":{"rendered":"Le bras droit du pr\u00e9sident am\u00e9ricain affiche une confiance in\u00e9branlable. Au micro de ICI Saint-\u00c9tienne Loire, il s\u2019explique&hellip;\n","protected":false},"author":2,"featured_media":262528,"comment_status":"","ping_status":"","sticky":false,"template":"","format":"standard","meta":{"footnotes":""},"categories":[9653],"tags":[1111,11,461,2430,1777,674,1011,27,40228,3367,12,25,9669,4001,517],"class_list":{"0":"post-262527","1":"post","2":"type-post","3":"status-publish","4":"format-standard","5":"has-post-thumbnail","7":"category-saint-etienne","8":"tag-actu","9":"tag-actualites","10":"tag-asse","11":"tag-auvergne-rhone-alpes","12":"tag-eu","13":"tag-europe","14":"tag-fr","15":"tag-france","16":"tag-huss-fahmy","17":"tag-loire","18":"tag-news","19":"tag-republique-francaise","20":"tag-saint-chamond","21":"tag-saint-etienne","22":"tag-sport"},"share_on_mastodon":{"url":"https:\/\/pubeurope.com\/@fr\/114889320299281610","error":""},"_links":{"self":[{"href":"https:\/\/www.europesays.com\/fr\/wp-json\/wp\/v2\/posts\/262527","targetHints":{"allow":["GET"]}}],"collection":[{"href":"https:\/\/www.europesays.com\/fr\/wp-json\/wp\/v2\/posts"}],"about":[{"href":"https:\/\/www.europesays.com\/fr\/wp-json\/wp\/v2\/types\/post"}],"author":[{"embeddable":true,"href":"https:\/\/www.europesays.com\/fr\/wp-json\/wp\/v2\/users\/2"}],"replies":[{"embeddable":true,"href":"https:\/\/www.europesays.com\/fr\/wp-json\/wp\/v2\/comments?post=262527"}],"version-history":[{"count":0,"href":"https:\/\/www.europesays.com\/fr\/wp-json\/wp\/v2\/posts\/262527\/revisions"}],"wp:featuredmedia":[{"embeddable":true,"href":"https:\/\/www.europesays.com\/fr\/wp-json\/wp\/v2\/media\/262528"}],"wp:attachment":[{"href":"https:\/\/www.europesays.com\/fr\/wp-json\/wp\/v2\/media?parent=262527"}],"wp:term":[{"taxonomy":"category","embeddable":true,"href":"https:\/\/www.europesays.com\/fr\/wp-json\/wp\/v2\/categories?post=262527"},{"taxonomy":"post_tag","embeddable":true,"href":"https:\/\/www.europesays.com\/fr\/wp-json\/wp\/v2\/tags?post=262527"}],"curies":[{"name":"wp","href":"https:\/\/api.w.org\/{rel}","templated":true}]}}