{"id":262529,"date":"2025-07-21T04:23:11","date_gmt":"2025-07-21T04:23:11","guid":{"rendered":"https:\/\/www.europesays.com\/fr\/262529\/"},"modified":"2025-07-21T04:23:11","modified_gmt":"2025-07-21T04:23:11","slug":"commissaire-de-police-etre-un-facilitateur-pour-ses-collaborateurs","status":"publish","type":"post","link":"https:\/\/www.europesays.com\/fr\/262529\/","title":{"rendered":"\u00ab\u00a0Commissaire de police, \u00eatre un facilitateur pour ses collaborateurs\u00a0\u00bb"},"content":{"rendered":"<p>On l\u2019a ou on ne l\u2019a pas. On ne l\u2019apprend pas. C\u2019est l\u00e0, naturel. Ce quelque chose qui \u00e9mane de vous, sans effort. Qui ne met pas de distance avec l\u2019autre, que vous le rencontriez ou non pour la premi\u00e8re fois. Ce petit truc en plus, assur\u00e9ment, il l\u2019a, Cyril Davoise.<\/p>\n<p>C\u2019est en tout cas ce qui transpara\u00eet au premier contact, \u00e0 la premi\u00e8re poign\u00e9e de main. Que le nouveau patron de la division de la criminalit\u00e9&#8230;<\/p>\n","protected":false},"excerpt":{"rendered":"On l\u2019a ou on ne l\u2019a pas. On ne l\u2019apprend pas. C\u2019est l\u00e0, naturel. Ce quelque chose qui&hellip;\n","protected":false},"author":2,"featured_media":262530,"comment_status":"","ping_status":"","sticky":false,"template":"","format":"standard","meta":{"footnotes":""},"categories":[9635],"tags":[1111,11,1704,1777,674,274,1011,27,775,3457,1702,1703,12,25],"class_list":{"0":"post-262529","1":"post","2":"type-post","3":"status-publish","4":"format-standard","5":"has-post-thumbnail","7":"category-nancy","8":"tag-actu","9":"tag-actualites","10":"tag-edition-nancy-et-agglomeration","11":"tag-eu","12":"tag-europe","13":"tag-faits-divers-justice","14":"tag-fr","15":"tag-france","16":"tag-grand-est","17":"tag-meurthe-et-moselle","18":"tag-nancy","19":"tag-nancy-ville-54b","20":"tag-news","21":"tag-republique-francaise"},"share_on_mastodon":{"url":"https:\/\/pubeurope.com\/@fr\/114889320357250655","error":""},"_links":{"self":[{"href":"https:\/\/www.europesays.com\/fr\/wp-json\/wp\/v2\/posts\/262529","targetHints":{"allow":["GET"]}}],"collection":[{"href":"https:\/\/www.europesays.com\/fr\/wp-json\/wp\/v2\/posts"}],"about":[{"href":"https:\/\/www.europesays.com\/fr\/wp-json\/wp\/v2\/types\/post"}],"author":[{"embeddable":true,"href":"https:\/\/www.europesays.com\/fr\/wp-json\/wp\/v2\/users\/2"}],"replies":[{"embeddable":true,"href":"https:\/\/www.europesays.com\/fr\/wp-json\/wp\/v2\/comments?post=262529"}],"version-history":[{"count":0,"href":"https:\/\/www.europesays.com\/fr\/wp-json\/wp\/v2\/posts\/262529\/revisions"}],"wp:featuredmedia":[{"embeddable":true,"href":"https:\/\/www.europesays.com\/fr\/wp-json\/wp\/v2\/media\/262530"}],"wp:attachment":[{"href":"https:\/\/www.europesays.com\/fr\/wp-json\/wp\/v2\/media?parent=262529"}],"wp:term":[{"taxonomy":"category","embeddable":true,"href":"https:\/\/www.europesays.com\/fr\/wp-json\/wp\/v2\/categories?post=262529"},{"taxonomy":"post_tag","embeddable":true,"href":"https:\/\/www.europesays.com\/fr\/wp-json\/wp\/v2\/tags?post=262529"}],"curies":[{"name":"wp","href":"https:\/\/api.w.org\/{rel}","templated":true}]}}