{"id":262540,"date":"2025-07-21T04:33:11","date_gmt":"2025-07-21T04:33:11","guid":{"rendered":"https:\/\/www.europesays.com\/fr\/262540\/"},"modified":"2025-07-21T04:33:11","modified_gmt":"2025-07-21T04:33:11","slug":"grenoble-voila-a-quoi-ressemblera-le-nouveau-groupe-scolaire-ferdinand-buisson-apres-plus-dun-an-de-travaux-et-94-millions-deuros-investis","status":"publish","type":"post","link":"https:\/\/www.europesays.com\/fr\/262540\/","title":{"rendered":"Grenoble. Voil\u00e0 \u00e0 quoi ressemblera le nouveau groupe scolaire Ferdinand-Buisson, apr\u00e8s plus d&rsquo;un an de travaux et 9,4 millions d\u2019euros investis"},"content":{"rendered":"<p>C\u2019est un chantier d\u2019envergure qui a d\u00e9but\u00e9 en janvier dernier au groupe scolaire Ferdinand-Buisson dans le cadre du plan \u00e9cole de la Ville. L\u2019\u00e9tablissement, qui accueillait jusqu\u2019en fin d\u2019ann\u00e9e 2024, pr\u00e8s de 460 \u00e9l\u00e8ves de maternelle et d\u2019\u00e9l\u00e9mentaire (dont une Unit\u00e9 localis\u00e9e pour l\u2019inclusion scolaire (Ulis) d\u00e9di\u00e9e aux d\u00e9ficients visuels et un h\u00f4pital de jour) a entam\u00e9 une mue qui va durer encore plusieurs mois.<\/p>\n<p>Des travaux devenus plus que n\u00e9cessaires, les b\u00e2timents de cette \u00e9cole ayant \u00e9t\u00e9 construits dans les ann\u00e9es 20\/30, sans&#8230;<\/p>\n","protected":false},"excerpt":{"rendered":"C\u2019est un chantier d\u2019envergure qui a d\u00e9but\u00e9 en janvier dernier au groupe scolaire Ferdinand-Buisson dans le cadre du&hellip;\n","protected":false},"author":2,"featured_media":262541,"comment_status":"","ping_status":"","sticky":false,"template":"","format":"standard","meta":{"footnotes":""},"categories":[9566],"tags":[1111,11,2430,4749,112,1057,1777,674,1011,27,2731,2732,108,6225,10425,1985,12,25],"class_list":{"0":"post-262540","1":"post","2":"type-post","3":"status-publish","4":"format-standard","5":"has-post-thumbnail","7":"category-grenoble","8":"tag-actu","9":"tag-actualites","10":"tag-auvergne-rhone-alpes","11":"tag-btp-et-chantiers","12":"tag-edition-grenoble-agglomeration","13":"tag-education","14":"tag-eu","15":"tag-europe","16":"tag-fr","17":"tag-france","18":"tag-grenoble","19":"tag-grenoble-bassin","20":"tag-isere","21":"tag-la-matinale","22":"tag-maternelle-elementaire","23":"tag-metropole-de-grenoble","24":"tag-news","25":"tag-republique-francaise"},"share_on_mastodon":{"url":"https:\/\/pubeurope.com\/@fr\/114889359584417643","error":""},"_links":{"self":[{"href":"https:\/\/www.europesays.com\/fr\/wp-json\/wp\/v2\/posts\/262540","targetHints":{"allow":["GET"]}}],"collection":[{"href":"https:\/\/www.europesays.com\/fr\/wp-json\/wp\/v2\/posts"}],"about":[{"href":"https:\/\/www.europesays.com\/fr\/wp-json\/wp\/v2\/types\/post"}],"author":[{"embeddable":true,"href":"https:\/\/www.europesays.com\/fr\/wp-json\/wp\/v2\/users\/2"}],"replies":[{"embeddable":true,"href":"https:\/\/www.europesays.com\/fr\/wp-json\/wp\/v2\/comments?post=262540"}],"version-history":[{"count":0,"href":"https:\/\/www.europesays.com\/fr\/wp-json\/wp\/v2\/posts\/262540\/revisions"}],"wp:featuredmedia":[{"embeddable":true,"href":"https:\/\/www.europesays.com\/fr\/wp-json\/wp\/v2\/media\/262541"}],"wp:attachment":[{"href":"https:\/\/www.europesays.com\/fr\/wp-json\/wp\/v2\/media?parent=262540"}],"wp:term":[{"taxonomy":"category","embeddable":true,"href":"https:\/\/www.europesays.com\/fr\/wp-json\/wp\/v2\/categories?post=262540"},{"taxonomy":"post_tag","embeddable":true,"href":"https:\/\/www.europesays.com\/fr\/wp-json\/wp\/v2\/tags?post=262540"}],"curies":[{"name":"wp","href":"https:\/\/api.w.org\/{rel}","templated":true}]}}