{"id":262546,"date":"2025-07-21T04:37:09","date_gmt":"2025-07-21T04:37:09","guid":{"rendered":"https:\/\/www.europesays.com\/fr\/262546\/"},"modified":"2025-07-21T04:37:09","modified_gmt":"2025-07-21T04:37:09","slug":"ne-prenez-pas-de-risques-rappelle-la-dir-ouest-aux-pietons-et-cyclistes","status":"publish","type":"post","link":"https:\/\/www.europesays.com\/fr\/262546\/","title":{"rendered":"\u00ab\u00a0Ne prenez pas de risques\u00a0\u00bb, rappelle la Dir Ouest aux pi\u00e9tons et cyclistes"},"content":{"rendered":"<p>            Par<br \/>\n        <strong><br \/>\n            <a href=\"https:\/\/actu.fr\/auteur\/lou-batteux\" title=\"Consulter tous les articles de Lou Batteux\" rel=\"nofollow noopener\" target=\"_blank\">Lou Batteux<\/a><br \/>\n        <\/strong><\/p>\n<p>        Publi\u00e9 le<\/p>\n<p>            21 juil. 2025 \u00e0 6h30        <\/p>\n<p><strong>\u00ab\u00a0Ne prenez pas de risques inutiles !\u00a0\u00bb<\/strong>, avertit la Direction Interd\u00e9partementale des Routes (DIR) Ouest aux Rennais. Sur la RN24, appel\u00e9 <strong>\u00ab\u00a0route de Lorient\u00a0\u00bb<\/strong>, \u00e0 proximit\u00e9 des \u00e9tangs d\u2019Apign\u00e9, des travaux sont actuellement en cours de r\u00e9alisation.<\/p>\n<p class=\" wall-content\">Mais, avec le retour des beaux jours, pi\u00e9tons et cyclistes continuent d\u2019emprunter la zone, pourtant dangereuse en raison du chantier, afin de se rendre aux \u00e9tangs ou sur Rennes (selon le sens de circulation). La DIR Ouest tient donc \u00e0 rappeler que <strong>cette zone est strictement interdite \u00e0 la circulation pi\u00e9tonne et cycliste<\/strong>.<\/p>\n<p>Des travaux qui exposent les passants \u00e0 un \u00ab\u00a0danger r\u00e9el\u00a0\u00bb<\/p>\n<p class=\" wall-content\">Dans le cadre de la r\u00e9alisation des travaux, de grandes excavations ont \u00e9t\u00e9 creus\u00e9es et <strong>certains trous, parfois peu visibles<\/strong>, pr\u00e9sentent \u00ab\u00a0un <strong>danger r\u00e9el<\/strong> pour toute personne s\u2019aventurant dans le p\u00e9rim\u00e8tre des travaux\u00a0\u00bb.<\/p>\n<p class=\" wall-content\">Les accotements de la RN24, quant \u00e0 eux, ne sont pas stabilis\u00e9s, il est donc particuli\u00e8rement <strong>risqu\u00e9 de longer les glissi\u00e8res<\/strong>.<\/p>\n<blockquote class=\"ac-article-quote wall-content\">\n<p>Il est \u00e9galement interdit de traverser la RN24 en dehors des passages balis\u00e9s\u00a0et s\u00e9curis\u00e9s pr\u00e9vus \u00e0 cet effet. Ces travers\u00e9es sauvages exposent les usagers \u00e0 un danger grave, compte tenu de la vitesse et du trafic sur cet axe routier.<\/p>\n<p>    <strong>La Direction Interd\u00e9partementale des Routes Ouest<\/strong>\n            <\/p><\/blockquote>\n<p>Vid\u00e9os : en ce moment sur ActuDes consignes \u00e0 respecter\u00a0<\/p>\n<p class=\" wall-content\">Face \u00e0 la situation, la DIR Ouest appelle \u00e0 \u00ab\u00a0la plus grande vigilance et au<strong> respect strict des consignes<\/strong> pour \u00e9viter tout accident\u00a0\u00bb.<\/p>\n<p class=\" wall-content\">Les cyclistes et pi\u00e9tons doivent ainsi utiliser la <strong>nouvelle piste cyclable du R\u00e9seau Express V\u00e9lo<\/strong> pour leurs trajets entre Le Rheu, Vezin-le-Coquet et Rennes.<\/p>\n<p class=\" wall-content\">Ceux qui d\u00e9sirent rejoindre les \u00e9tangs d\u2019Apign\u00e9 sont invit\u00e9s \u00e0 emprunter les itin\u00e9raires suivants :<\/p>\n<ul class=\" wall-content\">\n<li>Les habitants du Rheu peuvent y acc\u00e9der via la<strong> RD21<\/strong> depuis les Landes d\u2019Apign\u00e9 puis la rue de la Cocherais ;<\/li>\n<li>Les habitants de Rennes et Vezin-Le-Coquet peuvent y acc\u00e9der via l\u2019itin\u00e9raire du <strong>chemin de halage en bordure de Vilaine<\/strong>, depuis le quartier Cleunay \u00e0 Rennes ;<\/li>\n<\/ul>\n<ul class=\" wall-content\">\n<li>Les services de <strong>transport en commun STAR<\/strong> proposent \u00e9galement une ligne de desserte sp\u00e9cifique pendant l\u2019\u00e9t\u00e9. Retrouvez plus d\u2019informations sur <a href=\"https:\/\/www.star.fr\/\" rel=\"nofollow noopener\" target=\"_blank\">le site du r\u00e9seau<\/a>.<\/li>\n<\/ul>\n<p class=\" wall-content\">Suivez toute l\u2019actualit\u00e9 de vos villes et m\u00e9dias favoris en vous inscrivant \u00e0 <a href=\"https:\/\/moncompte.actu.fr\" title=\"D\u00e9couvez Mon Actu\" rel=\"nofollow noopener\" data-trk=\"{&quot;cta&quot;:{&quot;action&quot;:&quot;https:\\\/\\\/moncompte.actu.fr&quot;,&quot;category&quot;:&quot;mon compte&quot;,&quot;from&quot;:&quot;article footer&quot;,&quot;name&quot;:&quot;Mon actu&quot;,&quot;type&quot;:&quot;cta&quot;}}\" target=\"_blank\">Mon Actu<\/a>.<\/p>\n","protected":false},"excerpt":{"rendered":"Par Lou Batteux Publi\u00e9 le 21 juil. 2025 \u00e0 6h30 \u00ab\u00a0Ne prenez pas de risques inutiles !\u00a0\u00bb, avertit&hellip;\n","protected":false},"author":2,"featured_media":262547,"comment_status":"","ping_status":"","sticky":false,"template":"","format":"standard","meta":{"footnotes":""},"categories":[2821],"tags":[119,1111,11,829,1777,674,1011,27,12,584,25,26155,104,2086],"class_list":{"0":"post-262546","1":"post","2":"type-post","3":"status-publish","4":"format-standard","5":"has-post-thumbnail","7":"category-rennes","8":"tag-accident","9":"tag-actu","10":"tag-actualites","11":"tag-bretagne","12":"tag-eu","13":"tag-europe","14":"tag-fr","15":"tag-france","16":"tag-news","17":"tag-rennes","18":"tag-republique-francaise","19":"tag-route-nationale-24-rn-24","20":"tag-societe","21":"tag-travaux"},"share_on_mastodon":{"url":"https:\/\/pubeurope.com\/@fr\/114889375398493941","error":""},"_links":{"self":[{"href":"https:\/\/www.europesays.com\/fr\/wp-json\/wp\/v2\/posts\/262546","targetHints":{"allow":["GET"]}}],"collection":[{"href":"https:\/\/www.europesays.com\/fr\/wp-json\/wp\/v2\/posts"}],"about":[{"href":"https:\/\/www.europesays.com\/fr\/wp-json\/wp\/v2\/types\/post"}],"author":[{"embeddable":true,"href":"https:\/\/www.europesays.com\/fr\/wp-json\/wp\/v2\/users\/2"}],"replies":[{"embeddable":true,"href":"https:\/\/www.europesays.com\/fr\/wp-json\/wp\/v2\/comments?post=262546"}],"version-history":[{"count":0,"href":"https:\/\/www.europesays.com\/fr\/wp-json\/wp\/v2\/posts\/262546\/revisions"}],"wp:featuredmedia":[{"embeddable":true,"href":"https:\/\/www.europesays.com\/fr\/wp-json\/wp\/v2\/media\/262547"}],"wp:attachment":[{"href":"https:\/\/www.europesays.com\/fr\/wp-json\/wp\/v2\/media?parent=262546"}],"wp:term":[{"taxonomy":"category","embeddable":true,"href":"https:\/\/www.europesays.com\/fr\/wp-json\/wp\/v2\/categories?post=262546"},{"taxonomy":"post_tag","embeddable":true,"href":"https:\/\/www.europesays.com\/fr\/wp-json\/wp\/v2\/tags?post=262546"}],"curies":[{"name":"wp","href":"https:\/\/api.w.org\/{rel}","templated":true}]}}