{"id":262548,"date":"2025-07-21T04:38:12","date_gmt":"2025-07-21T04:38:12","guid":{"rendered":"https:\/\/www.europesays.com\/fr\/262548\/"},"modified":"2025-07-21T04:38:12","modified_gmt":"2025-07-21T04:38:12","slug":"contre-des-elus-strasbourgeois-la-violence-va-des-insultes-publiques-a-la-menace-de-viol","status":"publish","type":"post","link":"https:\/\/www.europesays.com\/fr\/262548\/","title":{"rendered":"Contre des \u00e9lus strasbourgeois, la violence va des insultes publiques \u00e0 la menace de viol"},"content":{"rendered":"<p class=\"wp-block-post-excerpt__excerpt\">En mai, un retrait\u00e9 de Bouxwiller a \u00e9t\u00e9 condamn\u00e9 par le tribunal judiciaire pour avoir envoy\u00e9 des insultes et des souris mortes \u00e0 Jeanne Barseghian, maire \u00e9cologiste de Strasbourg. Une d\u00e9cision qui intervient alors que les violences \u00e0 l\u2019encontre des \u00e9lus se banalisent. <\/p>\n<p>Camille Balzinger<\/p>\n<p>Publi\u00e9 le 21 juillet 2025\u00a0\u00a0\u00b7\u00a0\u00a0<\/p>\n<p>Imprim\u00e9 le 21 juillet 2025 \u00e0 06h38\u00a0\u00a0\u00b7\u00a0\u00a0<\/p>\n<p>\t\t\t\t\t7\u00a0minutes\n<\/p>\n<p><a href=\"https:\/\/www.rue89strasbourg.com\/maire-saint-die-des-vosges-plainte-agression-351526\" target=\"_blank\" rel=\"noreferrer noopener\">Agression du maire de Saint-Di\u00e9-des-Vosges et de sa compagne<\/a> en pleine rue, tag <a href=\"https:\/\/www.franceinfo.fr\/faits-divers\/le-maire-de-wattwiller-dans-le-haut-rhin-porte-plainte-pour-menaces-de-mort-apres-la-decouverte-de-tags-sur-la-mairie_7380223.html\" target=\"_blank\" rel=\"noreferrer noopener\">appelant \u00e0 tuer<\/a> celui de Wattwiller, mortier <a href=\"https:\/\/www.francebleu.fr\/infos\/faits-divers-justice\/le-maire-de-charleville-mezieres-boris-ravignon-vise-par-un-tir-de-mortier-6451508\" target=\"_blank\" rel=\"noreferrer noopener\">tir\u00e9 en direction<\/a> de l\u2019\u00e9dile de Charleville-M\u00e9zi\u00e8re\u2026 \u00c0 Strasbourg aussi, \u00e9lus et agents portent r\u00e9guli\u00e8rement plainte pour des violences ou intimidations li\u00e9es \u00e0 leur statut.<\/p>\n<p>En mai, un retrait\u00e9 de 75 ans r\u00e9sidant \u00e0 Bouxwiller a ainsi \u00e9t\u00e9 condamn\u00e9 \u00e0 une amende d\u00e9lictuelle de 1\u00a0800 euros, trois mois de suspension du permis de conduire et l\u2019obligation d\u2019accomplir un stage de citoyennet\u00e9. Il avait envoy\u00e9 \u00e0 la maire de Strasbourg, Jeanne Barseghian (Les \u00c9cologistes), des photos pornographiques, deux cadavres de souris, et des textes insultants et la mena\u00e7ant d\u2019avoir \u00ab\u00a0le gosier tranch\u00e9\u00a0\u00bb ainsi que d\u2019autres promesses sexuelles misogynes relevant du registre du viol. La juge a consid\u00e9r\u00e9 que ces actions sont un outrage \u00ab\u00a0de nature \u00e0 porter atteinte \u00e0 sa dignit\u00e9 ou au respect d\u00fb \u00e0 ses fonctions\u00a0\u00bb et qu\u2019elles constituent une \u00ab\u00a0menace de commettre un crime ou un d\u00e9lit\u00a0\u00bb. L\u2019homme n\u2019avait jamais \u00e9t\u00e9 condamn\u00e9 auparavant.<\/p>\n<p>Ces courriers envoy\u00e9s anonymement \u00e0 Jeanne Barseghian entre 2021 et 2025 entendaient contester la politique municipale relative\u2026 au stationnement.<\/p>\n<p>Lisez la suite pour 1\u20ac seulement<\/p>\n<ul class=\"wp-block-list\">\n<li class=\"align-start flex list-none mb-2 has-medium-font-size\">Jouez un r\u00f4le actif dans la pr\u00e9servation de la pluralit\u00e9 m\u00e9diatique<\/li>\n<li class=\"align-start flex list-none mb-2 has-medium-font-size\">Plongez en illimit\u00e9 dans nos articles et enqu\u00eates exclusives<\/li>\n<li class=\"align-start flex list-none mb-2 has-medium-font-size\">Participez librement \u00e0 la discussion gr\u00e2ce aux \u00ab\u00a0identit\u00e9s multiples\u00a0\u00bb<\/li>\n<\/ul>\n<p class=\"has-text-align-right\"><strong><a href=\"https:\/\/www.rue89strasbourg.com\/abonnement\" data-type=\"page\" data-id=\"0\" target=\"_blank\" rel=\"noopener\">Je m\u2019abonne\u00a0 <\/a><\/strong><\/p>\n<p>\t\t\t<a href=\"https:\/\/www.rue89strasbourg.com\/\" class=\"custom-logo-link\" rel=\"home noopener\" target=\"_blank\"><img loading=\"lazy\" decoding=\"async\" width=\"290\" height=\"62\" src=\"https:\/\/www.europesays.com\/fr\/wp-content\/uploads\/2025\/04\/1743975279_388_logo.png\" class=\"custom-logo\" alt=\"Rue89 Strasbourg Enqu\u00eates et informations locales\"  \/><\/a><\/p>\n<p>\n\t\t\t\tAbonnez-vous maintenant pour suivre l\u2019actualit\u00e9 locale.\t\t\t<\/p>\n<p class=\"font-bold font-serif-heading mb-2 text-4xl\">\n\t\t\t\t\t\tL\u2019investigation locale \u00e0 port\u00e9e de main.\n\t\t\t\t\t<\/p>\n<p>\n\t\t\t\t\t\tAbonnez-vous et profitez d\u2019un acc\u00e8s illimit\u00e9 \u00e0 Rue89 Strasbourg. Annulez quand vous voulez.\n\t\t\t\t\t<\/p>\n<p class=\"xl:text-sm\">\n\t\t\t\t\tD\u00e9j\u00e0 abonn\u00e9\u00a0?<br \/>\n\t\t\t\t\t<a class=\"border border-transparent text-center transition-colors duration-instant focus:border-info focus:rounded focus:shadow-focus cursor-pointer text-black hover:text-gray-700 active:bg-black-700 font-semibold inline-block\" href=\"https:\/\/www.rue89strasbourg.com\/user\/connexion?redirect=\/elus-strasbourg-violence-menace-viol-insultes-351552\" target=\"_blank\" rel=\"noopener\">Connectez-vous<\/a>\t\t\t\t<\/p>\n<p>\n\t\t\t\tChoisissez votre formule\u00a0:\n\t\t\t<\/p>\n<p>\t\t\t\tFermer<\/p>\n","protected":false},"excerpt":{"rendered":"En mai, un retrait\u00e9 de Bouxwiller a \u00e9t\u00e9 condamn\u00e9 par le tribunal judiciaire pour avoir envoy\u00e9 des insultes&hellip;\n","protected":false},"author":2,"featured_media":262549,"comment_status":"","ping_status":"","sticky":false,"template":"","format":"standard","meta":{"footnotes":""},"categories":[2820],"tags":[1111,11,1777,674,1011,27,775,12,316,25,640,2949],"class_list":{"0":"post-262548","1":"post","2":"type-post","3":"status-publish","4":"format-standard","5":"has-post-thumbnail","7":"category-strasbourg","8":"tag-actu","9":"tag-actualites","10":"tag-eu","11":"tag-europe","12":"tag-fr","13":"tag-france","14":"tag-grand-est","15":"tag-news","16":"tag-politique","17":"tag-republique-francaise","18":"tag-strasbourg","19":"tag-violences"},"share_on_mastodon":{"url":"https:\/\/pubeurope.com\/@fr\/114889379648521900","error":""},"_links":{"self":[{"href":"https:\/\/www.europesays.com\/fr\/wp-json\/wp\/v2\/posts\/262548","targetHints":{"allow":["GET"]}}],"collection":[{"href":"https:\/\/www.europesays.com\/fr\/wp-json\/wp\/v2\/posts"}],"about":[{"href":"https:\/\/www.europesays.com\/fr\/wp-json\/wp\/v2\/types\/post"}],"author":[{"embeddable":true,"href":"https:\/\/www.europesays.com\/fr\/wp-json\/wp\/v2\/users\/2"}],"replies":[{"embeddable":true,"href":"https:\/\/www.europesays.com\/fr\/wp-json\/wp\/v2\/comments?post=262548"}],"version-history":[{"count":0,"href":"https:\/\/www.europesays.com\/fr\/wp-json\/wp\/v2\/posts\/262548\/revisions"}],"wp:featuredmedia":[{"embeddable":true,"href":"https:\/\/www.europesays.com\/fr\/wp-json\/wp\/v2\/media\/262549"}],"wp:attachment":[{"href":"https:\/\/www.europesays.com\/fr\/wp-json\/wp\/v2\/media?parent=262548"}],"wp:term":[{"taxonomy":"category","embeddable":true,"href":"https:\/\/www.europesays.com\/fr\/wp-json\/wp\/v2\/categories?post=262548"},{"taxonomy":"post_tag","embeddable":true,"href":"https:\/\/www.europesays.com\/fr\/wp-json\/wp\/v2\/tags?post=262548"}],"curies":[{"name":"wp","href":"https:\/\/api.w.org\/{rel}","templated":true}]}}