{"id":26255,"date":"2025-04-15T09:28:15","date_gmt":"2025-04-15T09:28:15","guid":{"rendered":"https:\/\/www.europesays.com\/fr\/26255\/"},"modified":"2025-04-15T09:28:15","modified_gmt":"2025-04-15T09:28:15","slug":"etats-unis-donald-trump-affirme-avoir-resolu-le-probleme-de-linflation-americaine","status":"publish","type":"post","link":"https:\/\/www.europesays.com\/fr\/26255\/","title":{"rendered":"\u00c9tats-Unis : Donald Trump affirme avoir \u00ab\u00a0r\u00e9solu le probl\u00e8me\u00a0\u00bb de l&rsquo;inflation am\u00e9ricaine"},"content":{"rendered":"<p><img decoding=\"async\" class=\"c-ad__placeholder__logo\" src=\"https:\/\/www.europesays.com\/fr\/wp-content\/uploads\/2025\/03\/logo-euronews-grey-6-180x22.svg.svg+xml\" width=\"180\" height=\"22\" alt=\"\" loading=\"lazy\"\/>PUBLICIT\u00c9<\/p>\n<p>Faisant fi des turbulences boursi\u00e8res provoqu\u00e9es par ses annonces successives en mati\u00e8re de politique douani\u00e8re, le pr\u00e9sident am\u00e9ricain Donald Trump affirme avoir \u00ab\u00a0r\u00e9solu le probl\u00e8me de l&rsquo;inflation\u00a0\u00bb. <\/p>\n<p>S&rsquo;exprimant dans le bureau ovale lors de sa rencontre avec le pr\u00e9sident du Salvador, Nayib Bukele, le pr\u00e9sident am\u00e9ricain s&rsquo;est appuy\u00e9 sur la publication du rapport mensuel sur l&rsquo;indice des prix \u00e0 la consommation et du taux d&rsquo;inflation \u00e9valu\u00e9 \u00e0 2,4 % pour le mois de mars. <\/p>\n<p><img decoding=\"async\" src=\"https:\/\/www.europesays.com\/fr\/wp-content\/uploads\/2025\/03\/icon-cross-10x10-grey-6.svg.svg+xml\" width=\"10\" height=\"10\" alt=\"Close advertising\" fetchpriority=\"high\" loading=\"lazy\"\/><\/p>\n<p>\u00ab\u00a0Nous devons r\u00e9soudre les probl\u00e8mes, et nous avons d\u00e9j\u00e0 r\u00e9solu le probl\u00e8me de l&rsquo;inflation. Vous savez, si vous regardez les chiffres, ils sont incroyables, en fait. Le march\u00e9 boursier est en hausse. Et nous ne laissons pas d&rsquo;autres pays profiter de ce pays comme ils l&rsquo;ont fait au cours des 40 derni\u00e8res ann\u00e9es\u00a0\u00bb, a d\u00e9clar\u00e9 le dirigeant.<\/p>\n<p>De superordinateurs d&rsquo;IA bient\u00f4t produits par le g\u00e9ant technologique Nvidia<\/p>\n<p>Le pr\u00e9sident am\u00e9ricain s&rsquo;est \u00e9galement f\u00e9licit\u00e9 de la production prochaine de superordinateurs d&rsquo;intelligence artificielle par le g\u00e9ant technologique Nvidia. <\/p>\n<p>\u00ab\u00a0C&rsquo;est l&rsquo;une des plus grandes annonces que vous entendrez jamais, parce que Nvidia, comme vous le savez, contr\u00f4le presque tout le secteur, qui est l&rsquo;un des secteurs les plus importants au monde, entre les puces et les semi-conducteurs et tout le reste. [&#8230;] Et s&rsquo;ils l&rsquo;ont fait, c&rsquo;est \u00e0 cause de l&rsquo;\u00e9lection du 5 novembre et \u00e0 cause d&rsquo;une chose appel\u00e9e tarifs douaniers, comme je l&rsquo;ai dit, le plus beau mot du dictionnaire\u00a0\u00bb a poursuivi Donald Trump.<\/p>\n<p>Les actions mondiales en hausse<\/p>\n<p>Ces derniers jours, les actions mondiales ont op\u00e9r\u00e9 un rebond. Les indices boursiers ont augment\u00e9 de 2,4 % en France, de 2,9 % en Allemagne, de 1,2 % au Japon et de 1 % en Cor\u00e9e du Sud.<\/p>\n<p>Les march\u00e9s tirent avantage de l&rsquo;<a href=\"https:\/\/fr.euronews.com\/2025\/04\/12\/les-smartphones-et-les-ordinateurs-exemptes-des-nouveaux-droits-de-douane-imposes-par-trum\" target=\"_blank\" rel=\"noopener\"><strong>exemption tarifaire accord\u00e9 \u00e0 plusieurs entreprises technologiques<\/strong><\/a>, parmi lesquelles le g\u00e9ant Apple, dont 90\u00a0% des iPhone sont produits et assembl\u00e9s en Chine.<\/p>\n<p>Cette exemption devrait profiter aux importateurs am\u00e9ricains, qui auraient autrement \u00e9t\u00e9 confront\u00e9s au choix difficile de r\u00e9percuter l&rsquo;augmentation des co\u00fbts sur les clients ou d&rsquo;absorber eux-m\u00eames le choc financier.<\/p>\n<p>Donald Trump a \u00e9galement annonc\u00e9 envisager d&rsquo;appliquer une mesure similaire \u00e0 l&rsquo;industrie automobile, qui selon lui, a besoin de davantage de temps pour ajuster sa chaine d&rsquo;approvisionnement et rapatrier sa production depuis le Canada ou encore le Mexique. <\/p>\n","protected":false},"excerpt":{"rendered":"PUBLICIT\u00c9 Faisant fi des turbulences boursi\u00e8res provoqu\u00e9es par ses annonces successives en mati\u00e8re de politique douani\u00e8re, le pr\u00e9sident&hellip;\n","protected":false},"author":2,"featured_media":26256,"comment_status":"","ping_status":"","sticky":false,"template":"","format":"standard","meta":{"footnotes":""},"categories":[1589],"tags":[11,9344,75,73,1866,9345,12,1864,1865,1863,308],"class_list":{"0":"post-26255","1":"post","2":"type-post","3":"status-publish","4":"format-standard","5":"has-post-thumbnail","7":"category-etats-unis","8":"tag-actualites","9":"tag-bourses-mondiales","10":"tag-donald-trump","11":"tag-etats-unis","12":"tag-etats-unis-damerique","13":"tag-inflation","14":"tag-news","15":"tag-united-states","16":"tag-united-states-of-america","17":"tag-us","18":"tag-usa"},"share_on_mastodon":{"url":"https:\/\/pubeurope.com\/@fr\/114341275466702513","error":""},"_links":{"self":[{"href":"https:\/\/www.europesays.com\/fr\/wp-json\/wp\/v2\/posts\/26255","targetHints":{"allow":["GET"]}}],"collection":[{"href":"https:\/\/www.europesays.com\/fr\/wp-json\/wp\/v2\/posts"}],"about":[{"href":"https:\/\/www.europesays.com\/fr\/wp-json\/wp\/v2\/types\/post"}],"author":[{"embeddable":true,"href":"https:\/\/www.europesays.com\/fr\/wp-json\/wp\/v2\/users\/2"}],"replies":[{"embeddable":true,"href":"https:\/\/www.europesays.com\/fr\/wp-json\/wp\/v2\/comments?post=26255"}],"version-history":[{"count":0,"href":"https:\/\/www.europesays.com\/fr\/wp-json\/wp\/v2\/posts\/26255\/revisions"}],"wp:featuredmedia":[{"embeddable":true,"href":"https:\/\/www.europesays.com\/fr\/wp-json\/wp\/v2\/media\/26256"}],"wp:attachment":[{"href":"https:\/\/www.europesays.com\/fr\/wp-json\/wp\/v2\/media?parent=26255"}],"wp:term":[{"taxonomy":"category","embeddable":true,"href":"https:\/\/www.europesays.com\/fr\/wp-json\/wp\/v2\/categories?post=26255"},{"taxonomy":"post_tag","embeddable":true,"href":"https:\/\/www.europesays.com\/fr\/wp-json\/wp\/v2\/tags?post=26255"}],"curies":[{"name":"wp","href":"https:\/\/api.w.org\/{rel}","templated":true}]}}