{"id":262552,"date":"2025-07-21T04:40:33","date_gmt":"2025-07-21T04:40:33","guid":{"rendered":"https:\/\/www.europesays.com\/fr\/262552\/"},"modified":"2025-07-21T04:40:33","modified_gmt":"2025-07-21T04:40:33","slug":"pres-de-nice-un-couple-de-plaisanciers-prisonnier-de-filets-en-mer-cetait-un-cauchemar","status":"publish","type":"post","link":"https:\/\/www.europesays.com\/fr\/262552\/","title":{"rendered":"Pr\u00e8s de Nice. Un couple de plaisanciers prisonnier de filets en mer : \u00ab\u00a0C&rsquo;\u00e9tait un cauchemar\u00a0\u00bb"},"content":{"rendered":"<p>            Par<br \/>\n        <strong><br \/>\n            <a href=\"https:\/\/actu.fr\/auteur\/thomas-blanc\" title=\"Consulter tous les articles de Thomas Blanc\" target=\"_blank\" rel=\"noopener\">Thomas Blanc<\/a><br \/>\n        <\/strong><\/p>\n<p>        Publi\u00e9 le<\/p>\n<p>            15 juil. 2025 \u00e0 12h46        <\/p>\n<p>Impossible de s\u2019en sortir par leurs propres moyens et <strong>dans l\u2019attente de secours des heures durant<\/strong>, <a href=\"https:\/\/actu.fr\/provence-alpes-cote-d-azur\/villefranche-sur-mer_06159\/pres-de-nice-ce-spectacle-totalement-inedit-entraine-les-baigneurs-sous-l-eau_62911696.html\" target=\"_blank\" rel=\"noopener\">un couple de touristes allemands a racont\u00e9 son calvaire<\/a> v\u00e9cu dans la nuit du samedi\u00a012 au dimanche 13\u00a0juillet au large de <a href=\"https:\/\/actu.fr\/?s=cannes\" target=\"_blank\" rel=\"noopener\">Cannes<\/a> \u00e0 actu <a href=\"https:\/\/actu.fr\/?s=nice\" target=\"_blank\" rel=\"noopener\">Nice<\/a>.<\/p>\n<p class=\" wall-content\">Apr\u00e8s avoir maintes fois demand\u00e9 de l\u2019aide, ils n\u2019ont \u00e9t\u00e9 secourus que pr\u00e8s de <strong>15h apr\u00e8s leur accident<\/strong>, par le plus grand des hasards.<\/p>\n<p>Une ferme mal balis\u00e9e pour la navigation de nuit<\/p>\n<p class=\" wall-content\">\u00ab\u2009C\u2019est incroyable ce qui nous est arriv\u00e9\u2009\u00bb avance, la voix encore tremblotante, le plaisancier allemand, <strong>habitu\u00e9 des vacances sur la C\u00f4te d\u2019Azur<\/strong> depuis 20\u00a0ans.<\/p>\n<p class=\" wall-content\">Ce <a href=\"https:\/\/actu.fr\/?s=touriste\" target=\"_blank\" rel=\"noopener\">touriste<\/a> accompagn\u00e9 de sa femme a, sur son retour de l\u2019\u00eele Sainte-Marguerite au large de Cannes, rencontr\u00e9 <strong>les filets de la ferme d\u2019aquaculture Aquafrais<\/strong>. Cette ferme \u00e9l\u00e8ve des bars (loups) et des daurades.<\/p>\n<p class=\" wall-content\">\u00ab\u2009Il \u00e9tait 21h, la visibilit\u00e9 diminuait, mes lumi\u00e8res \u00e9taient allum\u00e9es, je voyais tr\u00e8s bien la ferme sur mon GPS mais un petit bateau, sans aucune lumi\u00e8re venait rapidement droit devant nous. Pour \u00e9viter la collision frontale j\u2019ai instinctivement tourn\u00e9 et les cordes nous ont arr\u00eat\u00e9es\u2009\u00bb, raconte-t-il.<\/p>\n<p>Vid\u00e9os : en ce moment sur Actu<\/p>\n<p class=\" wall-content\">La ferme aquatique n\u2019est \u00e9quip\u00e9e d\u2019<strong>aucune balise lumineuse pour la rep\u00e9rer la nuit<\/strong>, c\u2019est \u00ab\u2009un vrai danger pour la navigation que les p\u00eacheurs professionnels de Golfe Juan d\u00e9noncent depuis toujours\u2009\u00bb, s\u2019alarme le pr\u00e9sident de leur syndicat, Patrick Wolff.<\/p>\n<p>Cross Med est venue sans aide<\/p>\n<p class=\" wall-content\">La premi\u00e8re chose que les touristes \u00e9chou\u00e9s ont faite a \u00e9t\u00e9 d\u2019<strong>appeler le Centre r\u00e9gional op\u00e9rationnel de surveillance et de sauvetage de la M\u00e9diterran\u00e9e<\/strong> (Cross Med) de La Garde.<\/p>\n<blockquote class=\"ac-article-quote wall-content\">\n<p>Ils nous ont pos\u00e9 des questions. On a clairement fait savoir que l&rsquo;on avait besoin d&rsquo;un plongeur pour couper les cordes. <\/p>\n<p>    <strong>Le plaisancier bloqu\u00e9<\/strong>\n            <\/p><\/blockquote>\n<p class=\" wall-content\">Apr\u00e8s avoir patient\u00e9 plus d\u2019une heure, un bateau est venu \u00e0 leur hauteur.<\/p>\n<p class=\" wall-content\">\u00ab\u2009Ils se sont arr\u00eat\u00e9s \u00e0 environ 50\u00a0m\u00e8tres de nous, m\u2019ont t\u00e9l\u00e9phon\u00e9 pour me dire qu\u2019<strong>ils n\u2019avaient pas de plongeur<\/strong> et ne pouvaient donc pas intervenir mais m\u2019ont propos\u00e9 un remorquage dont je n\u2019avais pas besoin pour 1\u2009500\u20ac.\u2009\u00bb<\/p>\n<p>Une nuit pleine de rebondissement<\/p>\n<p class=\" wall-content\">\u00ab\u2009Au milieu de la nuit, un petit bateau vient entrer en collision avec nous et la personne \u00e0 bord nous a hurl\u00e9 dessus de mani\u00e8re vraiment malpolie, comme si nous \u00e9tions des voleurs\u2009\u00bb, a poursuivi le conducteur du bateau \u00e9chou\u00e9.<\/p>\n<p class=\" wall-content\">C\u2019\u00e9tait le g\u00e9rant d\u2019Aquafrais. Apr\u00e8s les avoir invectiv\u00e9s, leur avoir demand\u00e9 leurs papiers d\u2019identit\u00e9 ainsi que ceux du bateau, ce dernier aurait quitt\u00e9 les lieux sans proposer de solution.<\/p>\n<p class=\" wall-content\">\u00ab\u2009Il est reparti apr\u00e8s avoir vocif\u00e9rer, sans nous proposer d\u2019eau ni nous avoir demand\u00e9 si nous allions bien\u2009\u00bb, poursuivent les occupants du bateau.<\/p>\n<p>Une fin heureuse du au hasard<\/p>\n<p class=\" wall-content\">Apr\u00e8s plusieurs tentatives toute la matin\u00e9e aupr\u00e8s d\u2019Aquafrais pour obtenir de l\u2019aide sans succ\u00e8s, c\u2019est vers 11h du matin le dimanche 13\u00a0juillet que la chance leur sourit. <strong>Sans nourriture et sans eau depuis la veille au soir<\/strong> et d\u00e9sormais sans batterie sur leurs portables, le couple \u00e9tait confront\u00e9 \u00e0 une situation critique.<\/p>\n<p class=\" wall-content\">\u00ab\u2009Un bateau, qui amenait des clients au restaurant La Gu\u00e9rite est venu pr\u00e8s de nous en nous demandant si nous avions besoin d\u2019aide, aucun autre bateau ne l\u2019avait fait avant\u2009\u00bb, t\u00e9moigne le couple.<\/p>\n<p class=\" wall-content\">Par chance, <strong>le capitaine du bateau conna\u00eet un plongeur<\/strong>, celui-ci est intervenu dans la demi-heure sur les h\u00e9lices du bateau prise dans les cordes. Une courte intervention suffira \u00e0 lib\u00e9rer le bateau et le remorquer jusqu\u2019au port de Golfe Juan.<\/p>\n<p>\u00ab\u2009Ils nous ont laiss\u00e9s en danger\u2009\u00bb<\/p>\n<p class=\" wall-content\">Interrog\u00e9 par actu Nice, le professionnel en question d\u00e9clare avoir \u00e9t\u00e9 contact\u00e9 par le Cross Med La Garde dans la soir\u00e9e du samedi 12\u00a0juillet pour un bateau coinc\u00e9 dans la ferme Aquafrais. Ce dernier n\u2019a <strong>jamais recontact\u00e9 le plongeur<\/strong> pour mettre en \u0153uvre l\u2019op\u00e9ration de sauvetage.<\/p>\n<p class=\" wall-content\">\u00ab\u2009Ils nous ont laiss\u00e9s en danger alors qu\u2019un plongeur \u00e9tait disponible pour nous lib\u00e9rer dans l\u2019heure qui suivait notre accident, c\u2019est ind\u00e9cent\u2009\u00bb, enrage l\u2019homme.<\/p>\n<blockquote class=\"ac-article-quote wall-content\">\n<p>Quand ils m&rsquo;ont vu arriver, ils \u00e9taient rassur\u00e9s, ce n&rsquo;est pas \u00e9vident de passer une nuit en mer comme cela quand on a pas l&rsquo;habitude, sans vivre qui plus est.<\/p>\n<p>    <strong>Le plongeur <\/strong>\n            <\/p><\/blockquote>\n<p class=\" wall-content\">C\u2019est depuis l\u2019Allemagne que le couple a racont\u00e9 son histoire \u00e0 actu Nice puisqu\u2019aussit\u00f4t les pieds sur la terre ferme, la femme, \u00ab\u2009traumatis\u00e9e\u2009\u00bb a pris les billets pour quitter la France <strong>en promettant de ne jamais revenir<\/strong>.<\/p>\n<p class=\" wall-content\">Suivez toute l\u2019actualit\u00e9 de vos villes et m\u00e9dias favoris en vous inscrivant \u00e0 <a href=\"https:\/\/moncompte.actu.fr\" title=\"D\u00e9couvez Mon Actu\" rel=\"nofollow noopener\" data-trk=\"{&quot;cta&quot;:{&quot;action&quot;:&quot;https:\\\/\\\/moncompte.actu.fr&quot;,&quot;category&quot;:&quot;mon compte&quot;,&quot;from&quot;:&quot;article footer&quot;,&quot;name&quot;:&quot;Mon actu&quot;,&quot;type&quot;:&quot;cta&quot;}}\" target=\"_blank\">Mon Actu<\/a>.<\/p>\n","protected":false},"excerpt":{"rendered":"Par Thomas Blanc Publi\u00e9 le 15 juil. 2025 \u00e0 12h46 Impossible de s\u2019en sortir par leurs propres moyens&hellip;\n","protected":false},"author":2,"featured_media":262553,"comment_status":"","ping_status":"","sticky":false,"template":"","format":"standard","meta":{"footnotes":""},"categories":[2819],"tags":[1111,11,1777,674,1011,27,6127,12,2401,4838,882,25,104,602],"class_list":{"0":"post-262552","1":"post","2":"type-post","3":"status-publish","4":"format-standard","5":"has-post-thumbnail","7":"category-nice","8":"tag-actu","9":"tag-actualites","10":"tag-eu","11":"tag-europe","12":"tag-fr","13":"tag-france","14":"tag-mer","15":"tag-news","16":"tag-nice","17":"tag-peche","18":"tag-provence-alpes-cote-dazur","19":"tag-republique-francaise","20":"tag-societe","21":"tag-tourisme"},"share_on_mastodon":{"url":"https:\/\/pubeurope.com\/@fr\/114889387120374866","error":""},"_links":{"self":[{"href":"https:\/\/www.europesays.com\/fr\/wp-json\/wp\/v2\/posts\/262552","targetHints":{"allow":["GET"]}}],"collection":[{"href":"https:\/\/www.europesays.com\/fr\/wp-json\/wp\/v2\/posts"}],"about":[{"href":"https:\/\/www.europesays.com\/fr\/wp-json\/wp\/v2\/types\/post"}],"author":[{"embeddable":true,"href":"https:\/\/www.europesays.com\/fr\/wp-json\/wp\/v2\/users\/2"}],"replies":[{"embeddable":true,"href":"https:\/\/www.europesays.com\/fr\/wp-json\/wp\/v2\/comments?post=262552"}],"version-history":[{"count":0,"href":"https:\/\/www.europesays.com\/fr\/wp-json\/wp\/v2\/posts\/262552\/revisions"}],"wp:featuredmedia":[{"embeddable":true,"href":"https:\/\/www.europesays.com\/fr\/wp-json\/wp\/v2\/media\/262553"}],"wp:attachment":[{"href":"https:\/\/www.europesays.com\/fr\/wp-json\/wp\/v2\/media?parent=262552"}],"wp:term":[{"taxonomy":"category","embeddable":true,"href":"https:\/\/www.europesays.com\/fr\/wp-json\/wp\/v2\/categories?post=262552"},{"taxonomy":"post_tag","embeddable":true,"href":"https:\/\/www.europesays.com\/fr\/wp-json\/wp\/v2\/tags?post=262552"}],"curies":[{"name":"wp","href":"https:\/\/api.w.org\/{rel}","templated":true}]}}