{"id":262561,"date":"2025-07-21T04:46:14","date_gmt":"2025-07-21T04:46:14","guid":{"rendered":"https:\/\/www.europesays.com\/fr\/262561\/"},"modified":"2025-07-21T04:46:14","modified_gmt":"2025-07-21T04:46:14","slug":"toulouse-metropole-deploie-des-bornes-de-collecte-de-dechets-dans-lespace-public-ou-peut-on-les-trouver","status":"publish","type":"post","link":"https:\/\/www.europesays.com\/fr\/262561\/","title":{"rendered":"Toulouse m\u00e9tropole d\u00e9ploie des bornes de collecte de d\u00e9chets dans l\u2019espace public : o\u00f9 peut-on les trouver?"},"content":{"rendered":"<p>            Par<br \/>\n        <strong><br \/>\n            <a href=\"https:\/\/actu.fr\/auteur\/lea-afonso\" title=\"Consulter tous les articles de L\u00e9a Afonso\" target=\"_blank\" rel=\"noopener\">L\u00e9a Afonso<\/a><br \/>\n        <\/strong><\/p>\n<p>        Publi\u00e9 le<\/p>\n<p>            21 juil. 2025 \u00e0 6h42        <\/p>\n<p>\u00c9pluchures, sachets de th\u00e9, restes de repas, l\u00e9gumes oubli\u00e9s\u2026 Direction le tri\u2009! Depuis mai\u00a02025, <a href=\"https:\/\/actu.fr\/toulouse\/\" target=\"_blank\" rel=\"noopener\">Toulouse<\/a> M\u00e9tropole met en place progressivement un nouveau dispositif\u2009: des <strong>bornes de collecte<\/strong> install\u00e9es sur l\u2019espace public pour permettre \u00e0 chacun de<strong> trier facilement ses d\u00e9chets alimentaires<\/strong>. Un pas de plus vers une gestion plus responsable des d\u00e9chets. Voici comment \u00e7a fonctionne.<\/p>\n<p>Des bornes accessibles de tous<\/p>\n<p class=\" wall-content\">Facilement rep\u00e9rables avec leur<strong> couleur marron<\/strong> et leur <strong>apparence de poubelle classique<\/strong>, ces bornes sont pens\u00e9es pour \u00eatre accessibles \u00e0 tous. Plac\u00e9es dans l\u2019espace public, elles sont en<strong> libre acc\u00e8s<\/strong> afin que \u00ab\u2009les habitants puissent y d\u00e9poser leurs d\u00e9chets alimentaires\u2009\u00bb, pr\u00e9cise Toulouse M\u00e9tropole.<\/p>\n<p class=\" wall-content\">Cette initiative s\u2019inscrit dans le cadre de la <strong>loi AGEC<\/strong> (Anti-Gaspillage pour une \u00c9conomie Circulaire), qui impose aux collectivit\u00e9s de proposer une <strong>solution de tri des biod\u00e9chets<\/strong> \u00e0 l\u2019ensemble des citoyens.<\/p>\n<p class=\" wall-content\">Actuellement, une <strong>quarantaine<\/strong> de ces bornes a \u00e9t\u00e9 d\u00e9ploy\u00e9e dans plusieurs quartiers de <strong>Toulouse<\/strong>\u2009: Amidonniers, Compans-Caffarelli, Brouardel, Sept Deniers, La Vache, Minimes et Soupetard. L\u2019objectif est d\u2019en installer progressivement dans tous les quartiers d\u2019ici mi-2026.<\/p>\n<p>Voici o\u00f9 trouver ces bornes \u00e0 ToulouseVid\u00e9os : en ce moment sur ActuQue peut-on y jeter\u2009?<\/p>\n<p class=\" wall-content\">Fruits pourris, fanes de l\u00e9gumes, \u00e9pluchures, restes de repas, aliments p\u00e9rim\u00e9s (sans emballage), sachets de th\u00e9, marc et filtres \u00e0 caf\u00e9\u2026 Tous ces d\u00e9chets alimentaires peuvent \u00eatre d\u00e9pos\u00e9s dans les bornes.<\/p>\n<p>    <img   decoding=\"async\" loading=\"lazy\" src=\"https:\/\/www.europesays.com\/fr\/wp-content\/uploads\/2025\/07\/img-3698-960x640.jpeg\" alt=\"\u00c9pluchures, aliments pourris, sachets de th\u00e9s et bien d'autres peuvent \u00eatre jet\u00e9s\" width=\"960\" height=\"640\"\/><br \/>\n    \u00c9pluchures, aliments pourris, sachets de th\u00e9s et bien d\u2019autres peuvent \u00eatre jet\u00e9s (\u00a9L\u00e9a Afonso \/ Actu Toulouse)<\/p>\n<p class=\" wall-content\">Un tiers de notre poubelle \u00e9tant constitu\u00e9 de biod\u00e9chets d\u2019apr\u00e8s la m\u00e9tropole, leur valorisation repr\u00e9sente un enjeu important. Mais attention\u2009: les sacs plastiques, m\u00eame biod\u00e9gradables ou compostables, ainsi que tout type d\u2019emballage, sont strictement interdits.<\/p>\n<p class=\" wall-content\">Le geste est simple\u2009: il suffit d\u2019apporter ses d\u00e9chets alimentaires et de les d\u00e9poser directement dans la borne\u2009!<\/p>\n<p>    <img   decoding=\"async\" loading=\"lazy\" src=\"https:\/\/www.europesays.com\/fr\/wp-content\/uploads\/2025\/07\/img-3695-960x640.jpeg\" alt=\"Une p\u00e9dale permet d'ouvrir la borne \" width=\"960\" height=\"640\"\/><br \/>\n    Une p\u00e9dale permet d\u2019ouvrir la borne (\u00a9L\u00e9a Afonso \/ Actu Toulouse)Une seconde vie pour les biod\u00e9chets<\/p>\n<p class=\" wall-content\">Les d\u00e9chets collect\u00e9s ne sont pas simplement \u00e9limin\u00e9s. Ils sont d\u2019abord <strong>incin\u00e9r\u00e9s<\/strong>, puis <strong>transform\u00e9s en ressources utiles<\/strong>\u2009: \u00e9nergie, compost ou engrais naturel. \u00ab\u2009Ces mati\u00e8res contribuent \u00e0 nourrir et enrichir les sols, notamment au b\u00e9n\u00e9fice des agriculteurs locaux\u2009\u00bb, souligne la m\u00e9tropole.<\/p>\n<p>    <img   decoding=\"async\" loading=\"lazy\" src=\"https:\/\/www.europesays.com\/fr\/wp-content\/uploads\/2025\/07\/img-3696-960x640.jpeg\" alt=\"Comme dans une poubelle classique, il suffit d'y jeter ses d\u00e9ch\u00eats \" width=\"960\" height=\"640\"\/><br \/>\n    Comme dans une poubelle classique, il suffit d\u2019y jeter ses d\u00e9chets (\u00a9L\u00e9a Afonso \/ Actu Toulouse)Un d\u00e9ploiement \u00e0 l\u2019\u00e9chelle de la m\u00e9tropole<\/p>\n<p class=\" wall-content\">Si Toulouse est concern\u00e9e, d\u2019autres communes de la m\u00e9tropole profitent \u00e9galement de ce nouveau syst\u00e8me\u2009:<strong> Aigrefeuille (1 borne), Beauzelle (5), Blagnac (21), Saint-Orens-de-Gameville (10) et Tournefeuille (3).<\/strong><\/p>\n<p class=\" wall-content\">Suivez toute l\u2019actualit\u00e9 de vos villes et m\u00e9dias favoris en vous inscrivant \u00e0 <a href=\"https:\/\/moncompte.actu.fr\" title=\"D\u00e9couvez Mon Actu\" rel=\"nofollow noopener\" data-trk=\"{&quot;cta&quot;:{&quot;action&quot;:&quot;https:\\\/\\\/moncompte.actu.fr&quot;,&quot;category&quot;:&quot;mon compte&quot;,&quot;from&quot;:&quot;article footer&quot;,&quot;name&quot;:&quot;Mon actu&quot;,&quot;type&quot;:&quot;cta&quot;}}\" target=\"_blank\">Mon Actu<\/a>.<\/p>\n","protected":false},"excerpt":{"rendered":"Par L\u00e9a Afonso Publi\u00e9 le 21 juil. 2025 \u00e0 6h42 \u00c9pluchures, sachets de th\u00e9, restes de repas, l\u00e9gumes&hellip;\n","protected":false},"author":2,"featured_media":262562,"comment_status":"","ping_status":"","sticky":false,"template":"","format":"standard","meta":{"footnotes":""},"categories":[2816],"tags":[1111,11,3008,1777,674,1011,27,12,2680,25,104,2312],"class_list":{"0":"post-262561","1":"post","2":"type-post","3":"status-publish","4":"format-standard","5":"has-post-thumbnail","7":"category-toulouse","8":"tag-actu","9":"tag-actualites","10":"tag-dechets","11":"tag-eu","12":"tag-europe","13":"tag-fr","14":"tag-france","15":"tag-news","16":"tag-occitanie","17":"tag-republique-francaise","18":"tag-societe","19":"tag-toulouse"},"share_on_mastodon":{"url":"https:\/\/pubeurope.com\/@fr\/114889410956160747","error":""},"_links":{"self":[{"href":"https:\/\/www.europesays.com\/fr\/wp-json\/wp\/v2\/posts\/262561","targetHints":{"allow":["GET"]}}],"collection":[{"href":"https:\/\/www.europesays.com\/fr\/wp-json\/wp\/v2\/posts"}],"about":[{"href":"https:\/\/www.europesays.com\/fr\/wp-json\/wp\/v2\/types\/post"}],"author":[{"embeddable":true,"href":"https:\/\/www.europesays.com\/fr\/wp-json\/wp\/v2\/users\/2"}],"replies":[{"embeddable":true,"href":"https:\/\/www.europesays.com\/fr\/wp-json\/wp\/v2\/comments?post=262561"}],"version-history":[{"count":0,"href":"https:\/\/www.europesays.com\/fr\/wp-json\/wp\/v2\/posts\/262561\/revisions"}],"wp:featuredmedia":[{"embeddable":true,"href":"https:\/\/www.europesays.com\/fr\/wp-json\/wp\/v2\/media\/262562"}],"wp:attachment":[{"href":"https:\/\/www.europesays.com\/fr\/wp-json\/wp\/v2\/media?parent=262561"}],"wp:term":[{"taxonomy":"category","embeddable":true,"href":"https:\/\/www.europesays.com\/fr\/wp-json\/wp\/v2\/categories?post=262561"},{"taxonomy":"post_tag","embeddable":true,"href":"https:\/\/www.europesays.com\/fr\/wp-json\/wp\/v2\/tags?post=262561"}],"curies":[{"name":"wp","href":"https:\/\/api.w.org\/{rel}","templated":true}]}}