{"id":262565,"date":"2025-07-21T04:49:39","date_gmt":"2025-07-21T04:49:39","guid":{"rendered":"https:\/\/www.europesays.com\/fr\/262565\/"},"modified":"2025-07-21T04:49:39","modified_gmt":"2025-07-21T04:49:39","slug":"le-deces-est-compatible-avec-une-chute-annonce-le-parquet","status":"publish","type":"post","link":"https:\/\/www.europesays.com\/fr\/262565\/","title":{"rendered":"le d\u00e9c\u00e8s est \u00abcompatible avec une chute\u00bb, annonce le parquet"},"content":{"rendered":"<p>Le nourrisson est d\u00e9c\u00e9d\u00e9 mardi apr\u00e8s avoir \u00e9t\u00e9 retrouv\u00e9 bless\u00e9 par terre dans un service de n\u00e9onatalogie au CHU de Lille, \u00e0 la suite d\u2019un traumatisme \u00abcompatible avec une chute au sol\u00bb.<\/p>\n<p class=\"fig-paragraph\">Le\u00a0<a href=\"https:\/\/www.lefigaro.fr\/faits-divers\/lille-une-enquete-ouverte-apres-la-mort-d-un-nourrisson-a-l-hopital-20250716?msockid=1b8fb00c576d69c92d53a6105648680e\" target=\"_blank\" data-fig-type=\"NewsFlash\" rel=\"noopener\" data-gtm-custom-categorie=\"navigation\" data-gtm-custom-action=\"crossclick\" data-gtm-custom-label=\"Contextuel\" data-gtm-event=\"customEventSPE\" data-fig-domain=\"LEFIGARO\">nourrisson retrouv\u00e9 bless\u00e9 par terre<\/a>\u00a0dans un service de n\u00e9onatalogie du CHU de\u00a0<a href=\"http:\/\/www.lefigaro.fr\/flash-eco\/agression-d-un-medecin-a-lille-deux-hommes-condamnes-a-un-an-de-prison-ferme-20250710\" target=\"_blank\" data-fig-type=\"NewsFlash\" rel=\"noopener\" data-gtm-custom-categorie=\"navigation\" data-gtm-custom-action=\"crossclick\" data-gtm-custom-label=\"Contextuel\" data-gtm-event=\"customEventSPE\" data-fig-domain=\"LEFIGARO\">Lille<\/a>\u00a0est mort d\u2019un traumatisme \u00abcompatible avec une chute au sol\u00bb, a indiqu\u00e9 vendredi le parquet de Lille, confirmant qu\u2019un enfant a \u00e9t\u00e9 vu pr\u00e8s du berceau au moment des faits.<\/p>\n<p class=\"fig-paragraph\">Selon les premiers \u00e9l\u00e9ments de l\u2019enqu\u00eate, \u00able nourrisson est d\u00e9c\u00e9d\u00e9 d\u2019un traumatisme cranio-enc\u00e9phalique tr\u00e8s s\u00e9v\u00e8re, compatible avec une chute au sol\u00bb, a indiqu\u00e9 \u00e0 l\u2019AFP la procureure de la R\u00e9publique Carole Etienne.<\/p>\n<p>                                    <a class=\"fig-a11y-skip a11y-hidden\" href=\"#fig-a11y-skip-main-inarticle\"><br \/>\n        Passer la publicit\u00e9<br \/>\n    <\/a><\/p>\n<p>Un enfant de six ans \u00abvu \u00e0 proximit\u00e9 de l\u2019enfant au sol\u00bb<\/p>\n<p class=\"fig-paragraph\">Les faits se sont d\u00e9roul\u00e9s le 11 juillet en fin de matin\u00e9e au sein du service n\u00e9onatologie de l\u2019h\u00f4pital Jeanne de Flandre, l\u2019une des principales maternit\u00e9s de la r\u00e9gion: une petite fille de cinq jours, n\u00e9e pr\u00e9matur\u00e9e, a \u00e9t\u00e9 retrouv\u00e9e inerte au sol dans une chambre de soin. Elle est d\u00e9c\u00e9d\u00e9e mardi.<\/p>\n<p class=\"fig-paragraph\">Confirmant les d\u00e9clarations de la famille du nourrisson, qui a point\u00e9 le comportement perturbateur du fr\u00e8re d\u2019un autre b\u00e9b\u00e9 hospitalis\u00e9 dans le service, la procureur confirme qu\u2019un \u00abenfant de six ans, membre d\u2019une autre famille, a effectivement \u00e9t\u00e9 vu \u00e0 proximit\u00e9 du berceau et de l\u2019enfant au sol\u00bb.<\/p>\n<p class=\"fig-paragraph\">L\u2019enqu\u00eate ouverte pour \u00abrecherche des causes de la mort\u00bb \u00abse poursuit par de nombreuses diligences et auditions\u00bb, indique le parquet.<\/p>\n<p>La famille du nourrisson n\u2019a pour le moment pas port\u00e9 plainte<\/p>\n<p class=\"fig-paragraph\">Le centre hospitalier, \u00e9voquant dans un communiqu\u00e9 de presse mercredi \u00abun \u00e9v\u00e9nement exceptionnel particuli\u00e8rement grave et bouleversant, non li\u00e9 aux soins\u00bb, a pris \u00abdes mesures de stricte limitation des visites au sein des unit\u00e9s de n\u00e9onatologie\u00bb et mis en place un soutien psychologique.<\/p>\n<p class=\"fig-paragraph\">La famille du nourrisson, qui n\u2019a pas encore d\u00e9cid\u00e9 de porter plainte ou non, a appel\u00e9 l\u2019h\u00f4pital \u00e0 \u00abassumer sa responsabilit\u00e9\u00bb pour que \u00abcela n\u2019arrive plus jamais\u00bb. Ils d\u00e9plorent notamment \u00abla v\u00e9tust\u00e9 des locaux\u00bb, a indiqu\u00e9 une cousine du p\u00e8re du b\u00e9b\u00e9, Karima Farhi, soulignant que les infirmi\u00e8res ne disposent pas de vitre permettant de surveiller en permanence des enfants hospitalis\u00e9s loin de leurs m\u00e8res et confi\u00e9s \u00e0 leur responsabilit\u00e9.<\/p>\n<p>                                    <a class=\"fig-a11y-skip a11y-hidden\" href=\"#fig-a11y-skip-main-inarticle_mtf\"><br \/>\n        Passer la publicit\u00e9<br \/>\n    <\/a><\/p>\n<p class=\"fig-paragraph\">Elle souligne en outre que \u00able personnel m\u00e9dical avait \u00e9t\u00e9 pr\u00e9venu\u00bb du \u00abcomportement anormal depuis plusieurs jours\u00bb du gar\u00e7onnet, d\u00e9j\u00e0 vu \u00e0 proximit\u00e9 de la petite Zayneb, \u00abqu\u2019il appelait ma poup\u00e9e\u00bb. Ce qui n\u2019a pas emp\u00each\u00e9 sa pr\u00e9sence dans le service le 11 juillet en fin de matin\u00e9e alors que les visites n\u2019y sont autoris\u00e9es qu\u2019\u00e0 partir de midi, selon elle.<\/p>\n<p class=\"fig-paragraph\">La famille a lanc\u00e9 vendredi un \u00abappel \u00e0 t\u00e9moins\u00bb aux parents dont les enfants ont \u00e9t\u00e9 hospitalis\u00e9s \u00e0 Jeanne de Flandre, et \u00abqui ont pu constater ou vivre le manque de s\u00e9curit\u00e9 et de surveillance des b\u00e9b\u00e9s\u00bb, les appelant \u00e0 contacter le parquet de Lille.<\/p>\n","protected":false},"excerpt":{"rendered":"Le nourrisson est d\u00e9c\u00e9d\u00e9 mardi apr\u00e8s avoir \u00e9t\u00e9 retrouv\u00e9 bless\u00e9 par terre dans un service de n\u00e9onatalogie au&hellip;\n","protected":false},"author":2,"featured_media":262566,"comment_status":"","ping_status":"","sticky":false,"template":"","format":"standard","meta":{"footnotes":""},"categories":[2815],"tags":[1111,11,3493,1777,674,1011,27,811,1307,15761,18,12,25],"class_list":{"0":"post-262565","1":"post","2":"type-post","3":"status-publish","4":"format-standard","5":"has-post-thumbnail","7":"category-lille","8":"tag-actu","9":"tag-actualites","10":"tag-bebe","11":"tag-eu","12":"tag-europe","13":"tag-fr","14":"tag-france","15":"tag-hauts-de-france","16":"tag-lille","17":"tag-maternite","18":"tag-mort","19":"tag-news","20":"tag-republique-francaise"},"share_on_mastodon":{"url":"https:\/\/pubeurope.com\/@fr\/114889422491622468","error":""},"_links":{"self":[{"href":"https:\/\/www.europesays.com\/fr\/wp-json\/wp\/v2\/posts\/262565","targetHints":{"allow":["GET"]}}],"collection":[{"href":"https:\/\/www.europesays.com\/fr\/wp-json\/wp\/v2\/posts"}],"about":[{"href":"https:\/\/www.europesays.com\/fr\/wp-json\/wp\/v2\/types\/post"}],"author":[{"embeddable":true,"href":"https:\/\/www.europesays.com\/fr\/wp-json\/wp\/v2\/users\/2"}],"replies":[{"embeddable":true,"href":"https:\/\/www.europesays.com\/fr\/wp-json\/wp\/v2\/comments?post=262565"}],"version-history":[{"count":0,"href":"https:\/\/www.europesays.com\/fr\/wp-json\/wp\/v2\/posts\/262565\/revisions"}],"wp:featuredmedia":[{"embeddable":true,"href":"https:\/\/www.europesays.com\/fr\/wp-json\/wp\/v2\/media\/262566"}],"wp:attachment":[{"href":"https:\/\/www.europesays.com\/fr\/wp-json\/wp\/v2\/media?parent=262565"}],"wp:term":[{"taxonomy":"category","embeddable":true,"href":"https:\/\/www.europesays.com\/fr\/wp-json\/wp\/v2\/categories?post=262565"},{"taxonomy":"post_tag","embeddable":true,"href":"https:\/\/www.europesays.com\/fr\/wp-json\/wp\/v2\/tags?post=262565"}],"curies":[{"name":"wp","href":"https:\/\/api.w.org\/{rel}","templated":true}]}}