{"id":262567,"date":"2025-07-21T04:50:09","date_gmt":"2025-07-21T04:50:09","guid":{"rendered":"https:\/\/www.europesays.com\/fr\/262567\/"},"modified":"2025-07-21T04:50:09","modified_gmt":"2025-07-21T04:50:09","slug":"a-marseille-des-familles-refugiees-vivant-en-appartement-renvoyees-a-la-case-foyer","status":"publish","type":"post","link":"https:\/\/www.europesays.com\/fr\/262567\/","title":{"rendered":"\u00c0 Marseille, des familles r\u00e9fugi\u00e9es vivant en appartement renvoy\u00e9es \u00e0 la case foyer"},"content":{"rendered":"<p>\t    \u00c0 Marseille, des familles r\u00e9fugi\u00e9es vivant en appartement renvoy\u00e9es \u00e0 la case foyer &#8211; Marsactu<\/p>\n<p>&#13;<br \/>\n\t\t&#13;<br \/>\n\t\tNous utilisons des cookies pour vous garantir la meilleure exp\u00e9rience sur notre site. Vous pouvez choisir de refuser les cookies.<a href=\"#\" id=\"cn-accept-cookie\" data-cookie-set=\"accept\" class=\"cn-set-cookie cn-button cn-button-custom button\" aria-label=\"J'accepte\">J&rsquo;accepte<\/a><a href=\"#\" id=\"cn-refuse-cookie\" data-cookie-set=\"refuse\" class=\"cn-set-cookie cn-button cn-button-custom button\" aria-label=\"Non\">Non<\/a><a href=\"https:\/\/marsactu.fr\/societe\/cgu\/\" target=\"_blank\" id=\"cn-more-info\" class=\"cn-more-info cn-button cn-button-custom button\" aria-label=\"En savoir plus\" rel=\"noopener\">En savoir plus<\/a><\/p>\n<p>\t\t&#13;<\/p>\n","protected":false},"excerpt":{"rendered":"\u00c0 Marseille, des familles r\u00e9fugi\u00e9es vivant en appartement renvoy\u00e9es \u00e0 la case foyer &#8211; Marsactu &#13; &#13; Nous&hellip;\n","protected":false},"author":2,"featured_media":262568,"comment_status":"","ping_status":"","sticky":false,"template":"","format":"standard","meta":{"footnotes":""},"categories":[2814],"tags":[1111,11,40229,10443,40230,1777,674,1011,27,40231,884,12,882,25,4772],"class_list":{"0":"post-262567","1":"post","2":"type-post","3":"status-publish","4":"format-standard","5":"has-post-thumbnail","7":"category-marseille","8":"tag-actu","9":"tag-actualites","10":"tag-adoma","11":"tag-asile","12":"tag-cada","13":"tag-eu","14":"tag-europe","15":"tag-fr","16":"tag-france","17":"tag-laviste","18":"tag-marseille","19":"tag-news","20":"tag-provence-alpes-cote-dazur","21":"tag-republique-francaise","22":"tag-zalu"},"share_on_mastodon":{"url":"https:\/\/pubeurope.com\/@fr\/114889426394505486","error":""},"_links":{"self":[{"href":"https:\/\/www.europesays.com\/fr\/wp-json\/wp\/v2\/posts\/262567","targetHints":{"allow":["GET"]}}],"collection":[{"href":"https:\/\/www.europesays.com\/fr\/wp-json\/wp\/v2\/posts"}],"about":[{"href":"https:\/\/www.europesays.com\/fr\/wp-json\/wp\/v2\/types\/post"}],"author":[{"embeddable":true,"href":"https:\/\/www.europesays.com\/fr\/wp-json\/wp\/v2\/users\/2"}],"replies":[{"embeddable":true,"href":"https:\/\/www.europesays.com\/fr\/wp-json\/wp\/v2\/comments?post=262567"}],"version-history":[{"count":0,"href":"https:\/\/www.europesays.com\/fr\/wp-json\/wp\/v2\/posts\/262567\/revisions"}],"wp:featuredmedia":[{"embeddable":true,"href":"https:\/\/www.europesays.com\/fr\/wp-json\/wp\/v2\/media\/262568"}],"wp:attachment":[{"href":"https:\/\/www.europesays.com\/fr\/wp-json\/wp\/v2\/media?parent=262567"}],"wp:term":[{"taxonomy":"category","embeddable":true,"href":"https:\/\/www.europesays.com\/fr\/wp-json\/wp\/v2\/categories?post=262567"},{"taxonomy":"post_tag","embeddable":true,"href":"https:\/\/www.europesays.com\/fr\/wp-json\/wp\/v2\/tags?post=262567"}],"curies":[{"name":"wp","href":"https:\/\/api.w.org\/{rel}","templated":true}]}}