{"id":262570,"date":"2025-07-21T04:53:12","date_gmt":"2025-07-21T04:53:12","guid":{"rendered":"https:\/\/www.europesays.com\/fr\/262570\/"},"modified":"2025-07-21T04:53:12","modified_gmt":"2025-07-21T04:53:12","slug":"le-maire-du-8e-repond-a-nos-questions","status":"publish","type":"post","link":"https:\/\/www.europesays.com\/fr\/262570\/","title":{"rendered":"le maire du 8e r\u00e9pond \u00e0 nos questions"},"content":{"rendered":"<p>            Par<br \/>\n        <strong><br \/>\n            <a href=\"https:\/\/actu.fr\/auteur\/ludivine-caporal\" title=\"Consulter tous les articles de Ludivine Caporal\" target=\"_blank\" rel=\"noopener\">Ludivine Caporal<\/a><br \/>\n        <\/strong><\/p>\n<p>        Publi\u00e9 le<\/p>\n<p>            21 juil. 2025 \u00e0 6h38        <\/p>\n<p>Il est sans doute l\u2019un des maires d\u2019arrondissement les plus connus \u00e0 Lyon. Souvent visible sur le terrain, tr\u00e8s pr\u00e9sent sur les r\u00e9seaux sociaux, <strong>Olivier Berzane<\/strong> (Les \u00c9cologistes) ferait presque de l\u2019ombre \u00e0 <a href=\"https:\/\/actu.fr\/auvergne-rhone-alpes\/lyon_69123\/lyon-plainte-intimidations-pierre-oliver-denonce-les-methodes-des-equipes-aulas_62640869.html\" target=\"_blank\" rel=\"noopener\">Pierre Oliver<\/a> (LR), son homologue et opposant politique du 2\u1d49 arrondissement, dont le nom r\u00e9sonne r\u00e9guli\u00e8rement dans le milieu. Mais si ce dernier <a href=\"https:\/\/actu.fr\/auvergne-rhone-alpes\/lyon_69123\/lyon-du-suicide-la-candidature-mal-embarquee-de-pierre-oliver-aux-municipales-2026_62499121.html\" target=\"_blank\" rel=\"noopener\">souhaite prendre la t\u00eate de la Ville de Lyon en 2026<\/a>, ce n\u2019est certainement pas le cas du maire du 8\u1d49 arrondissement, qui nourrit pour seule ambition celle de <strong>conserver son poste actuel<\/strong> \u00e0 l\u2019occasion d\u2019un nouveau mandat.<\/p>\n<p class=\" wall-content\">\u00c9lu depuis 2020, Olivier Berzane souhaite en effet poursuivre son travail, jusqu\u2019ici r\u00e9alis\u00e9 main dans la main avec ses alli\u00e9s de la Ville et de la M\u00e9tropole. Pour actu Lyon, le maire du 8\u1d49 a ainsi accept\u00e9 de faire le point sur plusieurs sujets br\u00fblants concernant son arrondissement tels que le march\u00e9 sauvage, <a href=\"https:\/\/actu.fr\/auvergne-rhone-alpes\/lyon_69123\/lyon-un-commercant-en-colere-contre-les-travaux-de-cette-avenue-subit-une-defaite-en-justice_62798533.html\" target=\"_blank\" rel=\"noopener\">l\u2019avenue des Fr\u00e8res Lumi\u00e8re<\/a> ou encore la r\u00e9novation urbaine de plusieurs quartiers.<\/p>\n<p>\u00ab\u2009Le march\u00e9 l\u00e9gal des \u00c9tats-Unis a pu retrouver une tranquillit\u00e9\u2009\u00bb<\/p>\n<p class=\"ac-article-content__question wall-content\"><strong class=\"color-primary\">Actu : <\/strong>L&rsquo;un des gros probl\u00e8mes que vous avez eu \u00e0 g\u00e9rer ces cinq derni\u00e8res ann\u00e9es est le march\u00e9 sauvage du quartier des \u00c9tats-Unis. O\u00f9 en est-on aujourd&rsquo;hui ?\n<\/p>\n<p class=\" wall-content\"><strong class=\"color-primary\">Olivier Berzane : <\/strong>\u00c0 partir du mois de f\u00e9vrier\/mars, nous avons d\u00e9cid\u00e9, conjointement avec la police municipale et nationale, la M\u00e9tropole, les TCL et les services de douane, d&rsquo;entreprendre des op\u00e9rations bien plus massives. <\/p>\n<p>De fait, par une continuit\u00e9 de pr\u00e9sence sur plusieurs semaines, on a r\u00e9ussi \u00e0 mettre fin \u00e0 ce march\u00e9 ill\u00e9gal existant depuis 2016 et \u00e0 l&rsquo;\u00e9radiquer. Les revendeurs qui venaient de loin ont arr\u00eat\u00e9 de venir car ils ont compris que \u00e7a ne servait plus \u00e0 rien de se d\u00e9placer et le march\u00e9 l\u00e9gal a pu retrouver une tranquillit\u00e9. <\/p>\n<p>\u00c0 la mairie, on a pu recommencer \u00e0 travailler sur les autres sujets du quartier, qui ne sont pas moindres. Pour autant, on reste en veille et la police patrouille chaque jour de march\u00e9.<\/p>\n<p class=\"ac-article-content__question wall-content\">A-t-il n\u00e9anmoins \u00e9t\u00e9 constat\u00e9 un report de ce march\u00e9 sur d&rsquo;autres zones ?<\/p>\n<p class=\" wall-content\"><strong class=\"color-primary\">OB : <\/strong>Non, en tout cas pas dans le 8\u1d49 arrondissement directement. On entend parfois que des petits groupes se reforment dans des villes voisines, mais rien de comparable.<\/p>\n<p class=\"ac-article-content__question wall-content\">Vous avez \u00e9galement fait de votre cheval de bataille la lutte contre les d\u00e9p\u00f4ts sauvages, nombreux dans le 8\u1d49, en poussant r\u00e9guli\u00e8rement des coups de gueule sur Facebook, par exemple. L&rsquo;arriv\u00e9e d&rsquo;un service gratuit de collecte des encombrants \u00e0 domicile, en octobre, r\u00e9ussira-t-il selon vous \u00e0 y mettre un terme ?<\/p>\n<p class=\" wall-content\"><strong class=\"color-primary\">OB : <\/strong>On va en tout cas largement communiquer dessus en expliquant que \u00e7a n&rsquo;a plus lieu d&rsquo;\u00eatre, car les habitants pourront passer un simple appel t\u00e9l\u00e9phonique \u00e0 la M\u00e9tropole pour se d\u00e9barrasser de leurs affaires. <\/p>\n<p>Je pense qu&rsquo;avec \u00e7a on va arriver \u00e0 r\u00e9sorber une partie de ces d\u00e9p\u00f4ts sauvages, mais pas tous. Sur certains points, ce sont des professionnels qui, pour ne pas payer le tri de leurs d\u00e9chets, viennent tranquillement vider leurs camions et laisser leurs tas d&rsquo;ordures en pleine nuit dans les quartiers populaires. Eux, il faudra continuer \u00e0 les attraper et \u00e0 les sanctionner.<\/p>\n<p>    <img   decoding=\"async\" loading=\"lazy\" src=\"https:\/\/www.europesays.com\/fr\/wp-content\/uploads\/2025\/07\/marche-sauvage-lyon-etats-unis-photo-960x640.jpg\" alt=\"Peu importe les ventes ill\u00e9gales et l'occupation de l'espace publique, la pr\u00e9f\u00e8te du Rh\u00f4ne estime que ce n'est pas du ressort de la police.\" width=\"960\" height=\"640\"\/><br \/>\n    Le march\u00e9 sauvage s\u2019installait \u00e0 chaque fois apr\u00e8s le march\u00e9 l\u00e9gal des \u00c9tats-Unis. (\u00a9AS\/actu Lyon)\u00ab\u2009Les gens commencent \u00e0 voir le 8\u1d49 d\u2019un \u0153il diff\u00e9rent\u2009\u00bb<\/p>\n<p class=\"ac-article-content__question wall-content\">Les projets de v\u00e9g\u00e9talisation et d&rsquo;am\u00e9nagements tels que les voies cyclables ont-ils \u00e9t\u00e9 assez nombreux dans le 8e arrondissement ? \u00cates-vous satisfaits de son int\u00e9gration au programme global de la mairie centrale sur ce point ?<\/p>\n<p class=\" wall-content\"><strong class=\"color-primary\">OB : <\/strong>Oui. Notre programme avec la Ville et la M\u00e9tropole \u00e9tait effectivement de d\u00e9velopper le r\u00e9seau cyclable et de fortement v\u00e9g\u00e9taliser. Pour moi, les deux objectifs sont atteints aujourd&rsquo;hui. <\/p>\n<p>Le 8\u1d49 est travers\u00e9 par quatre Voies lyonnaises, ce dont on peut vraiment se satisfaire. Quant \u00e0 la v\u00e9g\u00e9talisation, il y a eu une acc\u00e9l\u00e9ration du nombre de plantations de mani\u00e8re consid\u00e9rable car notre arrondissement \u00e9tait tr\u00e8s carenc\u00e9. On rappelle que l&rsquo;OMS pr\u00e9conise entre 10 et 12 m\u00b2 de v\u00e9g\u00e9tation par habitant. Nous \u00e9tions seulement \u00e0 deux, il y a cinq ans. Je n&rsquo;ai pas le chiffre actuel exact, mais il ne sera que meilleur car on essaie de profiter de toutes les occasions pour planter : le r\u00e9am\u00e9nagement des rues, des cours d&rsquo;\u00e9cole, des places&#8230;<\/p>\n<p class=\"ac-article-content__question wall-content\">Apr\u00e8s une l\u00e9g\u00e8re baisse, le nombre d&rsquo;habitants a de nouveau augment\u00e9 pour se stabiliser et atteindre aujourd&rsquo;hui pr\u00e8s de 87 000 personnes, t\u00e9moin d&rsquo;un attrait certain pour l&rsquo;arrondissement. Et cela risque de grandir encore&#8230;<\/p>\n<p class=\" wall-content\"><strong class=\"color-primary\">OB : <\/strong>C&rsquo;est vrai que les gens commencent \u00e0 voir le 8\u1d49 d&rsquo;un \u0153il diff\u00e9rent. Par le pass\u00e9, cet arrondissement \u00e9tait simplement consid\u00e9r\u00e9 comme une zone que l&rsquo;on traversait via des grands axes pour rejoindre le p\u00e9riph\u00e9rique ou l&rsquo;autoroute. <\/p>\n<p>Aujourd&rsquo;hui, et gr\u00e2ce \u00e0 la masse des investissements que nous avons r\u00e9serv\u00e9e au 8e (175 millions d&rsquo;euros sur le mandat, soit pr\u00e8s du triple de ce qui avait \u00e9t\u00e9 investi par l&rsquo;ancienne mandature), les choses changent. On essaie de rattraper le retard qu&rsquo;il y avait sur les \u00e9quipements publics, les besoins des habitants, l&rsquo;\u00e9tat du patrimoine&#8230;<\/p>\n<p class=\"ac-article-content__question wall-content\">Est-il ainsi n\u00e9cessaire de construire davantage ?<\/p>\n<p class=\" wall-content\"><strong class=\"color-primary\">OB : <\/strong>Oui, on en a besoin, car on sait aujourd&rsquo;hui qu&rsquo;une demande sur 10 seulement est satisfaite. On ne peut pas dire aux jeunes de quitter Lyon et d&rsquo;aller vivre ailleurs.  \u00c0 l&rsquo;occasion des projets de r\u00e9novation urbaine comme \u00e0 Mermoz et aux \u00c9tats-Unis, on va d&rsquo;ailleurs reconstruire plus qu&rsquo;on aura d\u00e9truit, car nous allons construire diff\u00e9remment, mieux et plus haut. <\/p>\n<p>Certains voient \u00e7a comme une b\u00e9tonisation, mais les permis de construire vont aussi amener des milliers de m\u00b2 de v\u00e9g\u00e9talisation en plus gr\u00e2ce \u00e0 l&rsquo;obligation d&rsquo;avoir 25 % de pleine terre pour chaque parcelle.<\/p>\n<p>On va aussi davantage d\u00e9velopper de la mixit\u00e9 sociale, sans pour autant chasser les gens qui sont dans des logements sociaux, qui repr\u00e9sentent pr\u00e8s de 40 % des habitations. On ne veut pas baisser ce chiffre mais mieux le r\u00e9partir pour ne pas tout concentrer dans les m\u00eames petits morceaux de quartier.<\/p>\n<p>Sur l\u2019avenue des Fr\u00e8res Lumi\u00e8re, \u00ab\u2009certains discours sont en train de changer\u2009\u00bb<\/p>\n<p class=\"ac-article-content__question wall-content\">O\u00f9 en sont les grands projets tels que la r\u00e9novation de la place du Bachut, la construction de l&rsquo;Ilot Kennedy ou encore la r\u00e9novation urbaine de Mermoz ?<\/p>\n<p class=\" wall-content\"><strong class=\"color-primary\">OB : <\/strong>Le chantier de la place du Bachut commence et durera environ jusqu&rsquo;\u00e0 f\u00e9vrier 2026. Elle sera en tout cas livr\u00e9e avant le printemps, sur notre mandat.<\/p>\n<p>Concernant l&rsquo;Ilot Kennedy, l&rsquo;\u00e9cole est toujours en travaux et la rentr\u00e9e a \u00e9t\u00e9 repouss\u00e9e \u00e0 janvier 2026. Le chantier des Ateliers de la Danse se d\u00e9roule normalement et celui du complexe sportif va d\u00e9buter cet \u00e9t\u00e9. Ces deux \u00e9tablissements ne seront n\u00e9anmoins pas livr\u00e9s avant la fin de ce mandat.<\/p>\n<p>Pour Mermoz, le travail concernant l&rsquo;am\u00e9nagement des espaces publics a commenc\u00e9, la construction de l&rsquo;\u00e9cole Pasteur est en route et dans quelques mois va commencer celle du p\u00f4le sportif et culturel. En 2027, un bureau de poste arrivera enfin dans un nouvel immeuble en construction.<\/p>\n<p>    <img   decoding=\"async\" loading=\"lazy\" src=\"https:\/\/www.europesays.com\/fr\/wp-content\/uploads\/2025\/07\/ilot-kennedy-piscine-960x640.png\" alt=\"La piscine du futur complexe de l'\u00eelot Kennedy sera ouverte en 2026.\" width=\"960\" height=\"640\"\/><br \/>\n    La piscine du futur complexe de l\u2019\u00eelot Kennedy. (\u00a9a +\u00a0Samuel Delmas)<\/p>\n<p class=\"ac-article-content__question wall-content\">Les travaux de l&rsquo;avenue des Fr\u00e8res Lumi\u00e8re ont \u00e9t\u00e9 largement critiqu\u00e9s par les commer\u00e7ants et ont fait couler beaucoup d&rsquo;encre. De mani\u00e8re g\u00e9n\u00e9rale, les gens se plaignent par ailleurs qu&rsquo;il y a \u00ab\u00a0trop de chantiers\u00a0\u00bb en m\u00eame temps \u00e0 Lyon. Entendez-vous leur col\u00e8re ?<\/p>\n<p class=\" wall-content\"><strong class=\"color-primary\">OB : <\/strong>Bien s\u00fbr que la phase des travaux est tr\u00e8s g\u00eanante. Personne n&rsquo;est heureux d&rsquo;avoir \u00e7a devant chez soi. C&rsquo;est bruyant, poussi\u00e9reux, on circule mal. Mais on essaie de les organiser de sorte \u00e0 ce que cela se fasse partie par partie. On aurait pu d\u00e9cider de fermer toute l&rsquo;avenue des Fr\u00e8res Lumi\u00e8re par exemple, mais ce n&rsquo;est pas ce qui a \u00e9t\u00e9 d\u00e9cid\u00e9 pour ne pas d\u00e9ranger tout le monde en m\u00eame temps. <\/p>\n<p>Certains disent qu&rsquo;on fait tout d&rsquo;un coup puisque les \u00e9lections approchent. Mais c&rsquo;est tout simplement la vie normale d&rsquo;un mandat. Construire un projet, l&rsquo;instruire, le voter, passer les march\u00e9s publics, etc, c&rsquo;est quatre ans minimum. <\/p>\n<p>En tout cas, je constate que certains discours sont en train de changer concernant l&rsquo;avenue des Fr\u00e8res Lumi\u00e8re. Les gens commencent \u00e0 se projeter sur demain, \u00e0 appr\u00e9cier les trottoirs plus larges, les bandes plant\u00e9es, le calme que cela va apporter&#8230; La premi\u00e8re partie devrait d&rsquo;ailleurs bient\u00f4t se terminer, \u00e0 la fin de l&rsquo;\u00e9t\u00e9. La deuxi\u00e8me partie sera, elle, livr\u00e9e durant le premier trimestre 2026.<\/p>\n<p>Ins\u00e9curit\u00e9, tirs de mortiers\u2026 Quelles solutions\u2009?<\/p>\n<p class=\"ac-article-content__question wall-content\">Votre arrondissement reste malgr\u00e9 tout particuli\u00e8rement en proie \u00e0 l&rsquo;ins\u00e9curit\u00e9. R\u00e9cemment par exemple, de nombreux habitants se sont plaints des tirs de mortier, entendus \u00e0 tout heure de la journ\u00e9e et de la nuit, de plus en plus r\u00e9guli\u00e8rement. Comment aborder cette probl\u00e9matique ?<\/p>\n<p class=\" wall-content\"><strong class=\"color-primary\">OB : <\/strong>Vous savez, moi, les tirs de mortier me r\u00e9veillent la nuit. Donc, je les subis comme n&rsquo;importe quel habitant. J&rsquo;ai envoy\u00e9 pas plus tard que ce matin une nouvelle vid\u00e9o aux forces de l&rsquo;ordre o\u00f9 on voit de jeunes gamins tirer des mortiers en pleine nuit dans un jardin. Sauf que c&rsquo;est extr\u00eamement compliqu\u00e9 comme situation, car je ne vais pas juste descendre avec mes petits bras pour les choper. Le mortier est une arme tr\u00e8s dangereuse.<\/p>\n<p>Je pense que c&rsquo;est avant tout une question d&rsquo;enqu\u00eate et de d\u00e9mant\u00e8lement de trafic. Les mortiers ne s&rsquo;ach\u00e8tent pas comme \u00e7a dans le commerce, donc il faut trouver les revendeurs, mais aussi interpeller ces mineurs, leur confisquer ces armes et leur faire un rappel \u00e0 l&rsquo;ordre en convoquant leurs parents.<\/p>\n<p class=\"ac-article-content__question wall-content\">Certaines communes ont d&rsquo;ailleurs d\u00e9cid\u00e9 d&rsquo;instaurer des arr\u00eat\u00e9s municipaux interdisant \u00e0 tout mineur de circuler sans la pr\u00e9sence d&rsquo;un majeur la nuit, ou de se regrouper \u00e0 un certain endroit&#8230; Pourrait-on imaginer ce sc\u00e9nario ?<\/p>\n<p class=\" wall-content\"><strong class=\"color-primary\">OB : <\/strong>Non, la punition collective n&rsquo;est pas la solution. Et en l&rsquo;occurrence, l&rsquo;arr\u00eat\u00e9 pris r\u00e9cemment par l&rsquo;une des communes de la m\u00e9tropole de Lyon (Meyzieu, ndlr) a \u00e9t\u00e9 d\u00e9mis par la justice. Donc&#8230;<\/p>\n<p class=\"ac-article-content__question wall-content\">Avez-vous constat\u00e9 une baisse de la d\u00e9linquance et de l&rsquo;ins\u00e9curit\u00e9 de mani\u00e8re g\u00e9n\u00e9rale ces derni\u00e8res ann\u00e9es ?<\/p>\n<p class=\" wall-content\"><strong class=\"color-primary\">OB : <\/strong>Les faits ont eu tendance \u00e0 diminuer par rapport au d\u00e9but du mandat. Mais \u00e7a ne veut pas dire que tout est r\u00e9gl\u00e9 et que certaines probl\u00e9matiques ne vont pas r\u00e9apparaitre. En tout cas, tous les mois, nous avons une r\u00e9union avec les forces de l&rsquo;ordre. On \u00e9pluche tous les sujets remont\u00e9s, un par un. On a aussi, une fois par an, un point pr\u00e9vention quartier par quartier avec tous les acteurs, dont les bailleurs sociaux.<\/p>\n<p>Dans notre arrondissement, on a \u00e9galement mis en place le \u00ab\u00a0rappel aux obligations l\u00e9gales et citoyennes\u00a0\u00bb et gr\u00e2ce auquel plus de 100 personnes sont pass\u00e9es en maison de justice et ont d\u00fb verser une contribution financi\u00e8re \u00e0 des associations. Enfin, on va rajouter cinq cam\u00e9ras de vid\u00e9osurveillance, en plus de la centaine d\u00e9j\u00e0 pr\u00e9sente.<\/p>\n<p class=\" wall-content\">Suivez toute l\u2019actualit\u00e9 de vos villes et m\u00e9dias favoris en vous inscrivant \u00e0 <a href=\"https:\/\/moncompte.actu.fr\" title=\"D\u00e9couvez Mon Actu\" rel=\"nofollow noopener\" data-trk=\"{&quot;cta&quot;:{&quot;action&quot;:&quot;https:\\\/\\\/moncompte.actu.fr&quot;,&quot;category&quot;:&quot;mon compte&quot;,&quot;from&quot;:&quot;article footer&quot;,&quot;name&quot;:&quot;Mon actu&quot;,&quot;type&quot;:&quot;cta&quot;}}\" target=\"_blank\">Mon Actu<\/a>.<\/p>\n<ul class=\"ac-article-tag wall-content\">\n<li><a href=\"https:\/\/actu.fr\/tag\/europe-ecologie-les-verts-eelv\" data-trk=\"{&quot;cta&quot;:{&quot;action&quot;:&quot;Europe Ecologie Les Verts (EELV)&quot;,&quot;category&quot;:&quot;tag&quot;,&quot;from&quot;:&quot;article footer&quot;,&quot;name&quot;:&quot;Europe Ecologie Les Verts (EELV)&quot;,&quot;type&quot;:&quot;cta&quot;}}\" target=\"_blank\" rel=\"noopener\">#Europe Ecologie Les Verts (EELV)<\/a><\/li>\n<li><a href=\"https:\/\/actu.fr\/tag\/municipales-2026\" data-trk=\"{&quot;cta&quot;:{&quot;action&quot;:&quot;Municipales 2026&quot;,&quot;category&quot;:&quot;tag&quot;,&quot;from&quot;:&quot;article footer&quot;,&quot;name&quot;:&quot;Municipales 2026&quot;,&quot;type&quot;:&quot;cta&quot;}}\" target=\"_blank\" rel=\"noopener\">#Municipales 2026<\/a><\/li>\n<\/ul>\n","protected":false},"excerpt":{"rendered":"Par Ludivine Caporal Publi\u00e9 le 21 juil. 2025 \u00e0 6h38 Il est sans doute l\u2019un des maires d\u2019arrondissement&hellip;\n","protected":false},"author":2,"featured_media":262571,"comment_status":"","ping_status":"","sticky":false,"template":"","format":"standard","meta":{"footnotes":""},"categories":[1889],"tags":[1111,11,2430,1777,674,7430,1011,27,2428,3434,12,316,25],"class_list":{"0":"post-262570","1":"post","2":"type-post","3":"status-publish","4":"format-standard","5":"has-post-thumbnail","7":"category-lyon","8":"tag-actu","9":"tag-actualites","10":"tag-auvergne-rhone-alpes","11":"tag-eu","12":"tag-europe","13":"tag-europe-ecologie-les-verts-eelv","14":"tag-fr","15":"tag-france","16":"tag-lyon","17":"tag-municipales-2026","18":"tag-news","19":"tag-politique","20":"tag-republique-francaise"},"share_on_mastodon":{"url":"https:\/\/pubeurope.com\/@fr\/114889438327094100","error":""},"_links":{"self":[{"href":"https:\/\/www.europesays.com\/fr\/wp-json\/wp\/v2\/posts\/262570","targetHints":{"allow":["GET"]}}],"collection":[{"href":"https:\/\/www.europesays.com\/fr\/wp-json\/wp\/v2\/posts"}],"about":[{"href":"https:\/\/www.europesays.com\/fr\/wp-json\/wp\/v2\/types\/post"}],"author":[{"embeddable":true,"href":"https:\/\/www.europesays.com\/fr\/wp-json\/wp\/v2\/users\/2"}],"replies":[{"embeddable":true,"href":"https:\/\/www.europesays.com\/fr\/wp-json\/wp\/v2\/comments?post=262570"}],"version-history":[{"count":0,"href":"https:\/\/www.europesays.com\/fr\/wp-json\/wp\/v2\/posts\/262570\/revisions"}],"wp:featuredmedia":[{"embeddable":true,"href":"https:\/\/www.europesays.com\/fr\/wp-json\/wp\/v2\/media\/262571"}],"wp:attachment":[{"href":"https:\/\/www.europesays.com\/fr\/wp-json\/wp\/v2\/media?parent=262570"}],"wp:term":[{"taxonomy":"category","embeddable":true,"href":"https:\/\/www.europesays.com\/fr\/wp-json\/wp\/v2\/categories?post=262570"},{"taxonomy":"post_tag","embeddable":true,"href":"https:\/\/www.europesays.com\/fr\/wp-json\/wp\/v2\/tags?post=262570"}],"curies":[{"name":"wp","href":"https:\/\/api.w.org\/{rel}","templated":true}]}}