{"id":262574,"date":"2025-07-21T04:55:10","date_gmt":"2025-07-21T04:55:10","guid":{"rendered":"https:\/\/www.europesays.com\/fr\/262574\/"},"modified":"2025-07-21T04:55:10","modified_gmt":"2025-07-21T04:55:10","slug":"ile-de-france-quand-la-lourde-facture-des-sols-pollues-vire-au-casse-tete","status":"publish","type":"post","link":"https:\/\/www.europesays.com\/fr\/262574\/","title":{"rendered":"\u00cele-de-France\u00a0: quand la lourde facture des sols pollu\u00e9s vire au casse-t\u00eate"},"content":{"rendered":"<p class=\"paragraph text_align_left lp-f-body-02\">Un coll\u00e8ge livr\u00e9 avec dix ans de retard, la v\u00e9g\u00e9talisation d\u2019une cour d\u2019\u00e9cole qui co\u00fbte deux fois plus cher que pr\u00e9vu, une cr\u00e8che qui ne peut pas voir le jour \u00e0 l\u2019emplacement pr\u00e9vu\u2026 Les exemples des cons\u00e9quences de la pollution de sols, rien qu\u2019\u00e0 <a href=\"https:\/\/www.leparisien.fr\/val-de-marne-94\/ivry-sur-seine-94200\/\" target=\"_self\" rel=\"noopener\">Ivry-sur-Seine<\/a>, dans le <a href=\"https:\/\/www.leparisien.fr\/val-de-marne-94\/\" target=\"_blank\" rel=\"noreferrer noopener\">Val-de-Marne<\/a>, sont l\u00e9gion. Toute <a href=\"https:\/\/www.leparisien.fr\/info-paris-ile-de-france-oise\/\" target=\"_blank\" rel=\"noreferrer noopener\">l\u2019\u00cele-de-France<\/a> est touch\u00e9e \u00e0 divers endroits par cette probl\u00e9matique, cons\u00e9quence de son histoire industrielle ancienne.<\/p>\n<p class=\"paragraph text_align_left lp-f-body-02\">Face aux surco\u00fbts, aux d\u00e9lais de construction qui s\u2019allongent, les villes sont souvent bien impuissantes. D\u2019o\u00f9 l\u2019id\u00e9e d\u2019un s\u00e9nateur du Val-de-Marne, d\u00e9partement de l\u2019ancienne \u00ab ceinture rouge \u00bb largement touch\u00e9 par cette probl\u00e9matique de pollution, de r\u00e9diger une proposition de loi concr\u00e8te sur cette question.<\/p>\n","protected":false},"excerpt":{"rendered":"Un coll\u00e8ge livr\u00e9 avec dix ans de retard, la v\u00e9g\u00e9talisation d\u2019une cour d\u2019\u00e9cole qui co\u00fbte deux fois plus&hellip;\n","protected":false},"author":2,"featured_media":262575,"comment_status":"","ping_status":"","sticky":false,"template":"","format":"standard","meta":{"footnotes":""},"categories":[1592],"tags":[1111,11,1777,674,1011,27,3746,662,1944,12,626,25,1125],"class_list":{"0":"post-262574","1":"post","2":"type-post","3":"status-publish","4":"format-standard","5":"has-post-thumbnail","7":"category-ile-de-france","8":"tag-actu","9":"tag-actualites","10":"tag-eu","11":"tag-europe","12":"tag-fr","13":"tag-france","14":"tag-futurs","15":"tag-ile-de-france","16":"tag-ma-ville","17":"tag-news","18":"tag-paris","19":"tag-republique-francaise","20":"tag-val-de-marne"},"share_on_mastodon":{"url":"https:\/\/pubeurope.com\/@fr\/114889446104230630","error":""},"_links":{"self":[{"href":"https:\/\/www.europesays.com\/fr\/wp-json\/wp\/v2\/posts\/262574","targetHints":{"allow":["GET"]}}],"collection":[{"href":"https:\/\/www.europesays.com\/fr\/wp-json\/wp\/v2\/posts"}],"about":[{"href":"https:\/\/www.europesays.com\/fr\/wp-json\/wp\/v2\/types\/post"}],"author":[{"embeddable":true,"href":"https:\/\/www.europesays.com\/fr\/wp-json\/wp\/v2\/users\/2"}],"replies":[{"embeddable":true,"href":"https:\/\/www.europesays.com\/fr\/wp-json\/wp\/v2\/comments?post=262574"}],"version-history":[{"count":0,"href":"https:\/\/www.europesays.com\/fr\/wp-json\/wp\/v2\/posts\/262574\/revisions"}],"wp:featuredmedia":[{"embeddable":true,"href":"https:\/\/www.europesays.com\/fr\/wp-json\/wp\/v2\/media\/262575"}],"wp:attachment":[{"href":"https:\/\/www.europesays.com\/fr\/wp-json\/wp\/v2\/media?parent=262574"}],"wp:term":[{"taxonomy":"category","embeddable":true,"href":"https:\/\/www.europesays.com\/fr\/wp-json\/wp\/v2\/categories?post=262574"},{"taxonomy":"post_tag","embeddable":true,"href":"https:\/\/www.europesays.com\/fr\/wp-json\/wp\/v2\/tags?post=262574"}],"curies":[{"name":"wp","href":"https:\/\/api.w.org\/{rel}","templated":true}]}}