{"id":262576,"date":"2025-07-21T04:56:11","date_gmt":"2025-07-21T04:56:11","guid":{"rendered":"https:\/\/www.europesays.com\/fr\/262576\/"},"modified":"2025-07-21T04:56:11","modified_gmt":"2025-07-21T04:56:11","slug":"face-aux-sols-pollues-en-ile-de-france-une-loi-est-necessaire-defend-le-senateur-pascal-savoldelli","status":"publish","type":"post","link":"https:\/\/www.europesays.com\/fr\/262576\/","title":{"rendered":"Face aux sols pollu\u00e9s en \u00cele-de-France, \u00ab\u00a0une loi est n\u00e9cessaire\u00a0\u00bb, d\u00e9fend le s\u00e9nateur Pascal Savoldelli"},"content":{"rendered":"<p class=\"paragraph text_align_left lp-f-body-02\">Comment financer les d\u00e9pollutions ? Comment d\u00e9finir un sol pollu\u00e9 ? Comment permettre \u00e0 des projets de voir le jour m\u00eame sur d\u2019anciens terrains industriels ? Les exemples de collectivit\u00e9s emp\u00each\u00e9es techniquement et financi\u00e8rement \u00e0 cause de sols contamin\u00e9s sont tellement nombreux que le s\u00e9nateur du <a href=\"https:\/\/www.leparisien.fr\/val-de-marne-94\/\" target=\"_blank\" rel=\"noreferrer noopener\">Val-de-Marne<\/a> Pascal Savoldelli (PCF) <a href=\"https:\/\/www.leparisien.fr\/val-de-marne-94\/crise-du-logement-en-ile-de-france-et-si-on-encadrait-vraiment-les-prix-du-foncier-01-04-2025-H7ISOOMEH5AHVKVMZVPICI7MSQ.php\" target=\"_blank\" rel=\"noreferrer noopener\">planche sur une proposition de loi<\/a>. Voil\u00e0 quelques jours, il a r\u00e9uni, dans le bois de Vincennes, \u00e9lus et experts de la d\u00e9pollution pour d\u00e9battre ensemble de ce qu\u2019une telle loi devait apporter.<\/p>\n<p class=\"paragraph text_align_left lp-f-body-02\">\u00ab Une loi est n\u00e9cessaire, pour prot\u00e9ger les sols de la pollution comme il en existe pour l\u2019air et l\u2019eau \u00bb, d\u00e9fend Pascal Savoldelli, qui a travaill\u00e9 sur la question avec l\u2019association Cluster Eau Milieux Sols. \u00ab On nous r\u00e9pond parfois que c\u2019est un sujet de niche, mais les sommes en jeu et les impacts en termes de sant\u00e9 sont consid\u00e9rables dans certains secteurs ! \u00bb<\/p>\n<p>Une commission d\u2019enqu\u00eate sur le sujet en 2020<\/p>\n<p class=\"paragraph text_align_left lp-f-body-02\">Ce n\u2019est pas un sujet nouveau pour le s\u00e9nateur, qui fut \u00e9galement adjoint \u00e0 <a href=\"https:\/\/www.leparisien.fr\/val-de-marne-94\/ivry-sur-seine-94200\/\" target=\"_blank\" rel=\"noreferrer noopener\">Ivry-sur-Seine<\/a>. D\u00e9j\u00e0, en 2020, il avait particip\u00e9 \u00e0 la commission d\u2019enqu\u00eate du S\u00e9nat sur les probl\u00e8mes sanitaires et \u00e9cologiques li\u00e9s aux pollutions des sols qui ont accueilli des activit\u00e9s industrielles ou mini\u00e8res, et sur les politiques publiques et industrielles de r\u00e9habilitation de ces sols.<\/p>\n<p class=\"paragraph text_align_left lp-f-body-02\">Cette commission \u00e9tait pr\u00e9sid\u00e9e par <a href=\"https:\/\/www.leparisien.fr\/val-de-marne-94\/laurent-lafon-classe-senateur-le-plus-assidu-du-val-de-marne-par-un-observatoire-citoyen-19-03-2023-D3CVQBFLMNFM5I24CPUQE7ATCI.php\" target=\"_self\" rel=\"noopener\">Laurent Lafon<\/a> (UDI), lui aussi s\u00e9nateur du Val-de-Marne et ex-maire de Vincennes. \u00ab Partout en France il existe des sols pollu\u00e9s et les r\u00e9ponses de l\u2019\u00c9tat ne sont pas partout les m\u00eames \u00bb, regrettait alors Laurent Lafon, insistant sur les enjeux en termes de sant\u00e9 pour la population concern\u00e9e.<\/p>\n<p class=\"paragraph text_align_left lp-f-body-02\">La loi, en cours d\u2019\u00e9criture, devrait notamment comporter la cr\u00e9ation d\u2019une fiscalit\u00e9 d\u00e9di\u00e9e, pour permettre la d\u00e9pollution quand l\u2019industriel \u00e0 l\u2019origine de la contamination n\u2019existe plus. Deux propositions devraient se compl\u00e9ter. D\u2019un c\u00f4t\u00e9 la cr\u00e9ation d\u2019une taxe de 1 euro par tonne de terre excav\u00e9e. Rien qu\u2019en \u00cele-de-France, cette taxe rapporterait 20 \u00e0 30 millions d\u2019euros par an, pay\u00e9s par des promoteurs ou des collectivit\u00e9s qui construisent.<\/p>\n<p>La taxe Zucman comme source de financement<\/p>\n<p class=\"paragraph text_align_left lp-f-body-02\">De l\u2019autre, le s\u00e9nateur propose qu\u2019un certain pourcentage de <a href=\"https:\/\/www.leparisien.fr\/politique\/le-senat-rejette-linstauration-dune-taxe-zucman-sur-le-patrimoine-des-ultra-riches-12-06-2025-MLPBKIB6AFESDH2KV444SECRCE.php\" target=\"_self\" rel=\"noopener\">la taxe dite Zucman<\/a> soit consacr\u00e9 \u00e0 la r\u00e9habilitation des sols pollu\u00e9s. Cette taxe, du nom de l\u2019\u00e9conomiste Gabriel Zucman, consiste \u00e0 ce que tous les contribuables dont les patrimoines d\u00e9passent les 100 millions d\u2019euros payent au moins 2 % de leur fortune en imp\u00f4t.<\/p>\n<p class=\"paragraph text_align_left lp-f-body-02\">Adopt\u00e9e par l\u2019Assembl\u00e9e nationale mais rejet\u00e9e par le S\u00e9nat, cette taxe rapporterait environ 20 milliards par an. Environ 1 800 foyers devraient alors contribuer \u00e0 la d\u00e9pollution des sols \u00e0 hauteur de 50 millions d\u2019euros par an.<\/p>\n","protected":false},"excerpt":{"rendered":"Comment financer les d\u00e9pollutions ? Comment d\u00e9finir un sol pollu\u00e9 ? Comment permettre \u00e0 des projets de voir&hellip;\n","protected":false},"author":2,"featured_media":262577,"comment_status":"","ping_status":"","sticky":false,"template":"","format":"standard","meta":{"footnotes":""},"categories":[1592],"tags":[1111,11,1777,674,1011,27,3746,662,1944,12,626,25,1125],"class_list":{"0":"post-262576","1":"post","2":"type-post","3":"status-publish","4":"format-standard","5":"has-post-thumbnail","7":"category-ile-de-france","8":"tag-actu","9":"tag-actualites","10":"tag-eu","11":"tag-europe","12":"tag-fr","13":"tag-france","14":"tag-futurs","15":"tag-ile-de-france","16":"tag-ma-ville","17":"tag-news","18":"tag-paris","19":"tag-republique-francaise","20":"tag-val-de-marne"},"share_on_mastodon":{"url":"https:\/\/pubeurope.com\/@fr\/114889450193716032","error":""},"_links":{"self":[{"href":"https:\/\/www.europesays.com\/fr\/wp-json\/wp\/v2\/posts\/262576","targetHints":{"allow":["GET"]}}],"collection":[{"href":"https:\/\/www.europesays.com\/fr\/wp-json\/wp\/v2\/posts"}],"about":[{"href":"https:\/\/www.europesays.com\/fr\/wp-json\/wp\/v2\/types\/post"}],"author":[{"embeddable":true,"href":"https:\/\/www.europesays.com\/fr\/wp-json\/wp\/v2\/users\/2"}],"replies":[{"embeddable":true,"href":"https:\/\/www.europesays.com\/fr\/wp-json\/wp\/v2\/comments?post=262576"}],"version-history":[{"count":0,"href":"https:\/\/www.europesays.com\/fr\/wp-json\/wp\/v2\/posts\/262576\/revisions"}],"wp:featuredmedia":[{"embeddable":true,"href":"https:\/\/www.europesays.com\/fr\/wp-json\/wp\/v2\/media\/262577"}],"wp:attachment":[{"href":"https:\/\/www.europesays.com\/fr\/wp-json\/wp\/v2\/media?parent=262576"}],"wp:term":[{"taxonomy":"category","embeddable":true,"href":"https:\/\/www.europesays.com\/fr\/wp-json\/wp\/v2\/categories?post=262576"},{"taxonomy":"post_tag","embeddable":true,"href":"https:\/\/www.europesays.com\/fr\/wp-json\/wp\/v2\/tags?post=262576"}],"curies":[{"name":"wp","href":"https:\/\/api.w.org\/{rel}","templated":true}]}}