{"id":262582,"date":"2025-07-21T04:59:10","date_gmt":"2025-07-21T04:59:10","guid":{"rendered":"https:\/\/www.europesays.com\/fr\/262582\/"},"modified":"2025-07-21T04:59:10","modified_gmt":"2025-07-21T04:59:10","slug":"comment-la-pate-a-cookie-crue-we-dough-est-devenue-virale-a-paris","status":"publish","type":"post","link":"https:\/\/www.europesays.com\/fr\/262582\/","title":{"rendered":"comment la p\u00e2te \u00e0 cookie crue \u00ab\u00a0We Dough\u00a0\u00bb est devenue virale \u00e0 Paris"},"content":{"rendered":"<p>            Par<br \/>\n        <strong><br \/>\n            <a href=\"https:\/\/actu.fr\/auteur\/hugo-hancewicz\" title=\"Consulter tous les articles de Hugo Hancewicz\" rel=\"nofollow noopener\" target=\"_blank\">Hugo Hancewicz<\/a><br \/>\n        <\/strong><\/p>\n<p>        Publi\u00e9 le<\/p>\n<p>            21 juil. 2025 \u00e0 6h06        <\/p>\n<p>Elle se rep\u00e8re facilement gr\u00e2ce \u00e0 sa couleur bleue et \u00e0 son nom qui claque\u2009: We Dough. Install\u00e9e rue des Lombards, dans le 4e arrondissement de Paris, cette boutique de <strong>p\u00e2te \u00e0 cookie crue<\/strong> attire un public large, port\u00e9 par un succ\u00e8s fulgurant sur les r\u00e9seaux sociaux. \u00c0 l\u2019origine de la marque, deux jeunes femmes qui ont d\u00e9cid\u00e9 de tenter leur chance \u00e0 tout juste 20\u00a0ans. <strong>\u00ab\u2009On s\u2019est dit qu\u2019on n\u2019avait rien \u00e0 perdre, pas de pression\u2009\u00bb<\/strong>, raconte Emma Pinon, co-fondatrice de la marque avec Anastasia Chauvi\u00e8re. Ce jeudi 17\u00a0juillet 2025, les deux jeunes femmes de 26\u00a0ans ont accueilli <a href=\"https:\/\/actu.fr\/paris\/\" rel=\"nofollow noopener\" target=\"_blank\">actu Paris<\/a> dans leur boutique de Ch\u00e2telet pour raconter <strong>l\u2019ascension fulgurante de We Dough<\/strong> et l\u2019histoire singuli\u00e8re qui l\u2019accompagne. \u00ab\u2009On a commenc\u00e9 \u00e0 travailler sur la marque dans notre chambre \u00e9tudiante\u2009\u00bb, se souvient Emma. En 2019, elles posaient la premi\u00e8re pierre de leur projet.<\/p>\n<p>\u00ab\u2009We Dough, c\u2019est toute notre vie\u2009\u00bb<\/p>\n<p class=\" wall-content\">Pour comprendre comment elles en sont arriv\u00e9es l\u00e0, <strong>il faut remonter quelques ann\u00e9es en arri\u00e8re<\/strong>. \u00c0 l\u2019\u00e9poque, encore \u00e9tudiantes en \u00e9cole d\u2019ing\u00e9nieur et de commerce, elles participent \u00e0 un \u00e9change au Canada. Lors d\u2019un passage \u00e0 New York, elles d\u00e9couvrent une boutique sp\u00e9cialis\u00e9e <strong>dans la p\u00e2te \u00e0 cookie crue<\/strong>, un concept alors inexistant en France. \u00ab\u2009On a d\u00e9cid\u00e9 de se lancer\u2009\u00bb, r\u00e9sume Emma, baskets aux pieds et sacoche en bandouli\u00e8re, incarnation de l\u2019entrepreneuse moderne.<\/p>\n<p class=\" wall-content\">Pour les deux jeunes femmes, <strong>l\u2019entrepreneuriat a eu un effet lib\u00e9rateur<\/strong>. \u00ab\u2009Nous avons eu des parcours de vie difficiles. Pour ma part, confie Emma, j\u2019ai eu une scolarit\u00e9 compliqu\u00e9e et plusieurs phases de d\u00e9scolarisation\u2009\u00bb. Aujourd\u2019hui, elles se sentent pleinement \u00e9panouies et vivent \u00ab\u2009un r\u00eave devenu r\u00e9alit\u00e9\u2009\u00bb. <strong>\u00ab\u2009We Dough, c\u2019est toute notre vie\u2009\u00bb<\/strong>, souffle-t-elle.<\/p>\n<p class=\" wall-content\"><a href=\"https:\/\/www.instagram.com\/p\/DLpsxZUIaF1\/embed\" title=\"Ouvrir le lien sur Instagram\" rel=\"nofollow noopener\" target=\"_blank\">Visualiser le contenu sur Instagram<\/a><\/p>\n<p>Des vid\u00e9os visionn\u00e9es des millions de fois<\/p>\n<p class=\" wall-content\">En seulement quelques mois, le succ\u00e8s prend rapidement, notamment gr\u00e2ce aux r\u00e9seaux sociaux. Depuis, <strong>leurs vid\u00e9os cumulent des millions de vues<\/strong> et leur ont permis de toucher une client\u00e8le majoritairement \u00e2g\u00e9e de 15 \u00e0 30\u00a0ans, venue de toute l\u2019<a href=\"https:\/\/actu.fr\/ile-de-france\/\" rel=\"nofollow noopener\" target=\"_blank\">\u00cele-de-France<\/a>. \u00ab\u2009Il y a des gens de passage \u00e0 Paris qui viennent tester, mais aussi des gens de banlieue qui font parfois <strong>deux heures de route pour go\u00fbter<\/strong>\u2009\u00bb, pr\u00e9cise Emma.<\/p>\n<p class=\" wall-content\">Et la g\u00e9rante le constate \u00e0 chaque publication virale. \u00ab\u2009Lorsqu\u2019on sort une vid\u00e9o et qu\u2019elle buzz, on sait qu\u2019on peut <strong>doubler le nombre de visiteurs le lendemain<\/strong>. Dans ce cas, je demande aux \u00e9quipes de pr\u00e9voir plus de p\u00e2te. Il y a souvent la queue devant la boutique\u2009\u00bb.<\/p>\n<blockquote class=\"ac-article-quote wall-content\">\n<p>\u00ab J\u2019avais vu passer le concept sur les r\u00e9seaux sociaux, \u00e7a m\u2019avait donn\u00e9 envie. Comme je n\u2019ai pas \u00e7a dans ma ville, c\u2019\u00e9tait l\u2019occasion. C\u2019est original et plut\u00f4t bon \u00bb<\/p>\n<p>    <strong>Jeanne<\/strong><br \/>\n        Cliente de passage \u00e0 Paris    <\/p><\/blockquote>\n<p>Des prix abordables<\/p>\n<p class=\" wall-content\">Reste la question que beaucoup se posent\u2009: manger de la p\u00e2te crue, <strong>est-ce vraiment sans risque\u2009?<\/strong> We Dough assure que oui. \u00ab\u2009La farine et les \u0153ufs peuvent rendre malade, mais comme c\u2019est pasteuris\u00e9 et la farine trait\u00e9e dans un four \u00e0 haute chaleur, <strong>elle est totalement comestible et ne fait pas mal au ventre<\/strong>\u2009\u00bb, indique Emma.<\/p>\n<p class=\" wall-content\">La marque mise aussi sur le c\u00f4t\u00e9 r\u00e9gressif et gourmand de la cookie dough, qualifi\u00e9e de v\u00e9ritable <strong>\u00ab\u2009food porn\u2009\u00bb<\/strong> par ses cr\u00e9atrices. \u00ab\u2009Avec la p\u00e2te \u00e0 cookie, on r\u00e9active des souvenirs d\u2019enfance, et \u00e7a marche sur tout le monde\u2009\u00bb, sourit la co-g\u00e9rante.<\/p>\n<blockquote class=\"tiktok-embed\" cite=\"https:\/\/www.tiktok.com\/@actu.paris\/video\/7528365034276162838\" data-video-id=\"7528365034276162838\" data-embed-from=\"oembed\" style=\"max-width:605px; min-width:325px;\"><p>\n<a target=\"_blank\" title=\"@actu.paris\" href=\"https:\/\/www.tiktok.com\/@actu.paris?refer=embed\" rel=\"nofollow noopener\">@actu.paris<\/a> <\/p>\n<p>\ud83c\udf6a La p\u00e2te \u00e0 cookie crue s\u00e9duit de plus en plus les Parisiens. De nombreuses enseignes ont vu le jour ces derni\u00e8res ann\u00e9es \u00e0 l\u2019instar de la marque @We Dough \ud83d\udcf1Sur les r\u00e9seaux sociaux, les vid\u00e9os de cookie dough sont virales et les clients peuvent passer deux heures dans les transports pour en go\u00fbter \ud83d\udcb6 C\u00f4t\u00e9 prix, comptez 3,5 euros pour un petit peu et 7,5 euros pour un grand \ud83d\udccdWe Dough Paris, rue des Lombards (4e) <a title=\"fyp\" target=\"_blank\" href=\"https:\/\/www.tiktok.com\/tag\/fyp?refer=embed\" rel=\"nofollow noopener\">#fyp<\/a><a title=\"foryoupage\" target=\"_blank\" href=\"https:\/\/www.tiktok.com\/tag\/foryoupage?refer=embed\" rel=\"nofollow noopener\">#foryoupage<\/a><a title=\"pourtoi\" target=\"_blank\" href=\"https:\/\/www.tiktok.com\/tag\/pourtoi?refer=embed\" rel=\"nofollow noopener\">#pourtoi<\/a><a title=\"cookiedough\" target=\"_blank\" href=\"https:\/\/www.tiktok.com\/tag\/cookiedough?refer=embed\" rel=\"nofollow noopener\">#cookiedough<\/a><a title=\"wedough\" target=\"_blank\" href=\"https:\/\/www.tiktok.com\/tag\/wedough?refer=embed\" rel=\"nofollow noopener\">#wedough<\/a><a title=\"cookie\" target=\"_blank\" href=\"https:\/\/www.tiktok.com\/tag\/cookie?refer=embed\" rel=\"nofollow noopener\">#cookie<\/a><a title=\"pateacookiecrue\" target=\"_blank\" href=\"https:\/\/www.tiktok.com\/tag\/pateacookiecrue?refer=embed\" rel=\"nofollow noopener\">#pateacookiecrue<\/a><a title=\"food\" target=\"_blank\" href=\"https:\/\/www.tiktok.com\/tag\/food?refer=embed\" rel=\"nofollow noopener\">#food<\/a><a title=\"paris\" target=\"_blank\" href=\"https:\/\/www.tiktok.com\/tag\/paris?refer=embed\" rel=\"nofollow noopener\">#paris<\/a><a title=\"insolite\" target=\"_blank\" href=\"https:\/\/www.tiktok.com\/tag\/insolite?refer=embed\" rel=\"nofollow noopener\">#insolite<\/a><a title=\"chatelet\" target=\"_blank\" href=\"https:\/\/www.tiktok.com\/tag\/chatelet?refer=embed\" rel=\"nofollow noopener\">#chatelet<\/a><\/p>\n<p> <a target=\"_blank\" title=\"\u266c son original - Actu Paris\" href=\"https:\/\/www.tiktok.com\/music\/son-original-7528365034813328150?refer=embed\" rel=\"nofollow noopener\">\u266c son original \u2013 Actu Paris<\/a> <\/p>\n<\/blockquote>\n<p class=\" wall-content\">C\u00f4t\u00e9 prix, comptez 3,50 euros pour un petit pot et 7,50 euros pour le grand. Cinq r\u00e9f\u00e9rences sont propos\u00e9es, <strong>ainsi qu\u2019un parfum du mois<\/strong>. Un prix abordable pour les quantit\u00e9s. \u00ab\u2009C\u2019est assez lourd donc la petite version suffit largement\u2009\u00bb, conc\u00e8de Jeanne.<\/p>\n<p>Des ouvertures \u00e0 venir<\/p>\n<p class=\" wall-content\">Cinq ans apr\u00e8s son lancement, We Dough continue d\u2019attirer toujours plus de clients. La marque vend d\u00e9sormais ses produits chez <a href=\"https:\/\/actu.fr\/ile-de-france\/paris_75056\/deterioree-par-le-passage-des-livreurs-une-mosaique-historique-a-l-entree-d-un-franprix-de-paris-en-peril_62465620.html\" rel=\"nofollow noopener\" target=\"_blank\">Franprix<\/a>, <strong>mais aussi dans les <a href=\"https:\/\/actu.fr\/ile-de-france\/paris_75056\/hors-de-prix-le-nouveau-cinema-pathe-palace-a-paris-peine-a-seduire-avec-ses-places-a-25-euros_61747359.html\" rel=\"nofollow noopener\" target=\"_blank\">cin\u00e9mas Path\u00e9<\/a><\/strong>. Une nouvelle boutique ouvrira prochainement <strong>dans le 20e arrondissement<\/strong> avec \u00ab\u2009un nouveau concept\u2009\u00bb, et d\u2019autres ouvertures sont d\u00e9j\u00e0 pr\u00e9vues en \u00cele-de-France.<\/p>\n<p class=\" wall-content\">La marque, qui emploie aujourd\u2019hui une quinzaine de personnes, ambitionne \u00e9galement de <strong>renforcer sa pr\u00e9sence en grande distribution<\/strong>. \u00ab\u2009\u00c0 la rentr\u00e9e prochaine, nous allons annoncer une grande nouveaut\u00e9 pour We Dough\u2009\u00bb, glisse Emma dans un sourire. Mais pour l\u2019instant, le projet reste confidentiel.<\/p>\n<p class=\" wall-content\">Suivez toute l\u2019actualit\u00e9 de vos villes et m\u00e9dias favoris en vous inscrivant \u00e0 <a href=\"https:\/\/moncompte.actu.fr\" title=\"D\u00e9couvez Mon Actu\" rel=\"nofollow noopener\" data-trk=\"{&quot;cta&quot;:{&quot;action&quot;:&quot;https:\\\/\\\/moncompte.actu.fr&quot;,&quot;category&quot;:&quot;mon compte&quot;,&quot;from&quot;:&quot;article footer&quot;,&quot;name&quot;:&quot;Mon actu&quot;,&quot;type&quot;:&quot;cta&quot;}}\" target=\"_blank\">Mon Actu<\/a>.<\/p>\n<ul class=\"ac-article-tag wall-content\">\n<li><a href=\"https:\/\/actu.fr\/tag\/reseaux-sociaux\" data-trk=\"{&quot;cta&quot;:{&quot;action&quot;:&quot;R\\u00e9seaux sociaux&quot;,&quot;category&quot;:&quot;tag&quot;,&quot;from&quot;:&quot;article footer&quot;,&quot;name&quot;:&quot;R\\u00e9seaux sociaux&quot;,&quot;type&quot;:&quot;cta&quot;}}\" rel=\"nofollow noopener\" target=\"_blank\">#R\u00e9seaux sociaux<\/a><\/li>\n<li><a href=\"https:\/\/actu.fr\/tag\/street-food\" data-trk=\"{&quot;cta&quot;:{&quot;action&quot;:&quot;Street Food&quot;,&quot;category&quot;:&quot;tag&quot;,&quot;from&quot;:&quot;article footer&quot;,&quot;name&quot;:&quot;Street Food&quot;,&quot;type&quot;:&quot;cta&quot;}}\" rel=\"nofollow noopener\" target=\"_blank\">#Street Food<\/a><\/li>\n<\/ul>\n<p>                    <script async src=\"\/\/www.instagram.com\/embed.js\"><\/script><script async src=\"\/\/www.tiktok.com\/embed.js\"><\/script><\/p>\n","protected":false},"excerpt":{"rendered":"Par Hugo Hancewicz Publi\u00e9 le 21 juil. 2025 \u00e0 6h06 Elle se rep\u00e8re facilement gr\u00e2ce \u00e0 sa couleur&hellip;\n","protected":false},"author":2,"featured_media":262583,"comment_status":"","ping_status":"","sticky":false,"template":"","format":"standard","meta":{"footnotes":""},"categories":[1888],"tags":[11,1777,674,1011,27,12,626,25,938,104,10479],"class_list":{"0":"post-262582","1":"post","2":"type-post","3":"status-publish","4":"format-standard","5":"has-post-thumbnail","7":"category-paris","8":"tag-actualites","9":"tag-eu","10":"tag-europe","11":"tag-fr","12":"tag-france","13":"tag-news","14":"tag-paris","15":"tag-republique-francaise","16":"tag-reseaux-sociaux","17":"tag-societe","18":"tag-street-food"},"share_on_mastodon":{"url":"https:\/\/pubeurope.com\/@fr\/114889462126964313","error":""},"_links":{"self":[{"href":"https:\/\/www.europesays.com\/fr\/wp-json\/wp\/v2\/posts\/262582","targetHints":{"allow":["GET"]}}],"collection":[{"href":"https:\/\/www.europesays.com\/fr\/wp-json\/wp\/v2\/posts"}],"about":[{"href":"https:\/\/www.europesays.com\/fr\/wp-json\/wp\/v2\/types\/post"}],"author":[{"embeddable":true,"href":"https:\/\/www.europesays.com\/fr\/wp-json\/wp\/v2\/users\/2"}],"replies":[{"embeddable":true,"href":"https:\/\/www.europesays.com\/fr\/wp-json\/wp\/v2\/comments?post=262582"}],"version-history":[{"count":0,"href":"https:\/\/www.europesays.com\/fr\/wp-json\/wp\/v2\/posts\/262582\/revisions"}],"wp:featuredmedia":[{"embeddable":true,"href":"https:\/\/www.europesays.com\/fr\/wp-json\/wp\/v2\/media\/262583"}],"wp:attachment":[{"href":"https:\/\/www.europesays.com\/fr\/wp-json\/wp\/v2\/media?parent=262582"}],"wp:term":[{"taxonomy":"category","embeddable":true,"href":"https:\/\/www.europesays.com\/fr\/wp-json\/wp\/v2\/categories?post=262582"},{"taxonomy":"post_tag","embeddable":true,"href":"https:\/\/www.europesays.com\/fr\/wp-json\/wp\/v2\/tags?post=262582"}],"curies":[{"name":"wp","href":"https:\/\/api.w.org\/{rel}","templated":true}]}}