{"id":262586,"date":"2025-07-21T05:01:07","date_gmt":"2025-07-21T05:01:07","guid":{"rendered":"https:\/\/www.europesays.com\/fr\/262586\/"},"modified":"2025-07-21T05:01:07","modified_gmt":"2025-07-21T05:01:07","slug":"calme-precaire-en-syrie-extradition-en-equateur-nucleaire-iranien-et-seismes-en-russie-les-informations-de-la-nuit-courrier-international","status":"publish","type":"post","link":"https:\/\/www.europesays.com\/fr\/262586\/","title":{"rendered":"Calme pr\u00e9caire en Syrie, extradition en \u00c9quateur, nucl\u00e9aire iranien et s\u00e9ismes en Russie : les informations de la nuit &#8211; Courrier international"},"content":{"rendered":"<ol>\n<li><a href=\"https:\/\/news.google.com\/rss\/articles\/CBMinAJBVV95cUxNWEdSNm9YcGk4SUhwUlZseUVfeGNSVXhQazNTT08tTDhpWlBEaTNpQkQtYkZEeWZpRmthTU1nUDVpeHVUUXdvUzNubUJCVFNqelBQcXJlOGdFc3A0UThGRHhjWGI3bWNhdEZmT1RWSnVrZ2F3a05KRVd5R3JaN2N6cjBtWWR2RHMwOENjeVJlMlZ5ZGdjazJRbW9oSTJTQ204aTM2eGVWd0s4WWdrTndzUkc3NlRnZElEZUM2a3NJV1EyUVNSUnpPMHBYNTBJWWpIMXR3MkNwcTIxMDU3MFp1MkVoUDVNZUpEYU4xNEFmRnlla1AzaG9vejlXX25MbmM4UTB3ek15NHA4M3NmVHZINzRPSktMOEtEeTZqWg?oc=5\" target=\"_blank\" rel=\"noopener\">Calme pr\u00e9caire en Syrie, extradition en \u00c9quateur, nucl\u00e9aire iranien et s\u00e9ismes en Russie : les informations de la nuit<\/a>&nbsp;&nbsp;Courrier international<\/li>\n<li><a href=\"https:\/\/news.google.com\/rss\/articles\/CBMi6wFBVV95cUxNY1RtUThoNUNwZmFaaE9NemtHQ2lDZnhOWHVjNXFpOF9USVBaeUh4VW5oSUlhaFFPSl9TOF9vOW1zOEthelRHcWlBNzgyRGs4REVFMG91alYxTVVxWTlYVlAzdzJIOF9FWWJxRUFTdnAzZmJsMnZ6Z1l5bFUtQ2VkZ1laSk1iRGMtblZRUnRjb1l3MENXRmNGY1VzQU5ad0lHSmRRR1hqMmpoX1NjdTBDTGt2Si1zWk8zRFNvUkFMLTRHcGJiNS10RTFOWUllUWNmVzcxMGowSjVUOWhoX0NtdXYzRlVrUktRVVcw?oc=5\" target=\"_blank\" rel=\"noopener\">En Syrie, un premier convoi d\u2019aide humanitaire est entr\u00e9 dans la ville de Souwe\u00efda<\/a>&nbsp;&nbsp;Le Monde.fr<\/li>\n<li><a href=\"https:\/\/news.google.com\/rss\/articles\/CBMixwFBVV95cUxPLVZZNFhMY3E0eEpuRnBfamtMamtsb3hHUjcyZGJEeGlMRVItVkU2a3F0d1B1Vi1GZExrTDFFT00tV0RpMFVVanhrVGtJWG9fT1FnbkV0Q3NMSDdoR2dsREhiYWQ0SlRLLTdwY3FlclhiQUFaTmhibGJyc0NROFdRMndKX2FUODlYVEJad3g0Skh4eHZaZzFLMDZHR1dsR0xWSE42SVVyM1l5dUFCVy1aRG9uY3FqWERxWUItd042SERRa3dRSGhv?oc=5\" target=\"_blank\" rel=\"noopener\">Syrie: les premiers civils druzes fuient Soue\u00efda \u00e0 la faveur d\u2019une accalmie<\/a>&nbsp;&nbsp;RFI<\/li>\n<li><a href=\"https:\/\/news.google.com\/rss\/articles\/CBMi_AFBVV95cUxQUlZsTTZtRlNkTGpzM204SHJpMW9EZFB0REpRQW1xd29BYUwtZF82Q3lPbkNQbEZpaU5iZzhEZkFBY1N6dWdJS1kxLW1LdUR0UzZXcVV0aXVhVHppWmdmaFpJeS1lRFZEU2R4S0kyVVFxa1ZGT0dQZkhXMUF4RVkzOTdfYzVPMnJwMTZvSEtrdUYyck5uMkRPVHJFenhJSFNmVGZacDBuMWh6X3B0QnFhWXZUdG1YT2V5eHlzbEFqb05xajRzVjdvOFgxNmpsR0VDbF9zTzA0dlZ4UGdNVDN4c2c3QTNFdjROV1h0dU9pd1NwYmdzdkgwcVR3dU4?oc=5\" target=\"_blank\" rel=\"noopener\">Au moins 1 200 morts, 128 000 d\u00e9plac\u00e9s\u2026 Le point sur les affrontements dans le sud de la Syrie<\/a>&nbsp;&nbsp;Ouest-France<\/li>\n<li><a href=\"https:\/\/news.google.com\/rss\/articles\/CBMitAFBVV95cUxNVjJSTHBfMGtTSVJISjNlOUZWTmwzSWJNOWpHa1BfeENTVTExWm43NmRvU0dGM05KSzZCSlZoQXQ4d01QSU41Sk8wbUpPYkJYN0NKaHFQaDdraFFCNXRMYnlBU3MwM1UyM2NXSVFCNUJqRlhiZlVyWjJoVFFBMkZCM0h3SmtpdWpJd2NOaDl2TjF2SVpOR2VCUDZNc3pKUDNEa2hRckFGVnBjM0drZEhKOFJxN0E?oc=5\" target=\"_blank\" rel=\"noopener\">Syrie : le gouvernement syrien annonce la fin des combats \u00e0 Soue\u00efda<\/a>&nbsp;&nbsp;RTL.fr<\/li>\n<\/ol>\n","protected":false},"excerpt":{"rendered":"Calme pr\u00e9caire en Syrie, extradition en \u00c9quateur, nucl\u00e9aire iranien et s\u00e9ismes en Russie : les informations de la&hellip;\n","protected":false},"author":2,"featured_media":262587,"comment_status":"","ping_status":"","sticky":false,"template":"","format":"standard","meta":{"footnotes":""},"categories":[1591],"tags":[11,672,3822,674,1887,27,1892,21056,3019,5318,303,3257,12,22376,316,473,4409,1885,1886,132,40233,32,887,40232,770],"class_list":{"0":"post-262586","1":"post","2":"type-post","3":"status-publish","4":"format-standard","5":"has-post-thumbnail","7":"category-russie","8":"tag-actualites","9":"tag-allemagne","10":"tag-amu00e9riques","11":"tag-europe","12":"tag-federation-de-russie","13":"tag-france","14":"tag-gu00e9opolitique","15":"tag-guerre-en-syrie","16":"tag-iran","17":"tag-islam","18":"tag-justice","19":"tag-moyen-orient","20":"tag-news","21":"tag-nuclu00e9aire-iranien","22":"tag-politique","23":"tag-royaume-uni","24":"tag-ru00e9veil","25":"tag-russia","26":"tag-russian-federation","27":"tag-russie","28":"tag-su00e9ismes","29":"tag-syrie","30":"tag-trafic-de-drogue","31":"tag-u00e9quateur","32":"tag-u00e9tats-unis"},"share_on_mastodon":{"url":"","error":""},"_links":{"self":[{"href":"https:\/\/www.europesays.com\/fr\/wp-json\/wp\/v2\/posts\/262586","targetHints":{"allow":["GET"]}}],"collection":[{"href":"https:\/\/www.europesays.com\/fr\/wp-json\/wp\/v2\/posts"}],"about":[{"href":"https:\/\/www.europesays.com\/fr\/wp-json\/wp\/v2\/types\/post"}],"author":[{"embeddable":true,"href":"https:\/\/www.europesays.com\/fr\/wp-json\/wp\/v2\/users\/2"}],"replies":[{"embeddable":true,"href":"https:\/\/www.europesays.com\/fr\/wp-json\/wp\/v2\/comments?post=262586"}],"version-history":[{"count":0,"href":"https:\/\/www.europesays.com\/fr\/wp-json\/wp\/v2\/posts\/262586\/revisions"}],"wp:featuredmedia":[{"embeddable":true,"href":"https:\/\/www.europesays.com\/fr\/wp-json\/wp\/v2\/media\/262587"}],"wp:attachment":[{"href":"https:\/\/www.europesays.com\/fr\/wp-json\/wp\/v2\/media?parent=262586"}],"wp:term":[{"taxonomy":"category","embeddable":true,"href":"https:\/\/www.europesays.com\/fr\/wp-json\/wp\/v2\/categories?post=262586"},{"taxonomy":"post_tag","embeddable":true,"href":"https:\/\/www.europesays.com\/fr\/wp-json\/wp\/v2\/tags?post=262586"}],"curies":[{"name":"wp","href":"https:\/\/api.w.org\/{rel}","templated":true}]}}