{"id":26259,"date":"2025-04-15T09:30:08","date_gmt":"2025-04-15T09:30:08","guid":{"rendered":"https:\/\/www.europesays.com\/fr\/26259\/"},"modified":"2025-04-15T09:30:08","modified_gmt":"2025-04-15T09:30:08","slug":"le-moral-des-investisseurs-chute-face-aux-droits-de-douane-plus-fort-recul-depuis-2022","status":"publish","type":"post","link":"https:\/\/www.europesays.com\/fr\/26259\/","title":{"rendered":"le moral des investisseurs chute face aux droits de douane, plus fort recul depuis 2022"},"content":{"rendered":"<p class=\"fig-paragraph\">Le moral des investisseurs allemands s\u2019est effondr\u00e9 comme rarement en avril, apr\u00e8s une forte hausse en mars, min\u00e9 par l\u2019avalanche de\u00a0<a href=\"http:\/\/www.lefigaro.fr\/conjoncture\/droits-de-douane-qui-de-la-chine-ou-des-etats-unis-a-le-plus-a-perdre-dans-cette-guerre-commerciale-20250411\" target=\"_blank\" data-fig-type=\"NewsFlash\" rel=\"noopener\" data-gtm-custom-categorie=\"navigation\" data-gtm-custom-action=\"crossclick\" data-gtm-custom-label=\"Contextuel\" data-gtm-event=\"customEventSPE\" data-fig-domain=\"LEFIGARO\">droits de douane<\/a>\u00a0adopt\u00e9s par Donald Trump, selon le barom\u00e8tre mensuel de l\u2019institut \u00e9conomique ZEW publi\u00e9 mardi.<\/p>\n<p class=\"fig-paragraph\">Apr\u00e8s avoir atteint 51,6 points en mars, l\u2019indicateur a d\u00e9gringol\u00e9 \u00e0 -14,0 points en avril, \u00abla plus forte baisse (sur un mois) des attentes depuis le d\u00e9but de l\u2019invasion russe en Ukraine\u00bb en f\u00e9vrier 2022, souligne l\u2019institut dans un communiqu\u00e9.<\/p>\n","protected":false},"excerpt":{"rendered":"Le moral des investisseurs allemands s\u2019est effondr\u00e9 comme rarement en avril, apr\u00e8s une forte hausse en mars, min\u00e9&hellip;\n","protected":false},"author":2,"featured_media":26260,"comment_status":"","ping_status":"","sticky":false,"template":"","format":"standard","meta":{"footnotes":""},"categories":[1587],"tags":[1111,47,11,672,1117,1109,1804,1805,1112,1803,636,341,257,1777,674,632,1108,107,1106,1107,1119,1801,1116,1110,1114,500,9346,12,1113,1118,1802,137,401,1115,2658],"class_list":{"0":"post-26259","1":"post","2":"type-post","3":"status-publish","4":"format-standard","5":"has-post-thumbnail","7":"category-allemagne","8":"tag-actu","9":"tag-actualite","10":"tag-actualites","11":"tag-allemagne","12":"tag-assurance","13":"tag-breves","14":"tag-bundesrepublik-deutschland","15":"tag-de","16":"tag-depeches","17":"tag-deutschland","18":"tag-devises","19":"tag-emploi","20":"tag-entreprise","21":"tag-eu","22":"tag-europe","23":"tag-fcp","24":"tag-fil","25":"tag-fil-info","26":"tag-flash","27":"tag-flash-actu","28":"tag-formation","29":"tag-germany","30":"tag-immobilier","31":"tag-informations","32":"tag-infos","33":"tag-medias","34":"tag-moral","35":"tag-news","36":"tag-nouvelles","37":"tag-placement","38":"tag-republique-federale-dallemagne","39":"tag-retraite","40":"tag-sicav","41":"tag-taux","42":"tag-taxes-douanieres"},"share_on_mastodon":{"url":"https:\/\/pubeurope.com\/@fr\/114341283484309106","error":""},"_links":{"self":[{"href":"https:\/\/www.europesays.com\/fr\/wp-json\/wp\/v2\/posts\/26259","targetHints":{"allow":["GET"]}}],"collection":[{"href":"https:\/\/www.europesays.com\/fr\/wp-json\/wp\/v2\/posts"}],"about":[{"href":"https:\/\/www.europesays.com\/fr\/wp-json\/wp\/v2\/types\/post"}],"author":[{"embeddable":true,"href":"https:\/\/www.europesays.com\/fr\/wp-json\/wp\/v2\/users\/2"}],"replies":[{"embeddable":true,"href":"https:\/\/www.europesays.com\/fr\/wp-json\/wp\/v2\/comments?post=26259"}],"version-history":[{"count":0,"href":"https:\/\/www.europesays.com\/fr\/wp-json\/wp\/v2\/posts\/26259\/revisions"}],"wp:featuredmedia":[{"embeddable":true,"href":"https:\/\/www.europesays.com\/fr\/wp-json\/wp\/v2\/media\/26260"}],"wp:attachment":[{"href":"https:\/\/www.europesays.com\/fr\/wp-json\/wp\/v2\/media?parent=26259"}],"wp:term":[{"taxonomy":"category","embeddable":true,"href":"https:\/\/www.europesays.com\/fr\/wp-json\/wp\/v2\/categories?post=26259"},{"taxonomy":"post_tag","embeddable":true,"href":"https:\/\/www.europesays.com\/fr\/wp-json\/wp\/v2\/tags?post=26259"}],"curies":[{"name":"wp","href":"https:\/\/api.w.org\/{rel}","templated":true}]}}