{"id":262605,"date":"2025-07-21T05:11:25","date_gmt":"2025-07-21T05:11:25","guid":{"rendered":"https:\/\/www.europesays.com\/fr\/262605\/"},"modified":"2025-07-21T05:11:25","modified_gmt":"2025-07-21T05:11:25","slug":"les-francais-du-pga-tour-en-quete-de-gros-points-et-victor-dubuisson-sur-lalps-tour-au-programme-de-la-semaine","status":"publish","type":"post","link":"https:\/\/www.europesays.com\/fr\/262605\/","title":{"rendered":"Les Fran\u00e7ais du PGA Tour en qu\u00eate de gros points et Victor Dubuisson sur l\u2019Alps Tour au programme de la semaine"},"content":{"rendered":"<p>\t\t\t\t\t\t<img width=\"770\" height=\"555\" src=\"https:\/\/www.europesays.com\/fr\/wp-content\/uploads\/2025\/06\/golf-pga-tour-victor_perez-antoine-rozner-770x555.jpg\" class=\"img-responsive wp-post-image\" alt=\"Victor Perez Photo by Warren Little \/ GETTY IMAGES EUROPE \/ Getty Images via AFP\" decoding=\"async\" fetchpriority=\"high\"  \/>\t\t\t\t\t<\/p>\n<p>\t\t\t\t\t\t Partager cet article <\/p>\n<p class=\"screen-reader-text juiz_sps_maybe_hidden_text\">Partager la publication \u00ab\u00a0Les Fran\u00e7ais du PGA Tour en qu\u00eate de gros points et Victor Dubuisson sur l\u2019Alps Tour au programme de la semaine\u00a0\u00bb<\/p>\n<p><strong>Si le DP World Tour s\u2019accorde un peu de repos, le PGA Tour encha\u00eene dans le Minnesota avec trois Fran\u00e7ais. Les joueuses du LPGA et du Ladies European Tour partagent les fairways en \u00c9cosse. Victor Dubuisson ressort les clubs pour disputer la Biarritz Cup, devenue professionnelle.<\/strong><\/p>\n<p>PGA Tour\u00a0: 3M Open, TPC Twin Cities, Blaine, Minnesota<\/p>\n<p><strong>Du 24 au 27\u00a0juillet<\/strong><\/p>\n<p>Pas de pause pour le <strong>PGA Tour<\/strong> apr\u00e8s <strong>The Open<\/strong>. Pour cet avant-dernier tournoi de la saison r\u00e9guli\u00e8re, les joueurs ont rendez-vous dans le nord du pays sur un par 72 de 6\u00a0828 m\u00e8tres. <strong>Victor Perez <\/strong>et<strong> Antoine Rozner<\/strong> sont en qu\u00eate de points pour sauver leur carte. Apr\u00e8s un deuxi\u00e8me cut manqu\u00e9 en majeur, <strong>Matthieu Pavon<\/strong>, <a href=\"https:\/\/www.golfplanete.com\/actualites\/matthieu-pavon-se-separe-de-son-entraineur\/\" target=\"_blank\" rel=\"noopener nofollow\">qui vient de se s\u00e9parer de son coach<\/a>, a besoin d\u2019un exploit pour se qualifier pour les Playoffs de la FedEx Cup comme ce fut le cas l\u2019an dernier.<\/p>\n<p>\t\t\t\t\t<a id=\"179399\" href=\"https:\/\/www.terre-blanche.com\/landing\/summer-deals?mtm_campaign=summer_deals_golf_planet_juil_2025&amp;mtm_medium=display&amp;mtm_source=golf_planet&amp;mtm_content=_CTA_&amp;mtm_group=trafic\" target=\"_blank\" rel=\"sponsorised nofollow noopener\"><img decoding=\"async\" src=\"data:image\/svg+xml,%3Csvg%20xmlns=\" http:=\"\" class=\"img-responsive\" alt=\"\" data-lazy-src=\"https:\/\/www.europesays.com\/fr\/wp-content\/uploads\/2025\/07\/terreblanche-e01-summer-deals-1170x275-1.gif\"\/><\/a><br \/>\nLPGA\/LET : ISPS HANDA Women\u2019s Scottish Open, Dundonald Links, Irvine, \u00c9cosse<\/p>\n<p><strong>Du 24 au 27\u00a0juillet<\/strong><\/p>\n<p>Les joueuses du circuit europ\u00e9en et am\u00e9ricain croisent une nouvelle fois les fers cette semaine juste avant l\u2019<strong>AIG Women\u2019s Open<\/strong>. Elles ont rendez-vous pour l\u2019<strong>Open d\u2019\u00c9cosse<\/strong>, remport\u00e9 en 2023 par <strong>C\u00e9line Boutier<\/strong>. La num\u00e9ro 1 fran\u00e7aise n\u2019est pas au d\u00e9part de l\u2019\u00e9preuve cette ann\u00e9e, contrairement \u00e0 <strong>Perrine Delacour<\/strong>,<strong> Pauline Roussin-Bouchard<\/strong>,<strong> Nastasia Nadaud<\/strong>,<strong> Agathe Sauzon <\/strong>et<strong> C\u00e9line Herbin<\/strong>.<\/p>\n<p>\t\t\t\t\t<a id=\"174716\" href=\"https:\/\/www.golf-consulting.fr\/\" target=\"_blank\" rel=\"sponsorised nofollow noopener\"><img fetchpriority=\"high\" decoding=\"async\" src=\"https:\/\/www.europesays.com\/fr\/wp-content\/uploads\/2025\/06\/golfconsulting-e01-proam-barnes-25-1170x275-1.jpg\" class=\"img-responsive\" alt=\"\"\/><\/a><br \/>\nKorn Ferry Tour : NV5 Invitational, The Glen Club, Glenview, Illinois<\/p>\n<p><strong>Du 24 au 27\u00a0juillet<\/strong><\/p>\n<p>Forts de leur belle semaine dans le Missouri, <strong>J\u00e9r\u00e9my Gandon <\/strong>et le Belge<strong> Adrien Dumont de Chassart<\/strong> poursuivent leur qu\u00eate de <strong>PGA Tour<\/strong> dans l\u2019Illinois. Ils affrontent cette semaine un par 71 de 6 616 m\u00e8tres. Comme chaque \u00e9preuve r\u00e9guli\u00e8re du circuit, un million de dollars est en jeu.<\/p>\n<p>\t\t\t\t<img loading=\"lazy\" decoding=\"async\" src=\"data:image\/svg+xml,%3Csvg%20xmlns=\" http:=\"\" attributionsrc=\"\" border=\"0\" height=\"1\" width=\"1\" alt=\"Advertisement\" data-lazy-src=\"https:\/\/www.europesays.com\/fr\/wp-content\/uploads\/2025\/07\/B33047934.411969880;dc_trk_aid=603484932;dc_trk_cid=227659580;ord=[timestamp];dc_lat=;dc_rdid=;tag_f.gif\"\/><\/p>\n<p>\t\t\t\t\t<a id=\"158175\" href=\"https:\/\/ad.doubleclick.net\/ddm\/trackclk\/N1153799.3770024GOLFPLANATE\/B33047934.411969880;dc_trk_aid=603484932;dc_trk_cid=227659580;dc_lat=;dc_rdid=;tag_for_child_directed_treatment=;tfua=;gdpr=${GDPR};gdpr_consent=${GDPR_CONSENT_755};ltd=;dc_tdv=1\" target=\"_blank\" rel=\"sponsorised nofollow noopener\"><img decoding=\"async\" src=\"data:image\/svg+xml,%3Csvg%20xmlns=\" http:=\"\" class=\"img-responsive\" alt=\"\" data-lazy-src=\"https:\/\/www.europesays.com\/fr\/wp-content\/uploads\/2025\/07\/callaway-e01-elyte-driver-1170x275-1.jpg\"\/><\/a><br \/>\nEpson Tour : Greater Toledo Classic hosted by Stacy Lewis, Highland Meadows Golf Club, Sylvania, Ohio<\/p>\n<p><strong>Du 25 au 27\u00a0juillet<\/strong><\/p>\n<p>Pour la toute premi\u00e8re \u00e9dition de cette \u00e9preuve, les organisateurs ont vu les choses en grand avec une dotation de 300 000 dollars, la deuxi\u00e8me plus \u00e9lev\u00e9e de la saison. <strong>Agathe Laisn\u00e9 <\/strong>et<strong> Emma Broze<\/strong> sont pr\u00e9sentes.<\/p>\n<p>\t\t\t\t\t<a id=\"174987\" href=\"https:\/\/www.sudfrancegolf.com\/fr\/\" target=\"_blank\" rel=\"sponsorised nofollow noopener\"><img decoding=\"async\" src=\"data:image\/svg+xml,%3Csvg%20xmlns=\" http:=\"\" class=\"img-responsive\" alt=\"\" data-lazy-src=\"https:\/\/www.europesays.com\/fr\/wp-content\/uploads\/2025\/06\/giesudfrancegolf-e02-egolf-pass-2025-v2-1170x275-1.gif\"\/><\/a><br \/>\nAlps Tour : Biarritz Cup by C&amp;S Partners, Golf de Biarritz le Phare, Biarritz, Pyr\u00e9n\u00e9es-Atlantiques<\/p>\n<p><strong>Du 25 au 27\u00a0juillet<\/strong><\/p>\n<p>Les joueurs de l\u2019<strong>Alps Tour<\/strong> sont au Pays basque pour une \u00e9preuve particuli\u00e8re. Au-del\u00e0 du c\u00f4t\u00e9 historique de cette comp\u00e9tition cr\u00e9\u00e9e il y a\u00a0126 ans, c\u2019est la toute premi\u00e8re fois qu\u2019elle accueille des professionnels. Le champ est tout de m\u00eame mixte, avec 60 joueurs du circuit satellite, et 60 amateurs. <a href=\"https:\/\/www.golfplanete.com\/actualites\/victor-dubuisson-au-depart-dun-tournoi-pro-a-la-fin-du-mois\/\" rel=\"nofollow noopener\" target=\"_blank\">Grosse surprise dans le champ<\/a>, <strong>Victor Dubuisson<\/strong> a accept\u00e9 une invitation de son ami et sponsor titre pour jouer l\u2019\u00e9preuve.<\/p>\n<p>\t\t\t\t\t<a id=\"180479\" href=\"https:\/\/www.swing.fr\/voyage\/35-14eme-edition-des-doubles-gosset-by-beachcomber\" target=\"_blank\" rel=\"sponsorised nofollow noopener\"><img decoding=\"async\" src=\"data:image\/svg+xml,%3Csvg%20xmlns=\" http:=\"\" class=\"img-responsive\" alt=\"\" data-lazy-src=\"https:\/\/www.europesays.com\/fr\/wp-content\/uploads\/2025\/07\/beachcomber-e01-doubles-gosset-26-1170x275-1.jpg\"\/><\/a><br \/>\nPro Golf Tour\u00a0: The Cuber Open 2025, Der Golf &amp; Country Club \u00d6schberghof, Donaueschingen, Allemagne<\/p>\n<p><strong>Du 22 au 24\u00a0juillet<\/strong><\/p>\n<p>Le <strong>Pro Golf Tour<\/strong> s\u2019arr\u00eate en Allemagne avant de rejoindre la Suisse. 34 Fran\u00e7ais sont du voyage dont <strong>Cl\u00e9ment Guichard<\/strong>, toujours bien install\u00e9 dans le top 5 du g\u00e9n\u00e9ral.<\/p>\n<p>\u00a0<\/p>\n<p>\u00a0<\/p>\n<p>DP World Tour\u00a0: Pause<\/p>\n<p>Prochain tournoi\u00a0: Nexo Championship, Trump International Golf Links, Aberdeen, \u00c9cosse<\/p>\n<p><strong>Du 7 au 10 ao\u00fbt<\/strong><\/p>\n<p>\t\t\t\t\t<a id=\"174669\" href=\"https:\/\/site.arkea-banque-ei.com\/\" target=\"_blank\" rel=\"sponsorised nofollow noopener\"><img decoding=\"async\" src=\"data:image\/svg+xml,%3Csvg%20xmlns=\" http:=\"\" class=\"img-responsive\" alt=\"\" data-lazy-src=\"https:\/\/www.europesays.com\/fr\/wp-content\/uploads\/2025\/06\/arkea-e02-objectif-strategie-v2-1170x275-1.png\"\/><\/a><br \/>\nAsian Tour : Pause<\/p>\n<p>Prochain tournoi : Mandiri Indonesia Open, Pondok Indah Golf Course, Jakarta, Indon\u00e9sie<\/p>\n<p><strong>Du 28 au 31 ao\u00fbt<\/strong><\/p>\n<p>HotelPlanner Tour (Challenge Tour) : Pause<\/p>\n<p>Prochain tournoi\u00a0: Farmfoods Scottish Challenge supported by The R&amp;A, The Roxburghe Championship Golf Course, Kelso, \u00c9cosse<\/p>\n<p><strong>Du 31 juillet au 3 ao\u00fbt<\/strong><\/p>\n<p>\t\t\t\t\t<a id=\"178042\" href=\"https:\/\/leclub-golf.com\/fr\/actualites\/team-sud-ouest-vs-team-sud-est-le-duel-de-lete?utm_source=golf+planete&amp;utm_medium=referral&amp;utm_campaign=team+sud&amp;utm_id=team+sud_golf+planete_referral_banner\" target=\"_blank\" rel=\"sponsorised nofollow noopener\"><img decoding=\"async\" src=\"data:image\/svg+xml,%3Csvg%20xmlns=\" http:=\"\" class=\"img-responsive\" alt=\"\" data-lazy-src=\"https:\/\/www.europesays.com\/fr\/wp-content\/uploads\/2025\/07\/leclubgolf-e08-duel-teams-1170x275-1.png\"\/><\/a><br \/>\nLETAS : Pause<\/p>\n<p>Prochain tournoi : Q-Tour Himmerland Championship Presented by Sand Spedition, Himmerland Resort, Himmerland Resort, Himmerland, Danemark<\/p>\n<p><strong>Du 31 juillet au 2 ao\u00fbt<\/strong><\/p>\n<p>TGL : Saison termin\u00e9e<\/p>\n<p>\u00a0<\/p>\n<p>\u00a0<\/p>\n<p>\u00a0<\/p>\n<p>\u00a9Warren Little \/ GETTY IMAGES EUROPE \/ Getty Images via AFP<\/p>\n","protected":false},"excerpt":{"rendered":"Partager cet article Partager la publication \u00ab\u00a0Les Fran\u00e7ais du PGA Tour en qu\u00eate de gros points et Victor&hellip;\n","protected":false},"author":2,"featured_media":197909,"comment_status":"","ping_status":"","sticky":false,"template":"","format":"standard","meta":{"footnotes":""},"categories":[1418],"tags":[1011,27,1472,60],"class_list":{"0":"post-262605","1":"post","2":"type-post","3":"status-publish","4":"format-standard","5":"has-post-thumbnail","7":"category-golf","8":"tag-fr","9":"tag-france","10":"tag-golf","11":"tag-sports"},"share_on_mastodon":{"url":"https:\/\/pubeurope.com\/@fr\/114889509364303964","error":""},"_links":{"self":[{"href":"https:\/\/www.europesays.com\/fr\/wp-json\/wp\/v2\/posts\/262605","targetHints":{"allow":["GET"]}}],"collection":[{"href":"https:\/\/www.europesays.com\/fr\/wp-json\/wp\/v2\/posts"}],"about":[{"href":"https:\/\/www.europesays.com\/fr\/wp-json\/wp\/v2\/types\/post"}],"author":[{"embeddable":true,"href":"https:\/\/www.europesays.com\/fr\/wp-json\/wp\/v2\/users\/2"}],"replies":[{"embeddable":true,"href":"https:\/\/www.europesays.com\/fr\/wp-json\/wp\/v2\/comments?post=262605"}],"version-history":[{"count":0,"href":"https:\/\/www.europesays.com\/fr\/wp-json\/wp\/v2\/posts\/262605\/revisions"}],"wp:featuredmedia":[{"embeddable":true,"href":"https:\/\/www.europesays.com\/fr\/wp-json\/wp\/v2\/media\/197909"}],"wp:attachment":[{"href":"https:\/\/www.europesays.com\/fr\/wp-json\/wp\/v2\/media?parent=262605"}],"wp:term":[{"taxonomy":"category","embeddable":true,"href":"https:\/\/www.europesays.com\/fr\/wp-json\/wp\/v2\/categories?post=262605"},{"taxonomy":"post_tag","embeddable":true,"href":"https:\/\/www.europesays.com\/fr\/wp-json\/wp\/v2\/tags?post=262605"}],"curies":[{"name":"wp","href":"https:\/\/api.w.org\/{rel}","templated":true}]}}