{"id":262608,"date":"2025-07-21T05:14:10","date_gmt":"2025-07-21T05:14:10","guid":{"rendered":"https:\/\/www.europesays.com\/fr\/262608\/"},"modified":"2025-07-21T05:14:10","modified_gmt":"2025-07-21T05:14:10","slug":"avec-son-premier-titre-wta-a-hambourg-lois-boisson-conclut-sa-folle-saison-sur-terre-battue-en-beaute","status":"publish","type":"post","link":"https:\/\/www.europesays.com\/fr\/262608\/","title":{"rendered":"avec son premier titre WTA \u00e0 Hambourg, Lo\u00efs Boisson conclut sa folle saison sur terre battue en beaut\u00e9"},"content":{"rendered":"\n<p>\u00ab\u00a0Quand je pense o\u00f9 j&rsquo;en \u00e9tais il y a un an, c&rsquo;est g\u00e9nial  \u00bb   : avec son premier titre WTA \u00e0 Hambourg, Lo\u00efs Boisson conclut sa folle saison sur terre battue en beaut\u00e9<\/p>\n<p>Lo\u00efs Boisson n&rsquo;a pas perdu de temps pour remporter \u00e0 Hambourg son premier titre sur le circuit WTA, dimanche face \u00e0 la Hongroise Anna Bondar (7-5, 6-3). La Fran\u00e7aise de 22\u00a0ans ferme le chapitre terre battue de sa saison en beaut\u00e9 et se pr\u00e9pare au d\u00e9fi du dur ext\u00e9rieur de la tourn\u00e9e am\u00e9ricaine.<\/p>\n","protected":false},"excerpt":{"rendered":"\u00ab\u00a0Quand je pense o\u00f9 j&rsquo;en \u00e9tais il y a un an, c&rsquo;est g\u00e9nial \u00bb : avec son premier&hellip;\n","protected":false},"author":2,"featured_media":262609,"comment_status":"","ping_status":"","sticky":false,"template":"","format":"standard","meta":{"footnotes":""},"categories":[1415],"tags":[1011,27,60,1467],"class_list":{"0":"post-262608","1":"post","2":"type-post","3":"status-publish","4":"format-standard","5":"has-post-thumbnail","7":"category-tennis","8":"tag-fr","9":"tag-france","10":"tag-sports","11":"tag-tennis"},"share_on_mastodon":{"url":"https:\/\/pubeurope.com\/@fr\/114889520820590351","error":""},"_links":{"self":[{"href":"https:\/\/www.europesays.com\/fr\/wp-json\/wp\/v2\/posts\/262608","targetHints":{"allow":["GET"]}}],"collection":[{"href":"https:\/\/www.europesays.com\/fr\/wp-json\/wp\/v2\/posts"}],"about":[{"href":"https:\/\/www.europesays.com\/fr\/wp-json\/wp\/v2\/types\/post"}],"author":[{"embeddable":true,"href":"https:\/\/www.europesays.com\/fr\/wp-json\/wp\/v2\/users\/2"}],"replies":[{"embeddable":true,"href":"https:\/\/www.europesays.com\/fr\/wp-json\/wp\/v2\/comments?post=262608"}],"version-history":[{"count":0,"href":"https:\/\/www.europesays.com\/fr\/wp-json\/wp\/v2\/posts\/262608\/revisions"}],"wp:featuredmedia":[{"embeddable":true,"href":"https:\/\/www.europesays.com\/fr\/wp-json\/wp\/v2\/media\/262609"}],"wp:attachment":[{"href":"https:\/\/www.europesays.com\/fr\/wp-json\/wp\/v2\/media?parent=262608"}],"wp:term":[{"taxonomy":"category","embeddable":true,"href":"https:\/\/www.europesays.com\/fr\/wp-json\/wp\/v2\/categories?post=262608"},{"taxonomy":"post_tag","embeddable":true,"href":"https:\/\/www.europesays.com\/fr\/wp-json\/wp\/v2\/tags?post=262608"}],"curies":[{"name":"wp","href":"https:\/\/api.w.org\/{rel}","templated":true}]}}