{"id":262614,"date":"2025-07-21T05:18:12","date_gmt":"2025-07-21T05:18:12","guid":{"rendered":"https:\/\/www.europesays.com\/fr\/262614\/"},"modified":"2025-07-21T05:18:12","modified_gmt":"2025-07-21T05:18:12","slug":"tdf-tour-de-france-lenny-martinez-je-ne-suis-pas-tombe-maintenant","status":"publish","type":"post","link":"https:\/\/www.europesays.com\/fr\/262614\/","title":{"rendered":"TDF. Tour de France &#8211; Lenny Martinez : \u00abJe ne suis pas tomb\u00e9, maintenant&#8230;\u00bb"},"content":{"rendered":"<p>Apr\u00e8s trois journ\u00e9es actives dans les Pyr\u00e9n\u00e9es,<strong> Lenny Martinez <\/strong>a v\u00e9cu une 15e \u00e9tape plus calme. Pris dans la chute en d\u00e9but de course, sans pour autant tomber, le Fran\u00e7ais de la <strong>Bahrain Victorious <\/strong>a ensuite pass\u00e9 le reste de la journ\u00e9e au sein du gruppetto. S&rsquo;il n&rsquo;a donc emp\u00f4ch\u00e9 aucun point ce dimanche, <strong>Martinez <\/strong>conclut cette 2e semaine du<strong> <a href=\"https:\/\/www.cyclismactu.net\/..\/news-tdf-route-tour-de-france-tim-wellens-15e-etape-en-solo-folle-journee-d-alaphilippe-89092.html\" target=\"_blank\" rel=\"nofollow noopener\">Tour de France<\/a><\/strong> avec le maillot \u00e0 pois, puisqu&rsquo;il d\u00e9tient 60 points, contre 52 pour son dauphin <strong>Tadej Pogacar<\/strong> (UAE Team Emirates XRG).<\/p>\n<p>\u00a0<\/p>\n<p>\u00ab\u00a0Huit points d\u2019avance et ce n\u2019est pas beaucoup\u00a0\u00bb<\/p>\n<p>\u00ab\u00a0C\u2019\u00e9tait une journ\u00e9e pour m\u2019\u00e9conomiser et c\u2019est ce que j\u2019ai pu faire  et c\u2019est tant mieux, surtout que c\u2019\u00e9tait une \u00e9tape tr\u00e8s anim\u00e9e\u00a0\u00bb, a d\u00e9clar\u00e9 <strong>Martinez <\/strong>\u00e0 l&rsquo;arriv\u00e9e. \u00ab\u00a0Lorsqu\u2019il y a eu la chute au d\u00e9but de l\u2019\u00e9tape, je ne suis pas tomb\u00e9,  j\u2019ai juste eu besoin de freiner mais je suis rest\u00e9 sur mon v\u00e9lo. A ce  moment il y a eu une cassure et devant \u00e7a a roul\u00e9 tr\u00e8s vite, mais je  suis rest\u00e9 dans un groupe avec lequel j\u2019ai rejoins l\u2019arriv\u00e9e, sans  m\u2019occuper de la bataille devant.\u00a0\u00bb<\/p>\n<p>\u00ab\u00a0Maintenant le plus grand r\u00eave, ce serait de ramener le maillot \u00e0 pois  \u00e0 Paris. J\u2019ai huit points d\u2019avance et ce n\u2019est pas beaucoup, je pense  que Pogacar va encore gagner pas mal d\u2019\u00e9tapes alors il faudra que je  marque des points sur les \u00e9chapp\u00e9es\u00a0\u00bb, poursuit-il. \u00ab\u00a0Apr\u00e8s le repos on reprend avec le Mont Ventoux, c\u2019est bien s\u00fbr un bon  souvenir pour moi mais je ne sais pas si l\u2019\u00e9chapp\u00e9e pourra aller au  bout et si c\u2019est int\u00e9ressant que j\u2019y aille. Il y a quand m\u00eame des  chances que \u00e7a se joue entre les coureurs du classement g\u00e9n\u00e9ral.\u00a0\u00bb<\/p>\n<p>Tour de France &#8211; Classement de la 15\u00e8 \u00e9tape Tour de France &#8211; Classement g\u00e9n\u00e9ral provisoire apr\u00e8s la 15\u00e8 \u00e9tapeDANS LA M\u00caME CAT\u00c9GORIEA LA UNE<\/p>\n","protected":false},"excerpt":{"rendered":"Apr\u00e8s trois journ\u00e9es actives dans les Pyr\u00e9n\u00e9es, Lenny Martinez a v\u00e9cu une 15e \u00e9tape plus calme. Pris dans&hellip;\n","protected":false},"author":2,"featured_media":262615,"comment_status":"","ping_status":"","sticky":false,"template":"","format":"standard","meta":{"footnotes":""},"categories":[1411],"tags":[1154,207,211,1011,27,209,60,210,212,208,213],"class_list":{"0":"post-262614","1":"post","2":"type-post","3":"status-publish","4":"format-standard","5":"has-post-thumbnail","7":"category-cyclisme","8":"tag-cycling","9":"tag-cyclisme","10":"tag-ffc","11":"tag-fr","12":"tag-france","13":"tag-route","14":"tag-sports","15":"tag-tour-de-france","16":"tag-uci","17":"tag-velo","18":"tag-world-tour"},"share_on_mastodon":{"url":"https:\/\/pubeurope.com\/@fr\/114889536521507358","error":""},"_links":{"self":[{"href":"https:\/\/www.europesays.com\/fr\/wp-json\/wp\/v2\/posts\/262614","targetHints":{"allow":["GET"]}}],"collection":[{"href":"https:\/\/www.europesays.com\/fr\/wp-json\/wp\/v2\/posts"}],"about":[{"href":"https:\/\/www.europesays.com\/fr\/wp-json\/wp\/v2\/types\/post"}],"author":[{"embeddable":true,"href":"https:\/\/www.europesays.com\/fr\/wp-json\/wp\/v2\/users\/2"}],"replies":[{"embeddable":true,"href":"https:\/\/www.europesays.com\/fr\/wp-json\/wp\/v2\/comments?post=262614"}],"version-history":[{"count":0,"href":"https:\/\/www.europesays.com\/fr\/wp-json\/wp\/v2\/posts\/262614\/revisions"}],"wp:featuredmedia":[{"embeddable":true,"href":"https:\/\/www.europesays.com\/fr\/wp-json\/wp\/v2\/media\/262615"}],"wp:attachment":[{"href":"https:\/\/www.europesays.com\/fr\/wp-json\/wp\/v2\/media?parent=262614"}],"wp:term":[{"taxonomy":"category","embeddable":true,"href":"https:\/\/www.europesays.com\/fr\/wp-json\/wp\/v2\/categories?post=262614"},{"taxonomy":"post_tag","embeddable":true,"href":"https:\/\/www.europesays.com\/fr\/wp-json\/wp\/v2\/tags?post=262614"}],"curies":[{"name":"wp","href":"https:\/\/api.w.org\/{rel}","templated":true}]}}