{"id":262622,"date":"2025-07-21T05:22:16","date_gmt":"2025-07-21T05:22:16","guid":{"rendered":"https:\/\/www.europesays.com\/fr\/262622\/"},"modified":"2025-07-21T05:22:16","modified_gmt":"2025-07-21T05:22:16","slug":"des-temps-de-lecture-proposes-tout-lete-a-pour-les-jeunes-du-pays-dargentan","status":"publish","type":"post","link":"https:\/\/www.europesays.com\/fr\/262622\/","title":{"rendered":"Des temps de lecture propos\u00e9s tout l\u2019\u00e9t\u00e9 \u00e0 pour les jeunes du pays d\u2019Argentan"},"content":{"rendered":"<p>            Par<br \/>\n        <strong><br \/>\n            <a href=\"https:\/\/actu.fr\/auteur\/journaliste-journaldelorne\" title=\"Consulter tous les articles de R\u00e9daction JO\" rel=\"nofollow noopener\" target=\"_blank\">R\u00e9daction JO<\/a><br \/>\n        <\/strong><\/p>\n<p>        Publi\u00e9 le<\/p>\n<p>            21 juil. 2025 \u00e0 6h16        <\/p>\n<p><b>\u00c0 partir de mardi 22\u00a0juillet 2025<\/b>, les livres prendront le large \u00e0 la rencontre des enfants et des adultes du pays d\u2019<a href=\"https:\/\/actu.fr\/normandie\/argentan_61006\" rel=\"nofollow noopener\" target=\"_blank\">Argentan<\/a> (<a href=\"https:\/\/actu.fr\/normandie\/orne_61\" rel=\"nofollow noopener\" target=\"_blank\">Orne<\/a>) puisque des <b>temps de lecture<\/b> sont anim\u00e9s par les <b>biblioth\u00e9caires du r\u00e9seau des m\u00e9diath\u00e8ques Terres d\u2019Argentan<\/b>.<\/p>\n<p class=\" wall-content\">Confortablement install\u00e9s, assis ou allong\u00e9s sur des nattes et fauteuils color\u00e9s, petits et grands pourront \u00e9couter, lire et jouer en toute libert\u00e9 et convivialit\u00e9.<\/p>\n<p>Programme des activit\u00e9s lecture<\/p>\n<p class=\" wall-content\">En juillet\u2009: <b>mardi 22\u00a0juillet<\/b>, de <b>10\u2009h \u00e0 11\u2009h\u200930<\/b> au <b>centre aquatique<\/b>\u2009; <b>vendredi 25\u00a0juillet<\/b>, de <b>14\u2009h \u00e0 16\u2009h\u200930<\/b> au <b>plan d\u2019eau<\/b>\u2009; mercredi 30\u00a0juillet, de 16\u2009h \u00e0 17\u2009h, quiz musical \u00e0 la m\u00e9diath\u00e8que de R\u00e2nes.<\/p>\n<p>    <img   decoding=\"async\" loading=\"lazy\" class=\"size-large\" src=\"https:\/\/www.europesays.com\/fr\/wp-content\/uploads\/2025\/07\/1e7c2af9b3786128c2af9b378e58c2v-960x640.jpg\" alt=\"Moment d'\u00e9coute, mode chaise longue\" width=\"960\" height=\"640\"\/><br \/>\n    Moment d\u2019\u00e9coute, mode chaise longue. \u00a9Le Journal de l\u2019Orne<\/p>\n<p class=\" wall-content\">En ao\u00fbt\u2009: <b>mardi 19\u00a0ao\u00fbt<\/b>, de <b>10\u2009h \u00e0 11\u2009h\u200930<\/b> <b>place du March\u00e9<\/b>\u2009; <b>mercredi 20\u00a0ao\u00fbt<\/b>, de <b>14\u2009h \u00e0 17\u2009h<\/b> \u00e0 la <b>m\u00e9diath\u00e8que de R\u00e2nes<\/b>\u2009; <b>vendredi 22\u00a0ao\u00fbt<\/b> de <b>14\u2009h\u200930 \u00e0 16\u2009h\u200930<\/b> au <b>City stade du quartier des Provinces<\/b>\u2009; <b>mardi 26\u00a0ao\u00fbt<\/b>, de <b>10\u2009h \u00e0 11\u2009h\u200930<\/b> <b>quartier Vall\u00e9e d\u2019Auge<\/b> (aire de jeux derri\u00e8re la Maison du Citoyen) et de <b>14\u2009h \u00e0 17\u2009h<\/b> \u00e0 la <b>m\u00e9diath\u00e8que de Trun<\/b>\u2009; mercredi 27\u00a0ao\u00fbt, de 15\u2009h \u00e0 16\u2009h\u200930, concert Brother Kawa dans le parc de la m\u00e9diath\u00e8que\u2009; <b>vendredi 29\u00a0ao\u00fbt<\/b>, de <b>14\u2009h \u00e0 17\u2009h<\/b> <b>m\u00e9diath\u00e8que d\u2019\u00c9couch\u00e9-les-Vall\u00e9es<\/b> et de <b>14\u2009h \u00e0 16\u2009h\u200930<\/b> au <b>plan d\u2019eau d\u2019Argentan<\/b>.<\/p>\n<p>Vid\u00e9os : en ce moment sur ActuDes quiz, concerts, jeux\u2026<\/p>\n<p class=\" wall-content\">Vendredi 11\u00a0juillet, Sophie Foucher et L\u00e9a Zucchi (biblioth\u00e9caires jeunesse du R\u00e9seau des m\u00e9diath\u00e8ques Terres d\u2019Argentan) s\u2019\u00e9taient install\u00e9es aux jeux situ\u00e9s derri\u00e8re la maison du citoyen, quartier de la Vall\u00e9e d\u2019Auge.<\/p>\n<p class=\" wall-content\">De 14\u2009h \u00e0 16\u2009h\u200930, une dizaine d\u2019enfants sont venus profiter des livres. Les deux biblioth\u00e9caires ont pris plaisir \u00e0 leur lire et \u00e0 leur faire d\u00e9couvrir leurs livres pr\u00e9f\u00e9r\u00e9s.<\/p>\n<p>    <img   decoding=\"async\" loading=\"lazy\" class=\"size-large\" src=\"https:\/\/www.europesays.com\/fr\/wp-content\/uploads\/2025\/07\/8091ec2ab37868491ec2ab3785891ev-960x640.jpg\" alt=\"moment privil\u00e9gi\u00e9 de lecture et de partage\" width=\"960\" height=\"640\"\/><br \/>\n    Moment privil\u00e9gi\u00e9 de lecture et de partage. \u00a9Le Journal de l\u2019Orne<\/p>\n<p class=\" wall-content\">Suivez toute l\u2019actualit\u00e9 de vos villes et m\u00e9dias favoris en vous inscrivant \u00e0 <a href=\"https:\/\/moncompte.actu.fr\" title=\"D\u00e9couvez Mon Actu\" rel=\"nofollow noopener\" data-trk=\"{&quot;cta&quot;:{&quot;action&quot;:&quot;https:\\\/\\\/moncompte.actu.fr&quot;,&quot;category&quot;:&quot;mon compte&quot;,&quot;from&quot;:&quot;article footer&quot;,&quot;name&quot;:&quot;Mon actu&quot;,&quot;type&quot;:&quot;cta&quot;}}\" target=\"_blank\">Mon Actu<\/a>.<\/p>\n","protected":false},"excerpt":{"rendered":"Par R\u00e9daction JO Publi\u00e9 le 21 juil. 2025 \u00e0 6h16 \u00c0 partir de mardi 22\u00a0juillet 2025, les livres&hellip;\n","protected":false},"author":2,"featured_media":262623,"comment_status":"","ping_status":"","sticky":false,"template":"","format":"standard","meta":{"footnotes":""},"categories":[1357],"tags":[1379,58,59,1011,27,1380,104],"class_list":{"0":"post-262622","1":"post","2":"type-post","3":"status-publish","4":"format-standard","5":"has-post-thumbnail","7":"category-livres","8":"tag-books","9":"tag-divertissement","10":"tag-entertainment","11":"tag-fr","12":"tag-france","13":"tag-livres","14":"tag-societe"},"share_on_mastodon":{"url":"https:\/\/pubeurope.com\/@fr\/114889552753336149","error":""},"_links":{"self":[{"href":"https:\/\/www.europesays.com\/fr\/wp-json\/wp\/v2\/posts\/262622","targetHints":{"allow":["GET"]}}],"collection":[{"href":"https:\/\/www.europesays.com\/fr\/wp-json\/wp\/v2\/posts"}],"about":[{"href":"https:\/\/www.europesays.com\/fr\/wp-json\/wp\/v2\/types\/post"}],"author":[{"embeddable":true,"href":"https:\/\/www.europesays.com\/fr\/wp-json\/wp\/v2\/users\/2"}],"replies":[{"embeddable":true,"href":"https:\/\/www.europesays.com\/fr\/wp-json\/wp\/v2\/comments?post=262622"}],"version-history":[{"count":0,"href":"https:\/\/www.europesays.com\/fr\/wp-json\/wp\/v2\/posts\/262622\/revisions"}],"wp:featuredmedia":[{"embeddable":true,"href":"https:\/\/www.europesays.com\/fr\/wp-json\/wp\/v2\/media\/262623"}],"wp:attachment":[{"href":"https:\/\/www.europesays.com\/fr\/wp-json\/wp\/v2\/media?parent=262622"}],"wp:term":[{"taxonomy":"category","embeddable":true,"href":"https:\/\/www.europesays.com\/fr\/wp-json\/wp\/v2\/categories?post=262622"},{"taxonomy":"post_tag","embeddable":true,"href":"https:\/\/www.europesays.com\/fr\/wp-json\/wp\/v2\/tags?post=262622"}],"curies":[{"name":"wp","href":"https:\/\/api.w.org\/{rel}","templated":true}]}}