{"id":262632,"date":"2025-07-21T05:28:13","date_gmt":"2025-07-21T05:28:13","guid":{"rendered":"https:\/\/www.europesays.com\/fr\/262632\/"},"modified":"2025-07-21T05:28:13","modified_gmt":"2025-07-21T05:28:13","slug":"elle-nous-a-fait-danser-et-pleurer-aux-vieilles-charrues-le-public-a-chavire-devant-une-zaho-de-sagazan-magnetique-video","status":"publish","type":"post","link":"https:\/\/www.europesays.com\/fr\/262632\/","title":{"rendered":"\u00ab\u00a0Elle nous a fait danser et pleurer\u00a0\u00bb\u00a0: aux Vieilles Charrues, le public a chavir\u00e9 devant une Zaho de Sagazan magn\u00e9tique [Vid\u00e9o]"},"content":{"rendered":"<p>Il fait toujours beau au-dessus des nuages et c\u2019est s\u00fbrement l\u00e0 que <a anchorselected=\"true\" href=\"https:\/\/www.letelegramme.fr\/culture-loisirs\/festivals\/vieilles-charrues\/devenue-artiste-incontournable-zaho-de-sagazan-charmera-t-elle-de-nouveau-les-vieilles-charrues-6858163.php\" target=\"_blank\" rel=\"noopener\">Zaho de Sagazan<\/a> a emmen\u00e9 le public des Vieilles Charrues ce dimanche 20 juillet 2025. Car malgr\u00e9 la pluie annonc\u00e9e, pas une goutte ne s\u2019est invit\u00e9e \u00e0 la f\u00eate. Id\u00e9al pour la belle histoire d\u2019amour qui s\u2019est nou\u00e9e entre les festivaliers et la chanteuse \u00e0 la voix grave et magn\u00e9tique.<\/p>\n<p>\u00ab Je t\u2019aime \u00bb, \u00ab Dis moi que tu m\u2019aimes \u00bb, les pancartes brandies par la foule \u00e9taient sans \u00e9quivoque. Pourtant, en d\u00e9but de concert, le public \u00e9tait un peu endormi, peut-\u00eatre trop b\u00e9at devant la pr\u00e9sence sc\u00e9nique de l\u2019artiste de 25 ans. Mais Zaho de Sagazan a su les r\u00e9veiller, et de quelle mani\u00e8re !<\/p>\n<p>Apr\u00e8s les avoir titill\u00e9s : \u00ab Je vous trouve tr\u00e8s raides pour des Bretons, qu\u2019est ce qui vous arrive ? \u00bb, l\u2019\u00e9toile de la pop fran\u00e7aise a entonn\u00e9 son morceau \u00ab \u00d4 travers \u00bb, puis encha\u00een\u00e9 avec une sublime \u00ab La Symphonie des \u00e9clairs \u00bb. Jusqu\u2019\u00e0 ce moment incroyable, o\u00f9 Zaho de Sagazan a tendu le micro \u00e0 Anza, une jeune festivali\u00e8re qui a entonn\u00e9 le refrain en breton ! \u00ab \u00c7a me donne des frissons \u00bb, glisse Rosine, une Costarmoricaine.<\/p>\n<p><img decoding=\"async\" src=\"https:\/\/www.europesays.com\/fr\/wp-content\/uploads\/2025\/07\/687d63d188cab885db0d26ee.1.jpeg\" width=\"480\" height=\"300\" class=\"web_golden_m\" loading=\"lazy\" alt=\"Zaho de Sagazan en communion avec son public.\"\/>Zaho de Sagazan en communion avec son public. (Vincent Le Guern \/ Le T\u00e9l\u00e9gramme)<\/p>\n<p>Puis, la chanteuse s\u2019est octroy\u00e9 une communion avec le public des premiers rangs, entre embrassades et c\u00e2lins, arrachant les larmes \u00e0 de nombreux fans. Elle est remont\u00e9e sur sc\u00e8ne avec un bouquet d\u2019hortensias, un Gwenn-ha-du, et surtout un morceau du c\u0153ur des Carhaisiens.<\/p>\n<p><img decoding=\"async\" src=\"https:\/\/www.europesays.com\/fr\/wp-content\/uploads\/2025\/07\/687d63d062f03415470a6bc4.1.jpeg\" width=\"480\" height=\"300\" class=\"web_golden_m\" loading=\"lazy\" alt=\"Au premier rang, les fans de Zaho de Sagazan ont oscill\u00e9 entre larmes et euphorie.\"\/>Au premier rang, les fans de Zaho de Sagazan ont oscill\u00e9 entre larmes et euphorie. (Vincent Le Guern \/ Le T\u00e9l\u00e9gramme)<img decoding=\"async\" src=\"https:\/\/www.europesays.com\/fr\/wp-content\/uploads\/2025\/07\/687d63d01c955763d8072025.1.jpeg\" width=\"480\" height=\"300\" class=\"web_golden_m\" loading=\"lazy\" alt=\"Un c\u0153ur et le drapeau breton : les symboles de la prestation de Zaho de Sagazan, dimanche 20 juillet, aux Vieilles Charrues.\"\/>Un c\u0153ur et le drapeau breton : les symboles de la prestation de Zaho de Sagazan, dimanche 20 juillet, aux Vieilles Charrues. (Vincent Le Guern)<\/p>\n<p>La suite du concert a surf\u00e9 sur cette vague d\u2019amour. La temp\u00eate Sagazan a transform\u00e9 la plaine de Kerampuilh en dancefloor et entra\u00een\u00e9 la foule dans une danse fr\u00e9n\u00e9tique avec des morceaux tr\u00e8s \u00e9lectro. Le concert s\u2019est conclu sur sa c\u00e9l\u00e8bre reprise de David Bowie : \u00ab Modern Love \u00bb. \u00ab Elle nous a fait danser, elle nous a fait pleurer, c\u2019\u00e9tait extraordinaire \u00bb, souffle Cathy. Dans le ciel s\u2019envolait un ballon en forme de c\u0153ur, comme un symbole.<\/p>\n","protected":false},"excerpt":{"rendered":"Il fait toujours beau au-dessus des nuages et c\u2019est s\u00fbrement l\u00e0 que Zaho de Sagazan a emmen\u00e9 le&hellip;\n","protected":false},"author":2,"featured_media":262633,"comment_status":"","ping_status":"","sticky":false,"template":"","format":"standard","meta":{"footnotes":""},"categories":[8],"tags":[11,829,5934,251,58,765,59,3337,1011,27,873,38885,35758],"class_list":{"0":"post-262632","1":"post","2":"type-post","3":"status-publish","4":"format-standard","5":"has-post-thumbnail","7":"category-divertissement","8":"tag-actualites","9":"tag-bretagne","10":"tag-carhaix-plouguer","11":"tag-culture","12":"tag-divertissement","13":"tag-en-continu","14":"tag-entertainment","15":"tag-festivals","16":"tag-fr","17":"tag-france","18":"tag-musique","19":"tag-vieilles-charrues-2025","20":"tag-vieilles-charrues"},"share_on_mastodon":{"url":"https:\/\/pubeurope.com\/@fr\/114889576583739940","error":""},"_links":{"self":[{"href":"https:\/\/www.europesays.com\/fr\/wp-json\/wp\/v2\/posts\/262632","targetHints":{"allow":["GET"]}}],"collection":[{"href":"https:\/\/www.europesays.com\/fr\/wp-json\/wp\/v2\/posts"}],"about":[{"href":"https:\/\/www.europesays.com\/fr\/wp-json\/wp\/v2\/types\/post"}],"author":[{"embeddable":true,"href":"https:\/\/www.europesays.com\/fr\/wp-json\/wp\/v2\/users\/2"}],"replies":[{"embeddable":true,"href":"https:\/\/www.europesays.com\/fr\/wp-json\/wp\/v2\/comments?post=262632"}],"version-history":[{"count":0,"href":"https:\/\/www.europesays.com\/fr\/wp-json\/wp\/v2\/posts\/262632\/revisions"}],"wp:featuredmedia":[{"embeddable":true,"href":"https:\/\/www.europesays.com\/fr\/wp-json\/wp\/v2\/media\/262633"}],"wp:attachment":[{"href":"https:\/\/www.europesays.com\/fr\/wp-json\/wp\/v2\/media?parent=262632"}],"wp:term":[{"taxonomy":"category","embeddable":true,"href":"https:\/\/www.europesays.com\/fr\/wp-json\/wp\/v2\/categories?post=262632"},{"taxonomy":"post_tag","embeddable":true,"href":"https:\/\/www.europesays.com\/fr\/wp-json\/wp\/v2\/tags?post=262632"}],"curies":[{"name":"wp","href":"https:\/\/api.w.org\/{rel}","templated":true}]}}