{"id":262642,"date":"2025-07-21T05:33:15","date_gmt":"2025-07-21T05:33:15","guid":{"rendered":"https:\/\/www.europesays.com\/fr\/262642\/"},"modified":"2025-07-21T05:33:15","modified_gmt":"2025-07-21T05:33:15","slug":"porte-par-un-triple-de-greenwood-lom-dicte-sa-loi-pour-son-premier-match-de-preparation","status":"publish","type":"post","link":"https:\/\/www.europesays.com\/fr\/262642\/","title":{"rendered":"port\u00e9 par un tripl\u00e9 de Greenwood, l&rsquo;OM dicte sa loi pour son premier match de pr\u00e9paration"},"content":{"rendered":"<p>Oppos\u00e9 \u00e0 la modeste \u00e9quipe n\u00e9erlandaise d\u2019Excelsior Maasluis (3e division), l\u2019Olympique de Marseille a largement remport\u00e9 son premier match de l\u2019\u00e9t\u00e9 (5-0). Mason Greenwood y a grandement contribu\u00e9.<\/p>\n<p class=\"fig-paragraph\">L&rsquo;<a href=\"http:\/\/www.lefigaro.fr\/sports\/football\/transferts\/aubameyang-vers-un-retour-a-l-om-veretout-devrait-signer-au-qatar-les-5-infos-mercato-du-jour-20250719\" data-fig-type=\"NewsFlash\" data-gtm-custom-categorie=\"navigation\" data-gtm-custom-action=\"crossclick\" data-gtm-custom-label=\"Contextuel\" data-gtm-event=\"customEventSPE\" data-fig-domain=\"LEFIGARO\" target=\"_blank\" rel=\"noopener\">OM<\/a>\u00a0s&rsquo;est facilement impos\u00e9 dimanche 5-0 face \u00e0 l&rsquo;Excelsior Maasluis, un club de troisi\u00e8me division n\u00e9erlandaise, lors de son premier match de pr\u00e9paration estivale. Les Marseillais sont actuellement en stage aux Pays-Bas et le match s&rsquo;est jou\u00e9 \u00e0 Zeist, au centre d&rsquo;entra\u00eenement de la s\u00e9lection n\u00e9erlandaise.<\/p>\n<p class=\"fig-paragraph\">Tous les buts marseillais ont \u00e9t\u00e9 inscrits lors de la premi\u00e8re p\u00e9riode, disput\u00e9e par la plupart des cadres et titulaires de l&rsquo;effectif de Roberto De Zerbi, comme\u00a0<a href=\"http:\/\/www.lefigaro.fr\/sports\/football\/ligue-1\/ligue-1-adrien-et-veronique-rabiot-assignent-le-psg-en-justice-pour-les-insultes-au-parc-des-princes-20250620\" data-fig-type=\"NewsFlash\" data-gtm-custom-categorie=\"navigation\" data-gtm-custom-action=\"crossclick\" data-gtm-custom-label=\"Contextuel\" data-gtm-event=\"customEventSPE\" data-fig-domain=\"LEFIGARO\" target=\"_blank\" rel=\"noopener\">Adrien Rabiot<\/a>, Pierre-Emile Hojbjerg, Mason Greenwood ou Leonardo Balerdi.<\/p>\n<p>                                    <a class=\"fig-a11y-skip a11y-hidden\" href=\"#fig-a11y-skip-main-inarticle\"><br \/>\n        Passer la publicit\u00e9<br \/>\n    <\/a><\/p>\n<p>Premi\u00e8re pour Egan-Riley<\/p>\n<p class=\"fig-paragraph\">Deux des recrues du mercato marseillais, le milieu de terrain Angel Gomes et le d\u00e9fenseur Facundo Medina, \u00e9taient \u00e9galement titulaires. L&rsquo;Argentin a d&rsquo;ailleurs \u00e9t\u00e9 le premier buteur du match. Les autres buts ont \u00e9t\u00e9 inscrits par Jonathan Rowe et par Greenwood, auteur d&rsquo;un tripl\u00e9.<\/p>\n<p class=\"fig-paragraph\">La deuxi\u00e8me p\u00e9riode a \u00e9t\u00e9 plus \u00e9quilibr\u00e9e, avec une \u00e9quipe de l&rsquo;OM enti\u00e8rement remani\u00e9e. De Zerbi a en effet fait entrer une autre de ses recrues, le d\u00e9fenseur CJ Egan-Riley, des jeunes comme Robinio Vaz ou Darryl Bakola et des joueurs au statut plus incertain comme Amine Harit, Pol Lirola ou Neal Maupay.<\/p>\n<p class=\"fig-paragraph\">L&rsquo;OM, qui attaquera sa saison 2025-26 par un d\u00e9placement \u00e0 Rennes le 15 ao\u00fbt en ouverture de la Ligue 1, disputera un deuxi\u00e8me match amical d\u00e8s lundi, face \u00e0 l&rsquo;Olympic Charleroi, un club de deuxi\u00e8me division belge.<\/p>\n","protected":false},"excerpt":{"rendered":"Oppos\u00e9 \u00e0 la modeste \u00e9quipe n\u00e9erlandaise d\u2019Excelsior Maasluis (3e division), l\u2019Olympique de Marseille a largement remport\u00e9 son premier&hellip;\n","protected":false},"author":2,"featured_media":262643,"comment_status":"","ping_status":"","sticky":false,"template":"","format":"standard","meta":{"footnotes":""},"categories":[2],"tags":[11,1011,27,4242,12,1176],"class_list":{"0":"post-262642","1":"post","2":"type-post","3":"status-publish","4":"format-standard","5":"has-post-thumbnail","7":"category-actualites","8":"tag-actualites","9":"tag-fr","10":"tag-france","11":"tag-mason-greenwood","12":"tag-news","13":"tag-olympique-de-marseille"},"share_on_mastodon":{"url":"https:\/\/pubeurope.com\/@fr\/114889595495332976","error":""},"_links":{"self":[{"href":"https:\/\/www.europesays.com\/fr\/wp-json\/wp\/v2\/posts\/262642","targetHints":{"allow":["GET"]}}],"collection":[{"href":"https:\/\/www.europesays.com\/fr\/wp-json\/wp\/v2\/posts"}],"about":[{"href":"https:\/\/www.europesays.com\/fr\/wp-json\/wp\/v2\/types\/post"}],"author":[{"embeddable":true,"href":"https:\/\/www.europesays.com\/fr\/wp-json\/wp\/v2\/users\/2"}],"replies":[{"embeddable":true,"href":"https:\/\/www.europesays.com\/fr\/wp-json\/wp\/v2\/comments?post=262642"}],"version-history":[{"count":0,"href":"https:\/\/www.europesays.com\/fr\/wp-json\/wp\/v2\/posts\/262642\/revisions"}],"wp:featuredmedia":[{"embeddable":true,"href":"https:\/\/www.europesays.com\/fr\/wp-json\/wp\/v2\/media\/262643"}],"wp:attachment":[{"href":"https:\/\/www.europesays.com\/fr\/wp-json\/wp\/v2\/media?parent=262642"}],"wp:term":[{"taxonomy":"category","embeddable":true,"href":"https:\/\/www.europesays.com\/fr\/wp-json\/wp\/v2\/categories?post=262642"},{"taxonomy":"post_tag","embeddable":true,"href":"https:\/\/www.europesays.com\/fr\/wp-json\/wp\/v2\/tags?post=262642"}],"curies":[{"name":"wp","href":"https:\/\/api.w.org\/{rel}","templated":true}]}}