{"id":262644,"date":"2025-07-21T05:34:10","date_gmt":"2025-07-21T05:34:10","guid":{"rendered":"https:\/\/www.europesays.com\/fr\/262644\/"},"modified":"2025-07-21T05:34:10","modified_gmt":"2025-07-21T05:34:10","slug":"la-journee-des-oublies-des-vacances","status":"publish","type":"post","link":"https:\/\/www.europesays.com\/fr\/262644\/","title":{"rendered":"\u00ab La journ\u00e9e des oubli\u00e9s des vacances \u00bb"},"content":{"rendered":"\n<p>\u00ab L\u2019id\u00e9e c\u2019est de pouvoir rassembler tous les enfants \u00e0 Paris sur le mercredi 20 ao\u00fbt, et de pouvoir leur faire vivre une journ\u00e9e exceptionnelle, qui va leur permettre de visiter des lieux le matin et l\u2019apr\u00e8s-midi un \u00e9norme concert sur le champ de Mars qui va \u00eatre privatis\u00e9 pour l\u2019occasion \u00bb, nous explique Nicolas Maguin, directeur du Secours Populaire de Saint-Etienne.<\/p>\n<p>Dans la Loire, c\u2019est 80 enfants de 6 \u00e0 12 ans et 20 accompagnateurs qui prendront part \u00e0 cette journ\u00e9e. Ces derniers partiront \u00e0 6 heures du matin pour rentrer aux alentours de 22 heures.<\/p>\n<p>Cette ann\u00e9e a beau \u00eatre particuli\u00e8re, c\u2019est tous les ans que le Secours Populaire met en place des aides pour aider les personnes en difficult\u00e9. Les familles sont accompagn\u00e9es \u00e9conomiquement et en termes d\u2019organisation pour pouvoir organiser leurs p\u00e9riples de la meilleure mani\u00e8re possible.<\/p>\n<p>Dans le d\u00e9partement, c\u2019est 8 salari\u00e9s pour 1000 b\u00e9n\u00e9voles qui viennent en aide \u00e0 18 500 personnes en situation de pr\u00e9carit\u00e9.<\/p>\n","protected":false},"excerpt":{"rendered":"\u00ab L\u2019id\u00e9e c\u2019est de pouvoir rassembler tous les enfants \u00e0 Paris sur le mercredi 20 ao\u00fbt, et de&hellip;\n","protected":false},"author":2,"featured_media":262645,"comment_status":"","ping_status":"","sticky":false,"template":"","format":"standard","meta":{"footnotes":""},"categories":[9653],"tags":[40238,1111,11,3581,2430,1777,674,1011,27,3367,12,25,4001,20784,2528],"class_list":{"0":"post-262644","1":"post","2":"type-post","3":"status-publish","4":"format-standard","5":"has-post-thumbnail","7":"category-saint-etienne","8":"tag-80-ans","9":"tag-actu","10":"tag-actualites","11":"tag-anniversaire","12":"tag-auvergne-rhone-alpes","13":"tag-eu","14":"tag-europe","15":"tag-fr","16":"tag-france","17":"tag-loire","18":"tag-news","19":"tag-republique-francaise","20":"tag-saint-etienne","21":"tag-secours-populaire","22":"tag-vacances"},"share_on_mastodon":{"url":"https:\/\/pubeurope.com\/@fr\/114889599511493672","error":""},"_links":{"self":[{"href":"https:\/\/www.europesays.com\/fr\/wp-json\/wp\/v2\/posts\/262644","targetHints":{"allow":["GET"]}}],"collection":[{"href":"https:\/\/www.europesays.com\/fr\/wp-json\/wp\/v2\/posts"}],"about":[{"href":"https:\/\/www.europesays.com\/fr\/wp-json\/wp\/v2\/types\/post"}],"author":[{"embeddable":true,"href":"https:\/\/www.europesays.com\/fr\/wp-json\/wp\/v2\/users\/2"}],"replies":[{"embeddable":true,"href":"https:\/\/www.europesays.com\/fr\/wp-json\/wp\/v2\/comments?post=262644"}],"version-history":[{"count":0,"href":"https:\/\/www.europesays.com\/fr\/wp-json\/wp\/v2\/posts\/262644\/revisions"}],"wp:featuredmedia":[{"embeddable":true,"href":"https:\/\/www.europesays.com\/fr\/wp-json\/wp\/v2\/media\/262645"}],"wp:attachment":[{"href":"https:\/\/www.europesays.com\/fr\/wp-json\/wp\/v2\/media?parent=262644"}],"wp:term":[{"taxonomy":"category","embeddable":true,"href":"https:\/\/www.europesays.com\/fr\/wp-json\/wp\/v2\/categories?post=262644"},{"taxonomy":"post_tag","embeddable":true,"href":"https:\/\/www.europesays.com\/fr\/wp-json\/wp\/v2\/tags?post=262644"}],"curies":[{"name":"wp","href":"https:\/\/api.w.org\/{rel}","templated":true}]}}