{"id":262648,"date":"2025-07-21T05:38:15","date_gmt":"2025-07-21T05:38:15","guid":{"rendered":"https:\/\/www.europesays.com\/fr\/262648\/"},"modified":"2025-07-21T05:38:15","modified_gmt":"2025-07-21T05:38:15","slug":"voici-les-perturbations-attendues-entre-nancy-et-thionville-a-partir-de-ce-lundi","status":"publish","type":"post","link":"https:\/\/www.europesays.com\/fr\/262648\/","title":{"rendered":"voici les perturbations attendues entre Nancy et Thionville \u00e0 partir de ce lundi"},"content":{"rendered":"<p>            Par<br \/>\n        <strong><br \/>\n            <a href=\"https:\/\/actu.fr\/auteur\/pierre-emile-bouchy-actu-fr\" title=\"Consulter tous les articles de Paul-Emile Bouchy\" target=\"_blank\" rel=\"noopener\">Paul-Emile Bouchy<\/a><br \/>\n        <\/strong><\/p>\n<p>        Publi\u00e9 le<\/p>\n<p>            21 juil. 2025 \u00e0 7h02        <\/p>\n<p>Prenez vos pr\u00e9cautions si vous circulez <strong>entre Nancy et Thionville \u00e0 partir de ce lundi 21 juillet.<\/strong>\u00a0La DIR Est annonce que des <a href=\"https:\/\/actu.fr\/tag\/travaux\" target=\"_blank\" rel=\"noopener\">travaux<\/a> doivent avoir lieu sur deux zones diff\u00e9rentes sur l\u2019<a href=\"https:\/\/actu.fr\/tag\/autoroute-31-a31\" target=\"_blank\" rel=\"noopener\">autoroute A31<\/a>\u2009: sur le <a href=\"https:\/\/actu.fr\/grand-est\/frouard_54215\/travaux-sur-l-a31-entre-nancy-et-metz-des-perturbations-attendues-a-partir-de-lundi_62407590.html\" target=\"_blank\" rel=\"noopener\">viaduc de Frouard<\/a> (Meurthe-et-Moselle) et <strong>\u00e0 hauteur de Maizi\u00e8res-l\u00e8s-Metz<\/strong> (Moselle).<\/p>\n<p class=\" wall-content\">On vous d\u00e9taille les perturbations et l\u2019impact sur la <a href=\"https:\/\/actu.fr\/tag\/circulation\" target=\"_blank\" rel=\"noopener\">circulation<\/a> automobile.<\/p>\n<p>Des bretelles d\u2019autoroute ferm\u00e9es \u00e0 la sortie de Nancy<\/p>\n<p class=\" wall-content\">De mars\u00a02025 jusqu\u2019\u00e0 janvier\u00a02027, des travaux de r\u00e9paration vont avoir lieu sur le viaduc de Frouard. En plus de la <strong>neutralisation des voies de droite<\/strong>, <strong>la bretelle de sortie n\u00b023<\/strong> de Bouxi\u00e8res-aux-Dames dans le sens Nancy-Metz sera <strong>ferm\u00e9e \u00e0 partir du lundi 21 juillet \u00e0 21h jusqu\u2019au mardi 26 ao\u00fbt \u00e0 6h<\/strong>.<\/p>\n<p class=\" wall-content\">Pour poser le balisage n\u00e9cessaire, <strong>les voies de droite et m\u00e9diane seront neutralis\u00e9es<\/strong> et <strong>la bretelle d\u2019entr\u00e9e n\u00b022 du sens Nancy-Metz ferm\u00e9e<\/strong> dans la nuit du lundi\u00a021 au mardi 22\u00a0juillet (21h-6h).<\/p>\n<p class=\" wall-content\">\u00ab\u2009Les usagers circulant sur l\u2019A31 dans le sens Nancy \u2013 Metz souhaitant emprunter la sortie n\u00b023 seront invit\u00e9s \u00e0 poursuivre leur trajet sur l\u2019A31 en direction de Metz jusqu\u2019au diffuseur n\u00b024 o\u00f9 ils feront demi-tour via la RD40e pour reprendre l\u2019A31 en direction de Nancy et retrouver la sortie n\u00b023\u2009\u00bb, pr\u00e9cise la DIR Est.<\/p>\n<p>Vid\u00e9os : en ce moment sur ActuL\u2019A31 coup\u00e9e pendant plusieurs nuits entre Thionville et Metz<\/p>\n<p class=\" wall-content\">L\u2019autre chantier concerne <strong>le r\u00e9seau d\u2019assainissement entre Mondelange et Maizi\u00e8res-les-Metz<\/strong>. Cela engendrera les perturbations suivantes \u00ab\u00a0<strong>\u00e0 compter du lundi 21\u00a0juillet, pour une dur\u00e9e pr\u00e9visionnelle de 8 nuits<\/strong>, puis <strong>\u00e0 compter du 4 ao\u00fbt pour une dur\u00e9e de 3 nuits (21h-5h)\u00a0\u00bb<\/strong>\u2009:<\/p>\n<ul class=\" wall-content\">\n<li><strong>coupure de l\u2019A31 dans le sens Thionville-Metz<\/strong> \u00e0 hauteur de l\u2019\u00e9changeur n\u00b037 de Mondelange<\/li>\n<li><strong>fermeture de la bretelle d\u2019acc\u00e8s \u00e0 Mondelange n\u00b037<\/strong> en direction de Metz<\/li>\n<li><strong>fermeture de la bretelle d\u2019acc\u00e8s \u00e0 Talange n\u00b036<\/strong> en direction de Metz<\/li>\n<\/ul>\n<p class=\" wall-content\">La DIR Est indique qu\u2019une d\u00e9viation sera mise en place \u00ab\u2009via les RD8, RD8b et RD1 en direction d\u2019Ennery jusqu\u2019au carrefour avec le RD52 en direction de l\u2019A31\u2009\u00bb.<\/p>\n<p class=\" wall-content\">Suivez toute l\u2019actualit\u00e9 de vos villes et m\u00e9dias favoris en vous inscrivant \u00e0 <a href=\"https:\/\/moncompte.actu.fr\" title=\"D\u00e9couvez Mon Actu\" rel=\"nofollow noopener\" data-trk=\"{&quot;cta&quot;:{&quot;action&quot;:&quot;https:\\\/\\\/moncompte.actu.fr&quot;,&quot;category&quot;:&quot;mon compte&quot;,&quot;from&quot;:&quot;article footer&quot;,&quot;name&quot;:&quot;Mon actu&quot;,&quot;type&quot;:&quot;cta&quot;}}\" target=\"_blank\">Mon Actu<\/a>.<\/p>\n","protected":false},"excerpt":{"rendered":"Par Paul-Emile Bouchy Publi\u00e9 le 21 juil. 2025 \u00e0 7h02 Prenez vos pr\u00e9cautions si vous circulez entre Nancy&hellip;\n","protected":false},"author":2,"featured_media":262649,"comment_status":"","ping_status":"","sticky":false,"template":"","format":"standard","meta":{"footnotes":""},"categories":[9635],"tags":[1111,11,13404,3542,1777,674,1011,27,775,1702,12,25,104,2086],"class_list":{"0":"post-262648","1":"post","2":"type-post","3":"status-publish","4":"format-standard","5":"has-post-thumbnail","7":"category-nancy","8":"tag-actu","9":"tag-actualites","10":"tag-autoroute-31-a31","11":"tag-circulation","12":"tag-eu","13":"tag-europe","14":"tag-fr","15":"tag-france","16":"tag-grand-est","17":"tag-nancy","18":"tag-news","19":"tag-republique-francaise","20":"tag-societe","21":"tag-travaux"},"share_on_mastodon":{"url":"https:\/\/pubeurope.com\/@fr\/114889615135265825","error":""},"_links":{"self":[{"href":"https:\/\/www.europesays.com\/fr\/wp-json\/wp\/v2\/posts\/262648","targetHints":{"allow":["GET"]}}],"collection":[{"href":"https:\/\/www.europesays.com\/fr\/wp-json\/wp\/v2\/posts"}],"about":[{"href":"https:\/\/www.europesays.com\/fr\/wp-json\/wp\/v2\/types\/post"}],"author":[{"embeddable":true,"href":"https:\/\/www.europesays.com\/fr\/wp-json\/wp\/v2\/users\/2"}],"replies":[{"embeddable":true,"href":"https:\/\/www.europesays.com\/fr\/wp-json\/wp\/v2\/comments?post=262648"}],"version-history":[{"count":0,"href":"https:\/\/www.europesays.com\/fr\/wp-json\/wp\/v2\/posts\/262648\/revisions"}],"wp:featuredmedia":[{"embeddable":true,"href":"https:\/\/www.europesays.com\/fr\/wp-json\/wp\/v2\/media\/262649"}],"wp:attachment":[{"href":"https:\/\/www.europesays.com\/fr\/wp-json\/wp\/v2\/media?parent=262648"}],"wp:term":[{"taxonomy":"category","embeddable":true,"href":"https:\/\/www.europesays.com\/fr\/wp-json\/wp\/v2\/categories?post=262648"},{"taxonomy":"post_tag","embeddable":true,"href":"https:\/\/www.europesays.com\/fr\/wp-json\/wp\/v2\/tags?post=262648"}],"curies":[{"name":"wp","href":"https:\/\/api.w.org\/{rel}","templated":true}]}}