{"id":26265,"date":"2025-04-15T09:35:12","date_gmt":"2025-04-15T09:35:12","guid":{"rendered":"https:\/\/www.europesays.com\/fr\/26265\/"},"modified":"2025-04-15T09:35:12","modified_gmt":"2025-04-15T09:35:12","slug":"mouvement-au-comite-executif-de-howden-france","status":"publish","type":"post","link":"https:\/\/www.europesays.com\/fr\/26265\/","title":{"rendered":"mouvement au comit\u00e9 ex\u00e9cutif de Howden France"},"content":{"rendered":"<p>\n<strong>Howden France <\/strong>pr\u00e9sid\u00e9 par <strong>Nicolas Aubert <\/strong>annonce une \u00e9volution dans l\u2019\u00e9quipe dirigeante.<\/p>\n<p><img decoding=\"async\" alt=\"Eric Demange, DGA dommages Howden France 2025\" src=\"https:\/\/www.europesays.com\/fr\/wp-content\/uploads\/2025\/04\/1744709712_950_placeholder.jpg\" data-original=\"https:\/\/www.argusdelassurance.com\/mediatheque\/1\/5\/4\/000175451_illustration_large.jpg\" style=\"width: 200px; height: 129px; border-width: 5px; border-style: solid; float: left; border-color:white;\"\/>Arriv\u00e9 chez Howden France en  2022, <strong>\u00c9ric Demange <\/strong>est promu en qualit\u00e9 de directeur IARD et directeur g\u00e9n\u00e9ral adjoint au sein du comit\u00e9 ex\u00e9cutif du courtier. Dans son nouveau r\u00f4le, il sera charg\u00e9 de coordonner toutes les activit\u00e9s IARD de Howden France.<\/p>\n<p>Des d\u00e9buts chez Gras Savoye et Aon France<\/p>\n<p>\nDipl\u00f4m\u00e9 d\u2019une maitrise de commerce international de l\u2019Institut du management des risques (IMR) de Bordeaux, le nouveau directeur entame sa carri\u00e8re dans le courtage en 1996 comme charg\u00e9 de comptes construction grandes entreprises chez <strong>Gras Savoye<\/strong>. Il \u00e9volue ensuite chez <strong>Aon France<\/strong> en tant que directeur adjoint du d\u00e9partement entreprises. En 2000, il fonde la start-up <strong>Assurnet Sant\u00e9<\/strong> sp\u00e9cialis\u00e9e dans la compl\u00e9mentaire sant\u00e9 avant d\u2019exercer, deux ans plus tard,  comme directeur IARD chez le courtier <strong>Assinco<\/strong>.<\/p>\n<p>Un parcours dans le grand courtage sur le segment du middle market<\/p>\n<p>\nEn 2004, il est recrut\u00e9 par <strong><a title=\"Actus et news de Marsh France sur L&#039;Argus de l&#039;assurance\" href=\"https:\/\/www.argusdelassurance.com\/marsh-france\/\" rel=\"nofollow noopener\" target=\"\" class=\"lien-contextuel\">Marsh France<\/a> <\/strong>o\u00f9 il \u00e9volue d\u2019abord  en tant que directeur commercial pour l\u2019Ile-de-France sur le segment des TPE-PME avant d\u2019int\u00e9grer, en 2009, le comit\u00e9 ex\u00e9cutif en tant que directeur des divisions entreprises et PME et solutions affinitaires.<\/p>\n<p>\nEn 2015, il rejoint Gras Savoye (devenu <strong>WTW <\/strong>en France) pour y diriger la r\u00e9gion Nord-Ile de France-Centre, fonction \u00e9tendue cinq ans apr\u00e8s \u00e0 celle de codirecteur du d\u00e9partement sales et client management. En 2021 il est promu chez le courtier fran\u00e7ais en tant que directeur affinitaires et march\u00e9s sp\u00e9cialis\u00e9s et directeur commercial France pour les segments PME et ETI.<\/p>\n<p>\u00c9ric Demange a rejoint Howden France en juillet 2022 en qualit\u00e9 de directeur commercial et directeur g\u00e9n\u00e9ral adjoint au sein du comit\u00e9 ex\u00e9cutif.<\/p>\n<p class=\"editoTitleType1 editoTitleType1--lagoon is-uppercase\">S\u00e9lectionn\u00e9 <b>pour vous<\/b><\/p>\n<p><a class=\"editoCardType21__link editoCardType21__containerImage\" href=\"https:\/\/www.argusdelassurance.com\/les-distributeurs\/le-palmares-2025-des-courtiers-millionnaires.235233\" data-xiti-name=\"235233\" rel=\"nofollow noopener\" target=\"_blank\"><br \/>\n<img decoding=\"async\" src=\"https:\/\/www.europesays.com\/fr\/wp-content\/uploads\/2025\/04\/1744709712_950_placeholder.jpg\" data-original=\"\/mediatheque\/4\/9\/3\/000104394_256x170_c.jpg\" alt=\"Le Palmar\u00e8s 2025 des courtiers millionnaires\"\/><br \/>\n<\/a><\/p>\n","protected":false},"excerpt":{"rendered":"Howden France pr\u00e9sid\u00e9 par Nicolas Aubert annonce une \u00e9volution dans l\u2019\u00e9quipe dirigeante. Arriv\u00e9 chez Howden France en 2022,&hellip;\n","protected":false},"author":2,"featured_media":26266,"comment_status":"","ping_status":"","sticky":false,"template":"","format":"standard","meta":{"footnotes":""},"categories":[4],"tags":[11,9348,1011,27,9349,9347,12,9351,9350,25],"class_list":{"0":"post-26265","1":"post","2":"type-post","3":"status-publish","4":"format-standard","5":"has-post-thumbnail","7":"category-france","8":"tag-actualites","9":"tag-courtiers","10":"tag-fr","11":"tag-france","12":"tag-howden-france","13":"tag-les-distributeurs","14":"tag-news","15":"tag-nicolas-aubert","16":"tag-nominations","17":"tag-republique-francaise"},"share_on_mastodon":{"url":"https:\/\/pubeurope.com\/@fr\/114341302957670960","error":""},"_links":{"self":[{"href":"https:\/\/www.europesays.com\/fr\/wp-json\/wp\/v2\/posts\/26265","targetHints":{"allow":["GET"]}}],"collection":[{"href":"https:\/\/www.europesays.com\/fr\/wp-json\/wp\/v2\/posts"}],"about":[{"href":"https:\/\/www.europesays.com\/fr\/wp-json\/wp\/v2\/types\/post"}],"author":[{"embeddable":true,"href":"https:\/\/www.europesays.com\/fr\/wp-json\/wp\/v2\/users\/2"}],"replies":[{"embeddable":true,"href":"https:\/\/www.europesays.com\/fr\/wp-json\/wp\/v2\/comments?post=26265"}],"version-history":[{"count":0,"href":"https:\/\/www.europesays.com\/fr\/wp-json\/wp\/v2\/posts\/26265\/revisions"}],"wp:featuredmedia":[{"embeddable":true,"href":"https:\/\/www.europesays.com\/fr\/wp-json\/wp\/v2\/media\/26266"}],"wp:attachment":[{"href":"https:\/\/www.europesays.com\/fr\/wp-json\/wp\/v2\/media?parent=26265"}],"wp:term":[{"taxonomy":"category","embeddable":true,"href":"https:\/\/www.europesays.com\/fr\/wp-json\/wp\/v2\/categories?post=26265"},{"taxonomy":"post_tag","embeddable":true,"href":"https:\/\/www.europesays.com\/fr\/wp-json\/wp\/v2\/tags?post=26265"}],"curies":[{"name":"wp","href":"https:\/\/api.w.org\/{rel}","templated":true}]}}