{"id":262655,"date":"2025-07-21T05:43:13","date_gmt":"2025-07-21T05:43:13","guid":{"rendered":"https:\/\/www.europesays.com\/fr\/262655\/"},"modified":"2025-07-21T05:43:13","modified_gmt":"2025-07-21T05:43:13","slug":"carte-secteurs-a-eviter-chantiers-ou-sont-les-travaux-a-rouen-cet-ete","status":"publish","type":"post","link":"https:\/\/www.europesays.com\/fr\/262655\/","title":{"rendered":"CARTE. Secteurs \u00e0 \u00e9viter, chantiers&#8230; O\u00f9 sont les travaux \u00e0 Rouen cet \u00e9t\u00e9\u00a0?"},"content":{"rendered":"<p>            Par<br \/>\n        <strong><br \/>\n            <a href=\"https:\/\/actu.fr\/auteur\/yann-rivallan\" title=\"Consulter tous les articles de Yann Rivallan\" target=\"_blank\" rel=\"noopener\">Yann Rivallan<\/a><br \/>\n        <\/strong><\/p>\n<p>        Publi\u00e9 le<\/p>\n<p>            21 juil. 2025 \u00e0 7h02        <\/p>\n<p>C\u2019est l\u2019\u00e9t\u00e9 et comme chaque ann\u00e9e, la M\u00e9tropole et la Ville de <a href=\"https:\/\/actu.fr\/normandie\/rouen_76540\" target=\"_blank\" rel=\"noopener\">Rouen<\/a> profitent de l\u2019occasion pour faire <strong>des travaux sur les routes<\/strong>. Quelles rues vont \u00eatre ferm\u00e9es \u00e0 la circulation\u2009? Quels secteurs sont \u00e0 \u00e9viter\u2009? Quels am\u00e9nagements sont pr\u00e9vus\u2009? On fait le point entre la rive droite et le rive gauche <strong>avec une carte.<\/strong><\/p>\n<p>Sur la rive droite<\/p>\n<p class=\" wall-content\">Les chantiers vont \u00eatre vari\u00e9s sur la rive droite de la ville aux cent clochers. Nicolas Zuili, adjoint au maire en charge des quartiers de la rive droite, r\u00e9capitule\u2009:<\/p>\n<p class=\" wall-content\"><strong>\u2022 Rue de la R\u00e9publique\u2009:<\/strong> jusqu\u2019\u00e0 la fin du mois d\u2019ao\u00fbt, une section d\u2019environ 100\u00a0m\u00e8tres de la rue, entre le quai de Paris et la rue des Augustins, va \u00eatre compl\u00e8tement r\u00e9am\u00e9nag\u00e9e. Il s\u2019agit de travaux en prolongement du chantier men\u00e9 actuellement sur le pont Corneille pour <a href=\"https:\/\/actu.fr\/normandie\/rouen_76540\/reamenagement-du-bas-de-la-rue-de-la-republique-a-rouen-des-travaux-jusqu-a-la-fin-du-mois-d-aout_62899521.html\" target=\"_blank\" rel=\"noopener\">r\u00e9aligner les voies de bus<\/a> et concevoir une nouvelle piste cyclable.<\/p>\n<p class=\" wall-content\"><strong>\u2022 Rue Beauvoisine\u2009:<\/strong> en chantier depuis quelques mois, les travaux de r\u00e9fection de la chauss\u00e9e rue Beauvoisine se poursuivant jusqu\u2019\u00e0 la premi\u00e8re quinzaine d\u2019ao\u00fbt dans la portion entre la rue Lecanuet et le carrefour avec la rue d\u2019\u00c9cosse.<\/p>\n<p>    <a href=\"https:\/\/www.google.fr\/maps\/d\/u\/1\/embed?mid=1bx-_l50KSGjYtBzATr-hmZym0bOM-IU&amp;ehbc=2E312F&amp;noprof=1\" title=\"Ouvrie le lien\" target=\"_blank\" rel=\"noopener\">Cliquez ici pour visualiser le contenu<\/a><\/p>\n<p class=\" wall-content\"><strong>\u2022 Rue Saint-Vivien et place de la Croix-de-Pierre\u2009:<\/strong> jusqu\u2019au d\u00e9but du mois d\u2019ao\u00fbt, les enrob\u00e9s et les trottoirs de la rue Saint-Hilaire vont \u00eatre refaits. Dans son prolongement, la place de la Croix-de-Pierre va \u00e9galement \u00eatre \u00ab\u2009v\u00e9g\u00e9talis\u00e9e\u2009\u00bb, annonce l\u2019adjoint au maire.<\/p>\n<p class=\" wall-content\"><strong>\u2022 Rue Saint-Hilaire\u2009: <\/strong>apr\u00e8s le chantier de la rue Saint-Vivien, la rue Saint-Hilaire va avoir le droit au m\u00eame traitement, entre d\u00e9but ao\u00fbt et jusqu\u2019\u00e0 la mi-ao\u00fbt, environ.<\/p>\n<p class=\" wall-content\"><strong>\u2022 Rue de Constantine\u2009:<\/strong> travaux de r\u00e9fection de la voirie tout au long de l\u2019\u00e9t\u00e9, du 9\u00a0juillet et au 12\u00a0septembre, entre l\u2019\u00e9cole Benjamin-Franklin et l\u2019avenue Pasteur.<\/p>\n<p>Sur la rive gauche<\/p>\n<p class=\" wall-content\">De nombreux et gros chantiers sont \u00e9galement pr\u00e9vus sur la rive gauche, comme le confirme Adrien Naizet, conseiller municipal d\u00e9l\u00e9gu\u00e9 de ce c\u00f4t\u00e9 de la ville.<\/p>\n<p class=\" wall-content\"><strong>\u2022 Cours Clemenceau\u2009: <\/strong>l\u2019important <a href=\"https:\/\/actu.fr\/normandie\/rouen_76540\/cet-amenagement-va-attirer-des-pietons-voici-a-quoi-va-ressembler-le-cours-clemenceau-a-rouen_62579058.html\" target=\"_blank\" rel=\"noopener\">chantier en cours<\/a>, qui inclut la cr\u00e9ation d\u2019une voie pour la future ligne de bus T5 se poursuit. Selon le conseiller d\u00e9l\u00e9gu\u00e9, \u00ab\u2009on approche de la fin\u2009\u00bb. Des perturbations sont toujours \u00e0 pr\u00e9voir avec des d\u00e9viations et des portions de route ferm\u00e9es. Mais le cours devrait progressivement rouvrir avant d\u2019\u00eatre termin\u00e9 \u00e0 la fin du mois de d\u00e9cembre.<\/p>\n<p class=\" wall-content\"><strong>\u2022 Bretelle de sortie du pont Flaubert\u2009:<\/strong> travaux sur le viaduc d\u2019acc\u00e8s sud du Pont Flaubert. En cons\u00e9quence, la bretelle \u00ab\u2009La Peupleraie\u2009\u00bb est ferm\u00e9e du 15\u00a0juillet au 1er\u00a0ao\u00fbt, entre 9h et 16h.<\/p>\n<p class=\" wall-content\"><strong>\u2022 Carrefour entre la rue Louis-Blanc et Blaise-Pascal\u2009: <\/strong>travaux de reprise du carrefour avec extension des trottoirs pour les pi\u00e9tons et renaturation. Ils viennent de d\u00e9marrer et vont durer jusqu\u2019\u00e0 la mi-septembre environ.<\/p>\n<p class=\" wall-content\"><strong>\u2022 Carrefour des rues Dufay, Pinel et Louis-Blanc\u2009:<\/strong> travaux pour installer un plateau sur\u00e9lev\u00e9 et r\u00e9duire la vitesse excessive de certains automobilistes. Les trottoirs vont aussi \u00eatre agrandis et le carrefour sera v\u00e9g\u00e9talis\u00e9. D\u00e9but du chantier \u00e0 la mi-ao\u00fbt et pendant une dur\u00e9e estim\u00e9e de 3\u00a0mois.<\/p>\n<p class=\" wall-content\"><strong>\u2022 Rues Pierre-Semard et Louis-Loisel\u2009:<\/strong> travaux de voirie avec mise en place d\u2019une circulation altern\u00e9e pour les automobilistes. Le chantier devrait durer du 18 au 28\u00a0ao\u00fbt.<\/p>\n<p>Suivez l\u2019actualit\u00e9 de Rouen sur <a href=\"https:\/\/www.whatsapp.com\/channel\/0029VaKfnf99hXF2ddApFB1D\" target=\"_blank\" rel=\"noopener\">notre cha\u00eene WhatsApp<\/a> et sur <a href=\"https:\/\/www.tiktok.com\/@76actu.fr?lang=fr\" target=\"_blank\" rel=\"noopener\">notre compte TikTok<\/a><\/p>\n<p class=\" wall-content\">Suivez toute l\u2019actualit\u00e9 de vos villes et m\u00e9dias favoris en vous inscrivant \u00e0 <a href=\"https:\/\/moncompte.actu.fr\" title=\"D\u00e9couvez Mon Actu\" rel=\"nofollow noopener\" data-trk=\"{&quot;cta&quot;:{&quot;action&quot;:&quot;https:\\\/\\\/moncompte.actu.fr&quot;,&quot;category&quot;:&quot;mon compte&quot;,&quot;from&quot;:&quot;article footer&quot;,&quot;name&quot;:&quot;Mon actu&quot;,&quot;type&quot;:&quot;cta&quot;}}\" target=\"_blank\">Mon Actu<\/a>.<\/p>\n<p>                    <script async src=\"\/\/www.tiktok.com\/embed.js\"><\/script><\/p>\n","protected":false},"excerpt":{"rendered":"Par Yann Rivallan Publi\u00e9 le 21 juil. 2025 \u00e0 7h02 C\u2019est l\u2019\u00e9t\u00e9 et comme chaque ann\u00e9e, la M\u00e9tropole&hellip;\n","protected":false},"author":2,"featured_media":262656,"comment_status":"","ping_status":"","sticky":false,"template":"","format":"standard","meta":{"footnotes":""},"categories":[9587],"tags":[1111,11,1777,674,1011,27,9725,12,5161,5765,25,9590,104,2086],"class_list":{"0":"post-262655","1":"post","2":"type-post","3":"status-publish","4":"format-standard","5":"has-post-thumbnail","7":"category-rouen","8":"tag-actu","9":"tag-actualites","10":"tag-eu","11":"tag-europe","12":"tag-fr","13":"tag-france","14":"tag-metropole-rouen","15":"tag-news","16":"tag-normandie","17":"tag-renovation-urbaine","18":"tag-republique-francaise","19":"tag-rouen","20":"tag-societe","21":"tag-travaux"},"share_on_mastodon":{"url":"https:\/\/pubeurope.com\/@fr\/114889634795790508","error":""},"_links":{"self":[{"href":"https:\/\/www.europesays.com\/fr\/wp-json\/wp\/v2\/posts\/262655","targetHints":{"allow":["GET"]}}],"collection":[{"href":"https:\/\/www.europesays.com\/fr\/wp-json\/wp\/v2\/posts"}],"about":[{"href":"https:\/\/www.europesays.com\/fr\/wp-json\/wp\/v2\/types\/post"}],"author":[{"embeddable":true,"href":"https:\/\/www.europesays.com\/fr\/wp-json\/wp\/v2\/users\/2"}],"replies":[{"embeddable":true,"href":"https:\/\/www.europesays.com\/fr\/wp-json\/wp\/v2\/comments?post=262655"}],"version-history":[{"count":0,"href":"https:\/\/www.europesays.com\/fr\/wp-json\/wp\/v2\/posts\/262655\/revisions"}],"wp:featuredmedia":[{"embeddable":true,"href":"https:\/\/www.europesays.com\/fr\/wp-json\/wp\/v2\/media\/262656"}],"wp:attachment":[{"href":"https:\/\/www.europesays.com\/fr\/wp-json\/wp\/v2\/media?parent=262655"}],"wp:term":[{"taxonomy":"category","embeddable":true,"href":"https:\/\/www.europesays.com\/fr\/wp-json\/wp\/v2\/categories?post=262655"},{"taxonomy":"post_tag","embeddable":true,"href":"https:\/\/www.europesays.com\/fr\/wp-json\/wp\/v2\/tags?post=262655"}],"curies":[{"name":"wp","href":"https:\/\/api.w.org\/{rel}","templated":true}]}}